{"id":570548,"date":"2024-10-30T13:24:22","date_gmt":"2024-10-30T17:24:22","guid":{"rendered":"https:\/\/diariodominicano.com\/?p=570548"},"modified":"2024-10-30T13:24:28","modified_gmt":"2024-10-30T17:24:28","slug":"trump-harris-entre-la-descomposicion-del-capitalismo-y-la-guerra-civil","status":"publish","type":"post","link":"https:\/\/diariodominicano.com\/?p=570548","title":{"rendered":"Trump-Harris: entre la descomposici\u00f3n del capitalismo y la guerra civil"},"content":{"rendered":"\n<p>Por Juan Carlos Espinal.<\/p>\n\n\n\n<p>Todos los que estamos vivos sabemos que independientemente de quien resulte electo presidente de los Estados Unidos, la carrera por la nominaci\u00f3n presidencial est\u00e1 marcada por el fin de la hegemon\u00eda estadounidense.<\/p>\n\n\n\n<p>Sabemos que la descarnada lucha de clases que se manifiesta en el establecimiento pol\u00edtico norteamericano est\u00e1 vinculada al aumento de las desigualdades socioecon\u00f3micas; a la privatizaci\u00f3n de la seguridad social; al aumento de las tensiones sociales generadas por la devaluaci\u00f3n del d\u00f3lar; a la fragmentaci\u00f3n de la seguridad nacional estadounidense en Medio Oriente; al aumento vertiginoso de la extrema pobreza entre negros y blancos; a la ca\u00edda espectacular de la confianza de las clases medias y los trabajadores en el sistema de partidos pol\u00edticos.<\/p>\n\n\n\n<p>La fragmentaci\u00f3n de la sociedad norteamericana tiene mucho que ver con la desaparici\u00f3n del sistema de partidos pol\u00edticos.<\/p>\n\n\n\n<p>El mundo entero sabe que los inquilinos de La Casa Blanca han perdido la guerra comercial frente a China.<\/p>\n\n\n\n<p>Han fracasado en su geopol\u00edtica militar y econ\u00f3mica en Irak; han desprestigiado su pol\u00edtica exterior en Afganist\u00e1n siendo humillados en Ucrania; aislados en Ir\u00e1n; derrotados en Siria; sin credibilidad en Palestina.<\/p>\n\n\n\n<p>Las erraticas posturas de Washington en ONU han visto reducir su influencia global en el contexto de las sanciones a Rusia, a costa de la desindustrializaci\u00f3n en Europa.<\/p>\n\n\n\n<p>La clase dirigente de Am\u00e9rica Latina y el Caribe sabe que la presencia del Comando Sur de EU en Am\u00e9rica Latina y el Caribe, las pol\u00edticas regresivas del FMI en las econom\u00edas locales revierten el desarrollo conviertiendo el hemisferio occidental en un campo de batalla.<\/p>\n\n\n\n<p>Sabemos que en Chile, Argentina, Uruguay, Paraguay, Panam\u00e1, Rep\u00fablica Dominicana y Costa Rica, las sociedades comienzan a levantarse en procura de eliminar la contracci\u00f3n neoliberal.<\/p>\n\n\n\n<p>Que en Colombia, el presidente Gustavo Petro reacciona de forma tard\u00eda dando curso a la concertaci\u00f3n mediante la articulaci\u00f3n de los Di\u00e1logos de Paz, alcanzando acuerdos de gobernabilidad a\u00fan cuando la oposici\u00f3n contin\u00faa boicoteando sus iniciativas.<\/p>\n\n\n\n<p>Con el leg\u00edtimo presidente electo encarcelado, el gobierno de facto de Dina Boluarte en Per\u00fa ordena la represi\u00f3n de cientos de activistas sociales, asesinando opositores.<\/p>\n\n\n\n<p>El Ecuador de Daniel Noboa es un estado fallido penetrado por la para pol\u00edtica y el narco tr\u00e1fico.<\/p>\n\n\n\n<p>En Bolivia, divididos el presidente Luis Arce y Evo Morales, destruyen la lucha revolucionaria del MAS.<\/p>\n\n\n\n<p>En Hait\u00ed, tras el asesinato del presidente Jouvenel Moise, se instal\u00f3 el golpe de estado qu\u00e9 busca mantener a sangre y fuego el gobierno de facto.<\/p>\n\n\n\n<p>Africa, China y Rusia unifican el proceso independentista descolonizando el Continente.<\/p>\n\n\n\n<p>Mientras que, el calentamiento global genera la reducci\u00f3n mundial de la producci\u00f3n de alimentos, creando los primeros niveles de hambruna global cr\u00f3nica jam\u00e1s registrada en los ultimos 20 a\u00f1os, las tasas de desocupaci\u00f3n en Europa se derrumban.<\/p>\n\n\n\n<p>El declive de las pol\u00edticas de bienestar en la galopante inflaci\u00f3n de la Uni\u00f3n Europea motiva a los movimientos sociales de la extrema derecha a irrumpir de nuevo con el nacionalismo separatista que agita la guerra civil.<\/p>\n\n\n\n<p>De Washington continuar aumentando la concentraci\u00f3n de capitales en pocas manos, el 1% m\u00e1s rico de la poblaci\u00f3n estadounidense se quedar\u00e1 con las rentas b\u00e1sicas del 99% de los trabajadores.<\/p>\n\n\n\n<p>La Reserva Federal de los Estados Unidos ha comenzado a lanzar d\u00f3lares inorg\u00e1nicos al mercado sin ning\u00fan sost\u00e9n al tiempo que China, Rusia, India, Sud\u00e1frica contin\u00faan almacenado oro en las bodegas de sus bancos centrales.<\/p>\n\n\n\n<p>Los BRICS anuncian el fin del uso del d\u00f3lar estadounidense en sus operaciones burs\u00e1tiles.<\/p>\n\n\n\n<p>La pol\u00edtica dom\u00e9stica estadounidense se h\u2026<\/p>\n","protected":false},"excerpt":{"rendered":"<p>Por Juan Carlos Espinal. Todos los que estamos vivos sabemos que independientemente de quien resulte electo presidente de los Estados Unidos, la carrera por la nominaci\u00f3n presidencial est\u00e1 marcada por el fin de la hegemon\u00eda estadounidense. Sabemos que la descarnada lucha de clases que se manifiesta en el establecimiento pol\u00edtico norteamericano est\u00e1 vinculada al aumento [&hellip;]<\/p>\n","protected":false},"author":7,"featured_media":521400,"comment_status":"closed","ping_status":"closed","sticky":false,"template":"","format":"standard","meta":{"footnotes":""},"categories":[16],"tags":[366],"class_list":["post-570548","post","type-post","status-publish","format-standard","has-post-thumbnail","hentry","category-opiniones","tag-juan-carlos-espinal"],"_links":{"self":[{"href":"https:\/\/diariodominicano.com\/index.php?rest_route=\/wp\/v2\/posts\/570548","targetHints":{"allow":["GET"]}}],"collection":[{"href":"https:\/\/diariodominicano.com\/index.php?rest_route=\/wp\/v2\/posts"}],"about":[{"href":"https:\/\/diariodominicano.com\/index.php?rest_route=\/wp\/v2\/types\/post"}],"author":[{"embeddable":true,"href":"https:\/\/diariodominicano.com\/index.php?rest_route=\/wp\/v2\/users\/7"}],"replies":[{"embeddable":true,"href":"https:\/\/diariodominicano.com\/index.php?rest_route=%2Fwp%2Fv2%2Fcomments&post=570548"}],"version-history":[{"count":2,"href":"https:\/\/diariodominicano.com\/index.php?rest_route=\/wp\/v2\/posts\/570548\/revisions"}],"predecessor-version":[{"id":570590,"href":"https:\/\/diariodominicano.com\/index.php?rest_route=\/wp\/v2\/posts\/570548\/revisions\/570590"}],"wp:featuredmedia":[{"embeddable":true,"href":"https:\/\/diariodominicano.com\/index.php?rest_route=\/wp\/v2\/media\/521400"}],"wp:attachment":[{"href":"https:\/\/diariodominicano.com\/index.php?rest_route=%2Fwp%2Fv2%2Fmedia&parent=570548"}],"wp:term":[{"taxonomy":"category","embeddable":true,"href":"https:\/\/diariodominicano.com\/index.php?rest_route=%2Fwp%2Fv2%2Fcategories&post=570548"},{"taxonomy":"post_tag","embeddable":true,"href":"https:\/\/diariodominicano.com\/index.php?rest_route=%2Fwp%2Fv2%2Ftags&post=570548"}],"curies":[{"name":"wp","href":"https:\/\/api.w.org\/{rel}","templated":true}]}}