{"id":570505,"date":"2024-10-30T10:35:23","date_gmt":"2024-10-30T14:35:23","guid":{"rendered":"https:\/\/diariodominicano.com\/?p=570505"},"modified":"2024-10-30T10:35:31","modified_gmt":"2024-10-30T14:35:31","slug":"alertan-contra-la-difusion-de-noticias-falsas-relacionadas-con-inundaciones-provocadas-por-dana","status":"publish","type":"post","link":"https:\/\/diariodominicano.com\/?p=570505","title":{"rendered":"Alertan contra la difusi\u00f3n de noticias falsas relacionadas con inundaciones provocadas por Dana"},"content":{"rendered":"\n<p>diariodominicano.com<\/p>\n\n\n\n<p>Val\u00e8ncia, 30 octubre 2024(EFE).- Las autoridades valencianas han alertado de los bulos que se est\u00e1n propagando sobre la situaci\u00f3n de la provincia de Valencia tras las inundaciones, que han generado problemas en la coordinaci\u00f3n e incluso han \u201cinterrumpido notablemente\u201d la labor de los equipos de emergencias.<\/p>\n\n\n\n<p>El presidente de la Generalitat valenciana, Carlos Maz\u00f3n, ha se\u00f1alado este mi\u00e9rcoles en una nueva comparecencia ante los medios de comunicaci\u00f3n que los bulos son \u201cun nuevo enemigo\u201d para la gesti\u00f3n de esta cat\u00e1strofe, porque dificultan las labores de comunicaci\u00f3n con la ciudadan\u00eda y el trabajo de los propios medios de emergencias.<\/p>\n\n\n\n<p>\u201cNo hay ning\u00fan municipio que se haya dado la orden de evacuar\u201d -como se ha dicho sobre Sedav\u00ed, Paiporta, Benet\u00fasser y Alfafar-, ni hay \u201cprevisi\u00f3n de desbordamiento\u201d ni de avenidas de agua que puedan afectar a nuevos municipios, ni \u201cse ha ca\u00eddo\u201d el 112, ha aseverado el presidente.<\/p>\n\n\n<div class=\"wp-block-image\">\n<figure class=\"alignleft size-full is-resized\"><img loading=\"lazy\" decoding=\"async\" width=\"670\" height=\"377\" src=\"https:\/\/diariodominicano.com\/wp-content\/uploads\/2024\/10\/Valencia-carros-inundados-dama30-10-24.jpg\" alt=\"\" class=\"wp-image-570508\" style=\"width:335px;height:auto\" srcset=\"https:\/\/diariodominicano.com\/wp-content\/uploads\/2024\/10\/Valencia-carros-inundados-dama30-10-24.jpg 670w, https:\/\/diariodominicano.com\/wp-content\/uploads\/2024\/10\/Valencia-carros-inundados-dama30-10-24-300x169.jpg 300w\" sizes=\"auto, (max-width: 670px) 100vw, 670px\" \/><\/figure>\n<\/div>\n\n\n<p>Maz\u00f3n ha explicado que la falta de potencia en las l\u00edneas telef\u00f3nicas est\u00e1 generando que tanto en el 112 como en el tel\u00e9fono habilitado para atender a los familiares de personas desaparecidas en las inundaciones comuniquen muchas veces, ya que se est\u00e1n atendiendo \u201cmiles de llamadas\u201d, y algunas son \u201cmuy largas\u201d.<\/p>\n\n\n\n<p>Tambi\u00e9n ha dicho que el 112 lleva atendidas m\u00e1s de 30.000 llamadas, pero solo con la mitad de sus l\u00edneas debido a la afecci\u00f3n del temporal a las l\u00edneas telef\u00f3nicas, y ha indicado que la cifra provisional de v\u00edctimas mortales se mantiene de momento en 62.<\/p>\n\n\n\n<h2 class=\"wp-block-heading\" id=\"h-problemas-de-coordinacion-y-orden-publico\">Problemas de coordinaci\u00f3n y orden p\u00fablico<\/h2>\n\n\n\n<p>Por su parte, el inspector jefe del Consorcio Provincial de Bomberos, Jos\u00e9 Miguel Basset, ha explicado que los bulos que se est\u00e1n propagando y que hablan de evacuaciones, desbordamientos y rotura de presas han provocado \u201cserios problemas\u201d e incluso \u201cde orden p\u00fablico\u201d.<\/p>\n\n\n\n<p>\u201cHan interrumpido notablemente la labor de los equipos de emergencias\u201d, ha lamentado Basset, quien ha alertado de que la situaci\u00f3n es \u201ctodav\u00eda muy compleja, con muchas personas atrapadas\u201d que no han recibido ayuda todav\u00eda, y si no se cortan estos bulos llevan al \u201ccaos\u201d, por lo que ha pedido hacer caso solo de los medios oficiales.<\/p>\n\n\n\n<p>Ha explicado que se han reforzado los helic\u00f3pteros de rescate con tres medios venidos de otras comunidades y unas 200 personas conforman el operativo terrestre que espera poder actuar en breve por tierra \u201cy ser bastante m\u00e1s contundentes\u201d.<\/p>\n\n\n\n<p>Las cuatro grandes zonas de trabajo en las que se est\u00e1 actuando son Requena-Utiel, la autov\u00eda A-3 a la altura del pol\u00edgono de La Reva, L\u2019Horta Sud y las comarcas de La Ribera, y una vez se tenga el mapa con el alcance real de los da\u00f1os se podr\u00e1 actuar de forma \u201cm\u00e1s centralizada\u201d.<\/p>\n\n\n\n<h2 class=\"wp-block-heading\" id=\"h-refuerzo-de-medios\">Refuerzo de medios<\/h2>\n\n\n\n<p>Por su parte, la delegada del Gobierno en la Comunidad Valenciana, Pilar Bernab\u00e9, ha detallado los refuerzos que est\u00e1 activando el Gobierno de Espa\u00f1a para atender\u00a0<a href=\"https:\/\/efe.com\/noticias\/dana\/\">esta emergencia<\/a>, de manera que ya hay movilizados 1.000 miembros de la Unidad Militar de Emergencias (UME) en las zonas afectadas, con m\u00e1s de 200 medios materiales.<\/p>\n\n\n\n<p>Adem\u00e1s, ha indicado que la Guardia Civil ha movilizado 750 agentes en la provincia de Valencia, a los que se suman otros 1.700 que han llegado de otras provincias para colaborar, y que a partir de ma\u00f1ana especialistas forenses y expertos cient\u00edficos van a trabajar de forma coordinada con los responsables del Instituto de Medicina Legal de la Generalitat en la identificaci\u00f3n de v\u00edctimas.<\/p>\n\n\n\n<p>Se van a reforzar tambi\u00e9n los medios a\u00e9reos, ante la complejidad de acceder a muchos municipios afectados, ha indicado Bernab\u00e9, quien ha afirmado que son consientes de que hay muchas zonas donde no hay cobertura de tel\u00e9fono ni energ\u00eda el\u00e9ctrica, lo que genera angustia e inseguridad a los familiares que no pueden contactar.<\/p>\n","protected":false},"excerpt":{"rendered":"<p>diariodominicano.com Val\u00e8ncia, 30 octubre 2024(EFE).- Las autoridades valencianas han alertado de los bulos que se est\u00e1n propagando sobre la situaci\u00f3n de la provincia de Valencia tras las inundaciones, que han generado problemas en la coordinaci\u00f3n e incluso han \u201cinterrumpido notablemente\u201d la labor de los equipos de emergencias. El presidente de la Generalitat valenciana, Carlos Maz\u00f3n, [&hellip;]<\/p>\n","protected":false},"author":5,"featured_media":570507,"comment_status":"closed","ping_status":"closed","sticky":true,"template":"","format":"standard","meta":{"footnotes":""},"categories":[23,27],"tags":[],"class_list":["post-570505","post","type-post","status-publish","format-standard","has-post-thumbnail","hentry","category-internacional","category-portada"],"_links":{"self":[{"href":"https:\/\/diariodominicano.com\/index.php?rest_route=\/wp\/v2\/posts\/570505","targetHints":{"allow":["GET"]}}],"collection":[{"href":"https:\/\/diariodominicano.com\/index.php?rest_route=\/wp\/v2\/posts"}],"about":[{"href":"https:\/\/diariodominicano.com\/index.php?rest_route=\/wp\/v2\/types\/post"}],"author":[{"embeddable":true,"href":"https:\/\/diariodominicano.com\/index.php?rest_route=\/wp\/v2\/users\/5"}],"replies":[{"embeddable":true,"href":"https:\/\/diariodominicano.com\/index.php?rest_route=%2Fwp%2Fv2%2Fcomments&post=570505"}],"version-history":[{"count":1,"href":"https:\/\/diariodominicano.com\/index.php?rest_route=\/wp\/v2\/posts\/570505\/revisions"}],"predecessor-version":[{"id":570509,"href":"https:\/\/diariodominicano.com\/index.php?rest_route=\/wp\/v2\/posts\/570505\/revisions\/570509"}],"wp:featuredmedia":[{"embeddable":true,"href":"https:\/\/diariodominicano.com\/index.php?rest_route=\/wp\/v2\/media\/570507"}],"wp:attachment":[{"href":"https:\/\/diariodominicano.com\/index.php?rest_route=%2Fwp%2Fv2%2Fmedia&parent=570505"}],"wp:term":[{"taxonomy":"category","embeddable":true,"href":"https:\/\/diariodominicano.com\/index.php?rest_route=%2Fwp%2Fv2%2Fcategories&post=570505"},{"taxonomy":"post_tag","embeddable":true,"href":"https:\/\/diariodominicano.com\/index.php?rest_route=%2Fwp%2Fv2%2Ftags&post=570505"}],"curies":[{"name":"wp","href":"https:\/\/api.w.org\/{rel}","templated":true}]}}