{"id":570470,"date":"2024-10-30T09:17:23","date_gmt":"2024-10-30T13:17:23","guid":{"rendered":"https:\/\/diariodominicano.com\/?p=570470"},"modified":"2024-10-30T09:24:28","modified_gmt":"2024-10-30T13:24:28","slug":"iran-protesta-por-postura-intervencionista-de-funcionarios-alemanes","status":"publish","type":"post","link":"https:\/\/diariodominicano.com\/?p=570470","title":{"rendered":"Ir\u00e1n protesta por postura intervencionista de funcionarios alemanes"},"content":{"rendered":"\n<p>diariodominicano.com<\/p>\n\n\n\n<p>TEHER\u00c1N, 30 oct (Xinhua) &#8212; El Ministerio de Asuntos Exteriores iran\u00ed convoc\u00f3 el martes al embajador de Alemania, Markus Potzel, por la postura \u00abintervencionista\u00bb adoptada por algunos funcionarios alemanes, que cuestionaron la competencia judicial de Ir\u00e1n. Durante sus conversaciones con el enviado, Majid Nili Ahmadabadi, director general para Europa Occidental del Ministerio de Asuntos Exteriores de Ir\u00e1n, present\u00f3 una protesta contra las posturas \u00abinapropiadas\u00bb de los funcionarios alemanes hacia la ejecuci\u00f3n del ciudadano iran\u00ed-alem\u00e1n Jamshid Sharmahd, que era el cabecilla del grupo Tondar (Trueno), designado como entidad terrorista por Ir\u00e1n. Afirm\u00f3 que apoyar a Sharmahd, \u00abresponsable de varias operaciones terroristas, entre ellas un atentado mort\u00edfero en la ciudad meridional iran\u00ed de Shiraz en 2008\u00bb, se contradice con las afirmaciones del Gobierno alem\u00e1n de promover el Estado de derecho, apoyar los derechos humanos y luchar contra el terrorismo. Todo el mundo es igual ante la ley, y tener pasaporte de un tercer pa\u00eds no es pretexto ni permiso para excluir a un nacional de la aplicaci\u00f3n de la ley de ese pa\u00eds, afirm\u00f3 Ahmadabadi. En un post en la red social X el lunes, la ministra alemana de Asuntos Exteriores, Annalena Baerbock, conden\u00f3 la ejecuci\u00f3n, que dijo \u00abtendr\u00e1 graves consecuencias\u00bb.<\/p>\n\n\n\n<figure class=\"wp-block-image size-full\"><img loading=\"lazy\" decoding=\"async\" width=\"670\" height=\"377\" src=\"https:\/\/diariodominicano.com\/wp-content\/uploads\/2024\/10\/Iran-30-10-24.jpg\" alt=\"\" class=\"wp-image-570473\" srcset=\"https:\/\/diariodominicano.com\/wp-content\/uploads\/2024\/10\/Iran-30-10-24.jpg 670w, https:\/\/diariodominicano.com\/wp-content\/uploads\/2024\/10\/Iran-30-10-24-300x169.jpg 300w\" sizes=\"auto, (max-width: 670px) 100vw, 670px\" \/><\/figure>\n","protected":false},"excerpt":{"rendered":"<p>diariodominicano.com TEHER\u00c1N, 30 oct (Xinhua) &#8212; El Ministerio de Asuntos Exteriores iran\u00ed convoc\u00f3 el martes al embajador de Alemania, Markus Potzel, por la postura \u00abintervencionista\u00bb adoptada por algunos funcionarios alemanes, que cuestionaron la competencia judicial de Ir\u00e1n. Durante sus conversaciones con el enviado, Majid Nili Ahmadabadi, director general para Europa Occidental del Ministerio de Asuntos [&hellip;]<\/p>\n","protected":false},"author":5,"featured_media":570471,"comment_status":"closed","ping_status":"closed","sticky":true,"template":"","format":"standard","meta":{"footnotes":""},"categories":[23,27],"tags":[],"class_list":["post-570470","post","type-post","status-publish","format-standard","has-post-thumbnail","hentry","category-internacional","category-portada"],"_links":{"self":[{"href":"https:\/\/diariodominicano.com\/index.php?rest_route=\/wp\/v2\/posts\/570470","targetHints":{"allow":["GET"]}}],"collection":[{"href":"https:\/\/diariodominicano.com\/index.php?rest_route=\/wp\/v2\/posts"}],"about":[{"href":"https:\/\/diariodominicano.com\/index.php?rest_route=\/wp\/v2\/types\/post"}],"author":[{"embeddable":true,"href":"https:\/\/diariodominicano.com\/index.php?rest_route=\/wp\/v2\/users\/5"}],"replies":[{"embeddable":true,"href":"https:\/\/diariodominicano.com\/index.php?rest_route=%2Fwp%2Fv2%2Fcomments&post=570470"}],"version-history":[{"count":2,"href":"https:\/\/diariodominicano.com\/index.php?rest_route=\/wp\/v2\/posts\/570470\/revisions"}],"predecessor-version":[{"id":570474,"href":"https:\/\/diariodominicano.com\/index.php?rest_route=\/wp\/v2\/posts\/570470\/revisions\/570474"}],"wp:featuredmedia":[{"embeddable":true,"href":"https:\/\/diariodominicano.com\/index.php?rest_route=\/wp\/v2\/media\/570471"}],"wp:attachment":[{"href":"https:\/\/diariodominicano.com\/index.php?rest_route=%2Fwp%2Fv2%2Fmedia&parent=570470"}],"wp:term":[{"taxonomy":"category","embeddable":true,"href":"https:\/\/diariodominicano.com\/index.php?rest_route=%2Fwp%2Fv2%2Fcategories&post=570470"},{"taxonomy":"post_tag","embeddable":true,"href":"https:\/\/diariodominicano.com\/index.php?rest_route=%2Fwp%2Fv2%2Ftags&post=570470"}],"curies":[{"name":"wp","href":"https:\/\/api.w.org\/{rel}","templated":true}]}}