{"id":570446,"date":"2024-10-30T08:44:28","date_gmt":"2024-10-30T12:44:28","guid":{"rendered":"https:\/\/diariodominicano.com\/?p=570446"},"modified":"2024-10-30T08:44:39","modified_gmt":"2024-10-30T12:44:39","slug":"se-eleva-a-63-cifra-de-muertos-en-espana-por-dana","status":"publish","type":"post","link":"https:\/\/diariodominicano.com\/?p=570446","title":{"rendered":"Se eleva a 63 cifra de muertos en Espa\u00f1a por DANA"},"content":{"rendered":"\n<p>diariodominicano.com<\/p>\n\n\n\n<p>Madrid, 30 oct (Prensa Latina) La cifra de fallecidos por la DANA en Espa\u00f1a ascendi\u00f3 a 63, uno de Cuenca y el resto en la provincia de Valencia, dijeron hoy fuentes oficiales.<\/p>\n\n\n\n<p>Seg\u00fan los servicios de emergencias nacionales, la Depresi\u00f3n Aislada en Niveles Altos (DANA) afecta<\/p>\n\n\n\n<p>principalmente a la Comunidad Valenciana y Castilla La Mancha, aunque se prev\u00e9n incidencias en Catalu\u00f1a y Andaluc\u00eda.<\/p>\n\n\n\n<p>La Agencia Estatal de Meteorolog\u00eda (Aemet) coment\u00f3 que esta DANA, fen\u00f3meno atmosf\u00e9rico conocido tambi\u00e9n como la gota fr\u00eda, es la m\u00e1s adversa de lo que va de siglo en la Comunidad Valenciana.<\/p>\n\n\n\n<p>Su impacto supera a la DANA de septiembre de 2019 y a la altura de los dos grandes temporales de los a\u00f1os 80, el de octubre de 1982, la \u201cpantanada de Tous\u201d, que dej\u00f3 al menos 30 muertos; y el de noviembre de 1987, con cuatro muertes.<\/p>\n\n\n\n<p>Las fuentes indicaron que se encuentran en paradero desconocido seis personas de Letur (Albacete) y otras varias en Valencia.<\/p>\n\n\n\n<p>El presidente del Gobierno de Espa\u00f1a, Pedro S\u00e1nchez, dijo en una alocuci\u00f3n nacional, que su administraci\u00f3n pondr\u00e1 \u2018todos los medios necesarios el tiempo que haga falta\u2019 para los afectados por el temporal.<\/p>\n\n\n\n<p>\u2018Espa\u00f1a entera llora, vamos a poner todos los medios necesarios el tiempo que haga falta para que podamos recuperarnos de esta tragedia, no os vamos a dejar solos\u2019, recalc\u00f3 S\u00e1nchez desde el Palacio de la Moncloa.<\/p>\n\n\n\n<p>Precis\u00f3 que se brindar\u00e1 asistencia a los afectados, con todos los recursos disponibles del Estado y si fuera necesario, de la Uni\u00f3n Europea,<\/p>\n\n\n\n<p>para que las v\u00edctimas puedan reconstruir sus vidas.<\/p>\n\n\n\n<p>\u2018A los pueblos y ciudades hoy destrozados por esta tragedia les digo lo mismo. Unidos vamos a reconstruir vuestras calles, vuestras plazas, vuestros puentes y Espa\u00f1a entera est\u00e1 y estar\u00e1 con vosotros\u2019, a\u00f1adi\u00f3 S\u00e1nchez.<\/p>\n\n\n\n<p>Intensas lluvias, que dejaron hasta 300 litros de agua en la Comunidad Valenciana, provocaron el desastre en esa regi\u00f3n costera del Mediterr\u00e1neo, con severos desbordamientos de los r\u00edos e inundaciones.<\/p>\n\n\n\n<p>Ayer, Rub\u00e9n del Campo, portavoz de la Agencia Estatal de Meteorolog\u00eda (Aemet), advirti\u00f3 que se trataba de un d\u00eda particularmente adverso y peligroso, pero aparentemente los avisos de alerta roja llegaron tard\u00edamente en la regi\u00f3n de Valencia.<\/p>\n\n\n\n<p>La DANA trajo lluvias torrenciales que marcaron la jornada en Madrid, pero con niveles superiores a los 180 litros en 12 horas en zonas de Valencia y M\u00e1laga.<\/p>\n\n\n\n<p>El arco del Mediterr\u00e1neo fue el m\u00e1s afectado, aunque tambi\u00e9n se registraron precipitaciones y fuertes rachas de viento en el centro, sur y parte del norte del pa\u00eds ib\u00e9rico.<\/p>\n\n\n\n<p>Muchas zonas de la Comunidad Valenciana siguen aisladas e incomunicadas, con numerosas carreteras cortadas y operaciones de rescates con el empleo de helic\u00f3pteros.<\/p>\n\n\n\n<p>Todav\u00eda la gota fr\u00eda pudiera afectar m\u00e1s a Valencia este mi\u00e9rcoles y tambi\u00e9n a Andaluc\u00eda y Catalu\u00f1a, pero con menor intensidad.<\/p>\n\n\n\n<p>mem\/ft<\/p>\n","protected":false},"excerpt":{"rendered":"<p>diariodominicano.com Madrid, 30 oct (Prensa Latina) La cifra de fallecidos por la DANA en Espa\u00f1a ascendi\u00f3 a 63, uno de Cuenca y el resto en la provincia de Valencia, dijeron hoy fuentes oficiales. Seg\u00fan los servicios de emergencias nacionales, la Depresi\u00f3n Aislada en Niveles Altos (DANA) afecta principalmente a la Comunidad Valenciana y Castilla La [&hellip;]<\/p>\n","protected":false},"author":5,"featured_media":570455,"comment_status":"closed","ping_status":"closed","sticky":true,"template":"","format":"standard","meta":{"footnotes":""},"categories":[23,27],"tags":[],"class_list":["post-570446","post","type-post","status-publish","format-standard","has-post-thumbnail","hentry","category-internacional","category-portada"],"_links":{"self":[{"href":"https:\/\/diariodominicano.com\/index.php?rest_route=\/wp\/v2\/posts\/570446","targetHints":{"allow":["GET"]}}],"collection":[{"href":"https:\/\/diariodominicano.com\/index.php?rest_route=\/wp\/v2\/posts"}],"about":[{"href":"https:\/\/diariodominicano.com\/index.php?rest_route=\/wp\/v2\/types\/post"}],"author":[{"embeddable":true,"href":"https:\/\/diariodominicano.com\/index.php?rest_route=\/wp\/v2\/users\/5"}],"replies":[{"embeddable":true,"href":"https:\/\/diariodominicano.com\/index.php?rest_route=%2Fwp%2Fv2%2Fcomments&post=570446"}],"version-history":[{"count":1,"href":"https:\/\/diariodominicano.com\/index.php?rest_route=\/wp\/v2\/posts\/570446\/revisions"}],"predecessor-version":[{"id":570456,"href":"https:\/\/diariodominicano.com\/index.php?rest_route=\/wp\/v2\/posts\/570446\/revisions\/570456"}],"wp:featuredmedia":[{"embeddable":true,"href":"https:\/\/diariodominicano.com\/index.php?rest_route=\/wp\/v2\/media\/570455"}],"wp:attachment":[{"href":"https:\/\/diariodominicano.com\/index.php?rest_route=%2Fwp%2Fv2%2Fmedia&parent=570446"}],"wp:term":[{"taxonomy":"category","embeddable":true,"href":"https:\/\/diariodominicano.com\/index.php?rest_route=%2Fwp%2Fv2%2Fcategories&post=570446"},{"taxonomy":"post_tag","embeddable":true,"href":"https:\/\/diariodominicano.com\/index.php?rest_route=%2Fwp%2Fv2%2Ftags&post=570446"}],"curies":[{"name":"wp","href":"https:\/\/api.w.org\/{rel}","templated":true}]}}