{"id":570443,"date":"2024-10-30T08:33:57","date_gmt":"2024-10-30T12:33:57","guid":{"rendered":"https:\/\/diariodominicano.com\/?p=570443"},"modified":"2024-10-30T08:34:06","modified_gmt":"2024-10-30T12:34:06","slug":"asociacion-de-bodegueros-unidos-de-america-celebra-5ta-gala-anual-y-reconoce-personalidades","status":"publish","type":"post","link":"https:\/\/diariodominicano.com\/?p=570443","title":{"rendered":"Asociaci\u00f3n de Bodegueros Unidos de Am\u00e9rica celebra 5ta Gala Anual y reconoce personalidades"},"content":{"rendered":"\n<p><strong>Por Ram\u00f3n Mercedes<\/strong><strong>&nbsp;<\/strong><\/p>\n\n\n\n<p><strong>NUEVA YORK.-<\/strong>&nbsp;La Asociaci\u00f3n de Bodegueros Unidos de Am\u00e9rica (UBA), que preside Radham\u00e9s Rodr\u00edguez, celebr\u00f3 su 5ta Gala Anual con la asistencia de cientos de neoyorkinos, representando decenas de instituciones.&nbsp;&nbsp;&nbsp;<\/p>\n\n\n\n<p>Durante su discurso, expres\u00f3 \u201ceste evento marca un momento especial para nuestra comunidad por los logros alcanzados en los \u00faltimos seis a\u00f1os\u201d.<\/p>\n\n\n\n<p>\u201cEste a\u00f1o hemos conseguido avances significativos, como la inclusi\u00f3n en el proyecto de seguridad para la instalaci\u00f3n de c\u00e1maras y botones de p\u00e1nico en nuestras bodegas, gracias al apoyo del congresista Adriano Espaillat y a la donaci\u00f3n de SAFERWATCH\u201d.<\/p>\n\n\n\n<p>\u201cHemos logrado la autorizaci\u00f3n para aceptar las tarjetas OTC, hemos firmado importantes acuerdos con bancos, promotores y otras instituciones, lo que reafirma nuestro crecimiento\u201d, precis\u00f3.<\/p>\n\n\n\n<p>Asimismo, \u201cel reconocimiento del 25 de junio como el \u201cD\u00eda del Bodeguero\u201d por el estado de NY, un testimonio de nuestra importancia en esta ciudad\u201d.<\/p>\n\n\n\n<p>A la mexicana Oralia Abad, 41 a\u00f1os, que fuera recientemente herida a martillazos en una bodega en El Bronx, y a la madre del trabajador Naxim Berry, asesinado en una bodega; a una se le entreg\u00f3 un cheque de US$500 y a la otra empleo en una bodega del presidente de UBA.<\/p>\n\n\n\n<p>El empresario Rodr\u00edguez invit\u00f3 a otros comerciantes sin afiliaci\u00f3n gremial a unirse a UBA \u201cpara que sus negocios sean rentables y garanticen sostenibilidad a largo plazo\u201d.<\/p>\n\n\n\n<p>\u201cLo que antes parec\u00eda un sue\u00f1o hoy es una realidad, nuestra unidad nos ha dado la voz y el respeto que merecemos, sigamos adelante con la misma determinaci\u00f3n, porque \u201cunidos somos m\u00e1s\u201d.<\/p>\n\n\n\n<p>A la actividad, celebrada la noche del pasado domingo en el prestigioso lugar Marina del Rey, en El Bronx, asistieron la gobernadora Kathy Hochul, el alcalde de NYC, Eric Adams; los asamble\u00edstas George \u00c1lvarez (D-78), Amanda S\u00e9ptimo (D-84); Yudelka Tapia (D-86).&nbsp;<\/p>\n\n\n\n<p>Asimismo, Guillermo Linares, presidente de la Corporaci\u00f3n de Servicios de Educaci\u00f3n Superior del estado de NY (HESC); Vanessa Gibson, presidenta del condado de El Bronx, empresarios, bodegueros, profesionales, comunitarios, deportistas, religiosos y representantes de diversos partidos pol\u00edticos dominicanos, entre otros sectores.<\/p>\n\n\n\n<p>Por su parte, la gobernadora se\u00f1al\u00f3: \u201cDebo estar aqu\u00ed como la gobernadora que representa a un mill\u00f3n de puertorrique\u00f1os y a un mill\u00f3n de dominicanos, y decir que nos mantenemos unidos y denunciamos ese odio vil arrojado contra nuestros amigos, nuestros vecinos y, de hecho, en cada ciudadano estadounidense\u201d.<\/p>\n\n\n\n<p>\u201cSiempre estar\u00e9 ah\u00ed para ti (Radham\u00e9s) porque has estado ah\u00ed para todos los neoyorquinos, trabajando duro para construir en barrios en los que a veces es dif\u00edcil trabajar, pero nunca te das por vencido, te admiro. Le saludo, siempre le defender\u00e9 y proteger\u00e9. Muchas gracias por hacer de NYC y el estado un lugar incre\u00edble para vivir, criar una familia y tener un negocio\u201d.<\/p>\n\n\n\n<p>En el evento fueron reconocidos Rafael Toro, director de relaciones p\u00fablicas de Goya Foods Inc.; Endy Isabel Maceo, Inocencio Rodr\u00edguez, Jos\u00e9 Tejeda, Jos\u00e9 N\u00fa\u00f1ez y Francisco Garc\u00eda, entre otros.<\/p>\n\n\n\n<p>Ram\u00f3n Orlando ameniz\u00f3 la actividad bailable, hubo un variado buffet, bebidas alcoh\u00f3licas y gaseosas de diferentes marcas y sabores.<\/p>\n","protected":false},"excerpt":{"rendered":"<p>Por Ram\u00f3n Mercedes&nbsp; NUEVA YORK.-&nbsp;La Asociaci\u00f3n de Bodegueros Unidos de Am\u00e9rica (UBA), que preside Radham\u00e9s Rodr\u00edguez, celebr\u00f3 su 5ta Gala Anual con la asistencia de cientos de neoyorkinos, representando decenas de instituciones.&nbsp;&nbsp;&nbsp; Durante su discurso, expres\u00f3 \u201ceste evento marca un momento especial para nuestra comunidad por los logros alcanzados en los \u00faltimos seis a\u00f1os\u201d. \u201cEste [&hellip;]<\/p>\n","protected":false},"author":28,"featured_media":570444,"comment_status":"closed","ping_status":"closed","sticky":true,"template":"","format":"standard","meta":{"footnotes":""},"categories":[36,20,25,23],"tags":[],"class_list":["post-570443","post","type-post","status-publish","format-standard","has-post-thumbnail","hentry","category-hombresmujeresycosas","category-dominicana-hoy","category-gente","category-internacional"],"_links":{"self":[{"href":"https:\/\/diariodominicano.com\/index.php?rest_route=\/wp\/v2\/posts\/570443","targetHints":{"allow":["GET"]}}],"collection":[{"href":"https:\/\/diariodominicano.com\/index.php?rest_route=\/wp\/v2\/posts"}],"about":[{"href":"https:\/\/diariodominicano.com\/index.php?rest_route=\/wp\/v2\/types\/post"}],"author":[{"embeddable":true,"href":"https:\/\/diariodominicano.com\/index.php?rest_route=\/wp\/v2\/users\/28"}],"replies":[{"embeddable":true,"href":"https:\/\/diariodominicano.com\/index.php?rest_route=%2Fwp%2Fv2%2Fcomments&post=570443"}],"version-history":[{"count":1,"href":"https:\/\/diariodominicano.com\/index.php?rest_route=\/wp\/v2\/posts\/570443\/revisions"}],"predecessor-version":[{"id":570445,"href":"https:\/\/diariodominicano.com\/index.php?rest_route=\/wp\/v2\/posts\/570443\/revisions\/570445"}],"wp:featuredmedia":[{"embeddable":true,"href":"https:\/\/diariodominicano.com\/index.php?rest_route=\/wp\/v2\/media\/570444"}],"wp:attachment":[{"href":"https:\/\/diariodominicano.com\/index.php?rest_route=%2Fwp%2Fv2%2Fmedia&parent=570443"}],"wp:term":[{"taxonomy":"category","embeddable":true,"href":"https:\/\/diariodominicano.com\/index.php?rest_route=%2Fwp%2Fv2%2Fcategories&post=570443"},{"taxonomy":"post_tag","embeddable":true,"href":"https:\/\/diariodominicano.com\/index.php?rest_route=%2Fwp%2Fv2%2Ftags&post=570443"}],"curies":[{"name":"wp","href":"https:\/\/api.w.org\/{rel}","templated":true}]}}