{"id":570431,"date":"2024-10-30T00:37:38","date_gmt":"2024-10-30T04:37:38","guid":{"rendered":"https:\/\/diariodominicano.com\/?p=570431"},"modified":"2024-10-30T00:37:42","modified_gmt":"2024-10-30T04:37:42","slug":"uasd-clausura-su-486-aniversario-con-fiesta-en-la-plaza-heroes-de-abril","status":"publish","type":"post","link":"https:\/\/diariodominicano.com\/?p=570431","title":{"rendered":"UASD clausura su 486 aniversario con fiesta en la Plaza H\u00e9roes de Abril"},"content":{"rendered":"\n<p><strong>Actividad\u00a0art\u00edstica por el 486 aniversario de la UASD, presidido por el rec<strong>tor Editrudis Beltr\u00e1n Cris\u00f3stomo y amenizada por el Conjunto M\u00fasico vo <strong>cal de la UASD, dirigido por la maestra Gina Re<\/strong><\/strong><\/strong>yes.<\/p>\n\n\n\n<figure class=\"wp-block-image size-full\"><img loading=\"lazy\" decoding=\"async\" width=\"640\" height=\"427\" src=\"https:\/\/diariodominicano.com\/wp-content\/uploads\/2024\/10\/2-1.jpg\" alt=\"\" class=\"wp-image-570433\" srcset=\"https:\/\/diariodominicano.com\/wp-content\/uploads\/2024\/10\/2-1.jpg 640w, https:\/\/diariodominicano.com\/wp-content\/uploads\/2024\/10\/2-1-300x200.jpg 300w\" sizes=\"auto, (max-width: 640px) 100vw, 640px\" \/><\/figure>\n\n\n\n<p><strong>Santo Domingo, R.D.<\/strong>&nbsp;La Universidad Aut\u00f3noma de Santo Domingo (UASD) clausur\u00f3 su 486 aniversario con una fiesta a empleados, maestros, estudiantes y egresados, en la Plaza H\u00e9roes de Abril de esa casa de altos estudios.<\/p>\n\n\n\n<figure class=\"wp-block-image size-full\"><img loading=\"lazy\" decoding=\"async\" width=\"640\" height=\"427\" src=\"https:\/\/diariodominicano.com\/wp-content\/uploads\/2024\/10\/3-2.jpg\" alt=\"\" class=\"wp-image-570435\" srcset=\"https:\/\/diariodominicano.com\/wp-content\/uploads\/2024\/10\/3-2.jpg 640w, https:\/\/diariodominicano.com\/wp-content\/uploads\/2024\/10\/3-2-300x200.jpg 300w\" sizes=\"auto, (max-width: 640px) 100vw, 640px\" \/><\/figure>\n\n\n\n<p>La actividad festiva fue encabezada por el rector de la Academia, maestro Editrudis Beltr\u00e1n Cris\u00f3stomo, quien comparti\u00f3 de manera entusiasta con la comunidad universitaria que asisti\u00f3 a este evento.<\/p>\n\n\n\n<figure class=\"wp-block-image size-full\"><img loading=\"lazy\" decoding=\"async\" width=\"640\" height=\"427\" src=\"https:\/\/diariodominicano.com\/wp-content\/uploads\/2024\/10\/4.jpg\" alt=\"\" class=\"wp-image-570434\" srcset=\"https:\/\/diariodominicano.com\/wp-content\/uploads\/2024\/10\/4.jpg 640w, https:\/\/diariodominicano.com\/wp-content\/uploads\/2024\/10\/4-300x200.jpg 300w\" sizes=\"auto, (max-width: 640px) 100vw, 640px\" \/><\/figure>\n\n\n\n<p>El encuentro art\u00edstico fue amenizado por el Conjunto M\u00fasico \u2013 Vocal de la UASD, dirigido por la maestra Gina Reyes; la orquesta San Miguel del Ej\u00e9rcito de la Rep\u00fablica Dominicana, dirigida por el mayor Rodolfo Matos, y por la orquesta Oleaje de la Armada Dominicana, dirigida por el capit\u00e1n de corbeta Silvio Trinidad.<\/p>\n\n\n\n<p>La Universidad Primada de Am\u00e9rica fue fundada el 28 de octubre de 1538 con el nombre de Universidad Santo Tom\u00e1s de Aquino, mediante la Bula Papal In Apostolatus Culmine, emitida por el Papa Paulo III.<\/p>\n\n\n\n<p>Adem\u00e1s del rector, tambi\u00e9n asistieron el vicerrector de Investigaci\u00f3n y Postgrado, maestro Radham\u00e9s Silverio Gonz\u00e1lez; los directores de Comunicaci\u00f3n y de Relaciones P\u00fablicas, maestros Roberto Tejada Mu\u00f1oz y Luis P\u00e9rez Nova, respectivamente, as\u00ed como otras autoridades administrativas, maestros, estudiantes, egresados e invitados.<\/p>\n\n\n\n<p>Relaciones P\u00fablicas<\/p>\n\n\n\n<p>Relaciones P\u00fablicas (De tus contactos de Google)<\/p>\n\n\n\n<p><a target=\"_blank\" href=\"mailto:relacionespublicas@uasd.edu.do\" rel=\"noreferrer noopener\">relacionespublicas@uasd.ed<\/a><\/p>\n\n\n\n<p><\/p>\n","protected":false},"excerpt":{"rendered":"<p>Actividad\u00a0art\u00edstica por el 486 aniversario de la UASD, presidido por el rector Editrudis Beltr\u00e1n Cris\u00f3stomo y amenizada por el Conjunto M\u00fasico vo cal de la UASD, dirigido por la maestra Gina Reyes. Santo Domingo, R.D.&nbsp;La Universidad Aut\u00f3noma de Santo Domingo (UASD) clausur\u00f3 su 486 aniversario con una fiesta a empleados, maestros, estudiantes y egresados, en [&hellip;]<\/p>\n","protected":false},"author":28,"featured_media":570432,"comment_status":"closed","ping_status":"closed","sticky":true,"template":"","format":"standard","meta":{"footnotes":""},"categories":[21,36,26],"tags":[],"class_list":["post-570431","post","type-post","status-publish","format-standard","has-post-thumbnail","hentry","category-cultura","category-hombresmujeresycosas","category-efemerides"],"_links":{"self":[{"href":"https:\/\/diariodominicano.com\/index.php?rest_route=\/wp\/v2\/posts\/570431","targetHints":{"allow":["GET"]}}],"collection":[{"href":"https:\/\/diariodominicano.com\/index.php?rest_route=\/wp\/v2\/posts"}],"about":[{"href":"https:\/\/diariodominicano.com\/index.php?rest_route=\/wp\/v2\/types\/post"}],"author":[{"embeddable":true,"href":"https:\/\/diariodominicano.com\/index.php?rest_route=\/wp\/v2\/users\/28"}],"replies":[{"embeddable":true,"href":"https:\/\/diariodominicano.com\/index.php?rest_route=%2Fwp%2Fv2%2Fcomments&post=570431"}],"version-history":[{"count":1,"href":"https:\/\/diariodominicano.com\/index.php?rest_route=\/wp\/v2\/posts\/570431\/revisions"}],"predecessor-version":[{"id":570436,"href":"https:\/\/diariodominicano.com\/index.php?rest_route=\/wp\/v2\/posts\/570431\/revisions\/570436"}],"wp:featuredmedia":[{"embeddable":true,"href":"https:\/\/diariodominicano.com\/index.php?rest_route=\/wp\/v2\/media\/570432"}],"wp:attachment":[{"href":"https:\/\/diariodominicano.com\/index.php?rest_route=%2Fwp%2Fv2%2Fmedia&parent=570431"}],"wp:term":[{"taxonomy":"category","embeddable":true,"href":"https:\/\/diariodominicano.com\/index.php?rest_route=%2Fwp%2Fv2%2Fcategories&post=570431"},{"taxonomy":"post_tag","embeddable":true,"href":"https:\/\/diariodominicano.com\/index.php?rest_route=%2Fwp%2Fv2%2Ftags&post=570431"}],"curies":[{"name":"wp","href":"https:\/\/api.w.org\/{rel}","templated":true}]}}