{"id":570427,"date":"2024-10-30T00:23:21","date_gmt":"2024-10-30T04:23:21","guid":{"rendered":"https:\/\/diariodominicano.com\/?p=570427"},"modified":"2024-10-30T00:23:24","modified_gmt":"2024-10-30T04:23:24","slug":"universidad-apec-asociacion-de-empresas-y-zona-franca-industrial-las-americas-firman-convenio-tripartito-para-impulsar-insercion-laboral-con-experiencia","status":"publish","type":"post","link":"https:\/\/diariodominicano.com\/?p=570427","title":{"rendered":"Universidad APEC, Asociaci\u00f3n de Empresas y Zona Franca Industrial Las Am\u00e9ricas firman convenio tripartito para impulsar inserci\u00f3n laboral con experiencia"},"content":{"rendered":"\n<p>Luis Manuel Pellerano, Franklyn Holgu\u00edn Hach\u00e9 y Bela Geza Szab\u00f3.<\/p>\n\n\n\n<p>Mediante la iniciativa se facilita un puente entre la formaci\u00f3n acad\u00e9mica que ofrece Unapec y las necesidades de un entorno profesional din\u00e1mico y en constante crecimiento,<\/p>\n\n\n\n<p><strong>Santo Domingo, D.N<\/strong>.<strong>&nbsp;<\/strong>La Universidad APEC, Unapec, la Asociaci\u00f3n de Empresas de Zona Franca Industrial Las Am\u00e9ricas (Asomerica), y la Zona Franca Industrial de Las Am\u00e9ricas (ZFLA), anunciaron la concertaci\u00f3n de un convenio de colaboraci\u00f3n tripartito, con el prop\u00f3sito de impulsar la inserci\u00f3n laboral de un estudiantado con experiencia el terreno del mercado laboral.<\/p>\n\n\n\n<p>La iniciativa,&nbsp;marca el inicio de una colaboraci\u00f3n, que sin duda ser\u00e1 transformadora, tanto para la comunidad acad\u00e9mica como para el desarrollo econ\u00f3mico y social del pa\u00eds.<\/p>\n\n\n\n<p>Procura,&nbsp;fortalecer la vinculaci\u00f3n entre la academia y el sector productivo, facilitando la creaci\u00f3n de un puente entre la formaci\u00f3n acad\u00e9mica que ofrece Unapec en todas sus \u00e1reas, incluyendo la Escuela de Idiomas, y las necesidades de un entorno profesional din\u00e1mico y en constante crecimiento, como es la Zona Franca Las Am\u00e9ricas.<\/p>\n\n\n\n<p>El acto de firma tuvo lugar en la sede acad\u00e9mica, y estuvo encabezado por los titulares de las entidades, los se\u00f1ores Franklyn Holgu\u00edn Hach\u00e9, rector de Unapec;&nbsp;Luis Manuel Pellerano, director de Asomerica, y&nbsp;Bela Geza Szab\u00f3 Padilla, presidente ejecutivo del Parque Industrial de Zona Franca Las Am\u00e9ricas,&nbsp;ZFLA, quienes, de manera individual, pusieron de relieve los alcances positivos de la alianza.<\/p>\n\n\n\n<p>De su parte, el rector de Unapec, indic\u00f3 que las instituciones de educaci\u00f3n superior se encuentran ante el reto de dar respuesta a las necesidades de formaci\u00f3n, en un mercado laboral cambiante y&nbsp;sin desmeritar la educaci\u00f3n de calidad y la investigaci\u00f3n.&nbsp;<\/p>\n\n\n\n<p>&lt;&lt; Y de cara a esta demanda, nos abocamos a dise\u00f1ar estrategias para satisfacerlas,&nbsp;e incorporarlas a nuestros programas de estudios &gt;&gt;, a\u00f1adi\u00f3 Holgu\u00edn Hach\u00e9.&nbsp;<\/p>\n\n\n\n<p>Resalt\u00f3, que la alianza tambi\u00e9n subraya el rol fundamental que desempe\u00f1a Unapec, en la generaci\u00f3n de conocimiento y en la innovaci\u00f3n.<\/p>\n\n\n\n<p>&lt;&lt; Para nuestros estudiantes, este acuerdo representa una oportunidad \u00fanica para obtener una formaci\u00f3n acad\u00e9mica de vanguardia, alineada con las necesidades del mercado laboral internacional. La exposici\u00f3n directa a la realidad de las zonas francas les permitir\u00e1 adquirir habilidades pr\u00e1cticas, competitivas y globales, que sin duda ampliar\u00e1n sus horizontes profesionales &gt;&gt;, enfatiz\u00f3 el acad\u00e9mico.<\/p>\n\n\n\n<p>Al tiempo de a\u00f1adir &lt;&lt; las zonas francas son motores clave de desarrollo econ\u00f3mico, atrayendo inversiones, fomentando la exportaci\u00f3n y generando empleo. A trav\u00e9s de esta alianza, nos posicionamos como un socio estrat\u00e9gico para impulsar la investigaci\u00f3n, y este convenio nos permitir\u00e1 aportar soluciones innovadoras que favorezcan un desarrollo m\u00e1s inclusivo y responsable&gt;&gt;, apunt\u00f3 el acad\u00e9mico.<\/p>\n\n\n\n<p>Por su parte, Luis Manuel Pellerano, director de Asomerica, destac\u00f3 que&nbsp;la colaboraci\u00f3n tripartita contribuye a impulsar procesos de desarrollo din\u00e1mico y sustentable, y en el caso espec\u00edfico de las empresas que integran el parque de Zonas Francas Las Am\u00e9ricas \u2013 plante\u00f3 &#8211; conforme a los cambios y exigencias actuales, se fortalecer\u00e1&nbsp;el capital humano que podr\u00e1 dar respuesta a las operaciones de manufactura y servicios.&nbsp;<\/p>\n\n\n\n<p>&lt;&lt; Mediante esta iniciativa, aspiramos a promover la colocaci\u00f3n laboral de los estudiantes de Unapec, en pasant\u00edas, pr\u00e1cticas profesionales y empleos de diversas \u00e1reas dentro de las empresas que operan en nuestro parque industrial de Las Am\u00e9ricas &gt;&gt;, se\u00f1al\u00f3.<\/p>\n\n\n\n<p>Entre tanto,&nbsp;Bela Geza Szab\u00f3 Padilla&nbsp;de ZFLA, destac\u00f3 que uno de los retos que enfrenta el sector productivo dominicano, es reclutar talento de calidad que agregue valor a sus operaciones e impacte positivamente en su productividad y competitividad.&nbsp;<\/p>\n\n\n\n<p>&lt;&lt; Cabe resaltar que en la medida en que Unapec tributa a la calidad experiencial del estudiantado, est\u00e1 contribuyendo a un capital humano competente para suplir las necesidades del mercado laboral &gt;&gt;, acentu\u00f3.<\/p>\n\n\n\n<p>&nbsp;El proyecto de alianza se origina a ra\u00edz de la exitosa&nbsp;Masterclass&nbsp;impartida en Unapec por Luis Manuel Pellerano, director comercial y accionista de Zona Franca Las Am\u00e9ricas. Seg\u00fan se informa, la actividad propici\u00f3 la identificaci\u00f3n de coincidencia de intereses entre ambas instituciones, en cuanto a la formaci\u00f3n de capital humano y la generaci\u00f3n de oportunidades de empleo para los estudiantes.<\/p>\n\n\n\n<p>Adem\u00e1s de los titulares de las entidades firmantes, el acto cont\u00f3 con la participaci\u00f3n de las autoridades de Unapec, la\u00a0Licda. Elsa Mar\u00eda Moquete, vicerrectora Acad\u00e9mica en funciones; Licda. Raysa P\u00e9rez, decana de Estudiantes y el Licdo. S\u00f3crates Aguasvivas, director General del Centro de Apoyo al Estudiante; mientras que de parte de Asomerica, estuvo la Licda. Helen J\u00e1quez, directora ejecutiva.<\/p>\n\n\n\n<p>rosa maria jimenez sosa<\/p>\n\n\n\n<p>rosa maria jimenez sosa (De tus contactos de Google)<\/p>\n\n\n\n<p><a target=\"_blank\" href=\"mailto:rmj.comunicaciones@gmail.com\" rel=\"noreferrer noopener\">rmj.comunicaciones@gmail.c<\/a><\/p>\n","protected":false},"excerpt":{"rendered":"<p>Luis Manuel Pellerano, Franklyn Holgu\u00edn Hach\u00e9 y Bela Geza Szab\u00f3. Mediante la iniciativa se facilita un puente entre la formaci\u00f3n acad\u00e9mica que ofrece Unapec y las necesidades de un entorno profesional din\u00e1mico y en constante crecimiento, Santo Domingo, D.N.&nbsp;La Universidad APEC, Unapec, la Asociaci\u00f3n de Empresas de Zona Franca Industrial Las Am\u00e9ricas (Asomerica), y la [&hellip;]<\/p>\n","protected":false},"author":28,"featured_media":0,"comment_status":"closed","ping_status":"closed","sticky":true,"template":"","format":"standard","meta":{"footnotes":""},"categories":[18],"tags":[],"class_list":["post-570427","post","type-post","status-publish","format-standard","hentry","category-economia"],"_links":{"self":[{"href":"https:\/\/diariodominicano.com\/index.php?rest_route=\/wp\/v2\/posts\/570427","targetHints":{"allow":["GET"]}}],"collection":[{"href":"https:\/\/diariodominicano.com\/index.php?rest_route=\/wp\/v2\/posts"}],"about":[{"href":"https:\/\/diariodominicano.com\/index.php?rest_route=\/wp\/v2\/types\/post"}],"author":[{"embeddable":true,"href":"https:\/\/diariodominicano.com\/index.php?rest_route=\/wp\/v2\/users\/28"}],"replies":[{"embeddable":true,"href":"https:\/\/diariodominicano.com\/index.php?rest_route=%2Fwp%2Fv2%2Fcomments&post=570427"}],"version-history":[{"count":1,"href":"https:\/\/diariodominicano.com\/index.php?rest_route=\/wp\/v2\/posts\/570427\/revisions"}],"predecessor-version":[{"id":570428,"href":"https:\/\/diariodominicano.com\/index.php?rest_route=\/wp\/v2\/posts\/570427\/revisions\/570428"}],"wp:attachment":[{"href":"https:\/\/diariodominicano.com\/index.php?rest_route=%2Fwp%2Fv2%2Fmedia&parent=570427"}],"wp:term":[{"taxonomy":"category","embeddable":true,"href":"https:\/\/diariodominicano.com\/index.php?rest_route=%2Fwp%2Fv2%2Fcategories&post=570427"},{"taxonomy":"post_tag","embeddable":true,"href":"https:\/\/diariodominicano.com\/index.php?rest_route=%2Fwp%2Fv2%2Ftags&post=570427"}],"curies":[{"name":"wp","href":"https:\/\/api.w.org\/{rel}","templated":true}]}}