{"id":57036,"date":"2020-11-02T10:29:28","date_gmt":"2020-11-02T10:29:28","guid":{"rendered":"http:\/\/diariodominicano.ddns.net\/?p=57036"},"modified":"2020-11-02T10:29:28","modified_gmt":"2020-11-02T10:29:28","slug":"minerd-inicia-en-todo-el-pais-ano-escolar-a-distancia","status":"publish","type":"post","link":"https:\/\/diariodominicano.com\/?p=57036","title":{"rendered":"MINERD inicia en todo el pa\u00eds a\u00f1o escolar a distancia"},"content":{"rendered":"<p><body><\/p>\n<p><img decoding=\"async\" src=\"img3\/DSC_5835.JPG\" \/><br \/><img decoding=\"async\" src=\"img3\/DSC_5906.JPG\" \/>  <\/p>\n<p><strong> diariodominicano.com<\/strong><\/p>\n<p><strong> <\/strong><\/p>\n<p><strong>Santo Domingo, 2 nov.&#8211;<\/strong><\/p>\n<p><strong> <\/strong><\/p>\n<p><strong>MINERD inicia en todo el pa\u00eds a\u00f1o escolar a distancia<\/strong><\/p>\n<p><strong> <\/strong><\/p>\n<p><strong>Ministro Fulcar afirma, la meta es que nadie se quede atr\u00e1s<\/strong><\/p>\n<p><strong> <\/strong><\/p>\n<p><strong>Santo Domingo.- <\/strong> Dos millones 800 mil estudiantes de los sectores p\u00fablico y privado iniciaron este lunes el a\u00f1o escolar 2020-2021 de modo virtual y a distancia, lo que es definido por las autoridades como un hito en la historia de la educaci\u00f3n dominicana debido a la emergencia sanitaria impuesta por la pandemia del coronavirus.<\/p>\n<\/p>\n<p><strong>El a\u00f1o escolar fue puesto en marcha durante un emotivo acto en la Plaza de la Bandera encabezado por el presidente de la Rep\u00fablica, licenciado Luis Abinader, la licenciada Raquel Pe\u00f1a, vicepresidenta, y el ministro de Educaci\u00f3n, doctor Roberto Fulcar.<\/strong><\/p>\n<p><strong> <\/strong><\/p>\n<p>Al poner en marcha el a\u00f1o escolar, el doctor Fulcar dijo que la pandemia ha obligado a que \u00e9ste sea excepcional y de grandes retos, ya que \u00abel desaf\u00edo es no dejar a nadie atr\u00e1s para lograr inclusi\u00f3n, igual de oportunidades y desarrollo sostenido. Ratificamos al pa\u00eds y al mundo que cada estudiante tendr\u00e1 un cupo escolar.  Lo haremos a pesar del COVID19, vamos a convertir esta desgracia en desarrollo\u00bb.<\/p>\n<\/p>\n<\/p>\n<p><strong>El ministro sostuvo que, a pesar de las dificultades y temores, este es el mejor momento para iniciar el a\u00f1o lectivo 2020-2021, por lo que exhort\u00f3 a los maestros, estudiantes y padres o tutores a no perder un solo minuto del tiempo que deben de dedicar a los estudios.<\/strong><\/p>\n<p><strong> <\/strong><\/p>\n<p>Y en ese sentido enfatiz\u00f3 que \u00abPerder un a\u00f1o escolar, perder un d\u00eda, perder un minuto no es aceptable para nosotros ni para nuestros estudiantes. Este a\u00f1o escolar que hoy inicia est\u00e1 basado en cinco pilares: inclusi\u00f3n, calidad, sostenibilidad, empleabilidad y trascendencia\u00bb.<\/p>\n<\/p>\n<p>Explic\u00f3 que este a\u00f1o cada hogar es la extensi\u00f3n de un sal\u00f3n de clases, y que m\u00e1s de 150 emisoras y 100 canales de televisi\u00f3n y empresas de cable integran la red nacional de difusi\u00f3n de los contenidos educativos.<\/p>\n<\/p>\n<p>Afirm\u00f3 que los estudiantes que no tengan equipos o no tengan conectividad lo har\u00e1n a trav\u00e9s de estos medios, mientras que cada grado contar\u00e1 con un canal exclusivo de televisi\u00f3n. \u00abLas clases ser\u00e1n repetidas tres veces al d\u00eda. Los canales por cable tendr\u00e1n retransmisi\u00f3n continua las 24 horas\u00bb, dijo.<\/p>\n<\/p>\n<p><strong>\u00bfC\u00f3mo se impartir\u00e1 la docencia?<\/strong><\/p>\n<\/p>\n<p><strong>El Ministerio de Educaci\u00f3n ha dispuesto que los lunes y los mi\u00e9rcoles se transmitir\u00e1n las clases de Espa\u00f1ol, los martes y los jueves Matem\u00e1ticas, los viernes se alternar\u00e1 un plan de reforzamiento de las materias de las cuatro \u00e1reas que son objeto de Pruebas Nacionales: Lengua Espa\u00f1ola, Matem\u00e1tica, Ciencias Naturales y Ciencias Sociales.<\/strong><\/p>\n<\/p>\n<p>Los estudiantes se comunicar\u00e1n con sus profesores a trav\u00e9s de grupos de WhatsApp denominados Comunidades Educativas, que durar\u00e1n todo el a\u00f1o escolar y quedar\u00e1n conformadas este primer d\u00eda de docencia.<\/p>\n<\/p>\n<p>Los padres llevar\u00e1n las tareas y proyectos de sus hijos a los maestros los d\u00edas que vayan a retirar las raciones alimenticias en sus respectivas escuelas.<\/p>\n<\/p>\n<p>Adem\u00e1s, tendr\u00e1n una mesa de ayuda y un centro de llamadas que atender\u00e1n las dudas de los alumnos sobre el contenido, el funcionamiento de los equipos, los programas de clases y atender\u00e1n los requerimientos de padres, madres, tutores y alumnos sobre los temas del programa escolar que necesiten alg\u00fan tipo de aclaraci\u00f3n.  Ambos quedaron habilitados para los alumnos cuando concluy\u00f3 la capacitaci\u00f3n de los maestros y maestras.<\/p>\n<\/p>\n<p>Al acto asistieron, la primera dama Raquel Arbaje, el presidente de la C\u00e1mara de Diputados Alfredo Pacheco y los miembros de las comisiones de Educaci\u00f3n de las c\u00e1maras legislativas, ministros, viceministros, directores generales, representantes de organismos internacionales, la Asociaci\u00f3n Dominicana de Profesores (ADP) y todo el gabinete del Ministerio de Educaci\u00f3n.<\/p>\n<\/p>\n<p> Ministerio Educaci\u00f3n Rep\u00fablica Dominicana<\/p>\n<p>prensaminerd@gmail.com<\/p>\n<\/p>\n<p>Ministerio de Educaci\u00f3n<\/p>\n<\/p>\n<p>Direcci\u00f3n de Comunicaci\u00f3n<\/p>\n<\/p>\n<h6> 2020-11-02 10:29:28 <\/h6>\n<p><!--\n<link rel=\"stylesheet\" href=\"css\/bootstrap.min.css\">\n\n\n<ul class=\"pagination\">\n\t    \n\t\n\n<li >\n\t<a href='?page_no=88'>Previous<\/a>\n\t<\/li>\n\n\n       \n    \n\n<li><a href='?page_no=1'>1<\/a><\/li>\n\n\n\n<li><a href='?page_no=2'>2<\/a><\/li>\n\n\n\n<li><a>...<\/a><\/li>\n\n\n\n<li><a href='?page_no=87'>87<\/a><\/li>\n\n\n\n<li><a href='?page_no=88'>88<\/a><\/li>\n\n\n\n<li class='active'><a>89<\/a><\/li>\n\n\n\n<li><a href='?page_no=90'>90<\/a><\/li>\n\n\n\n<li><a href='?page_no=91'>91<\/a><\/li>\n\n\n\n<li><a>...<\/a><\/li>\n\n\n\n<li><a href='?page_no=22911'>22911<\/a><\/li>\n\n\n\n<li><a href='?page_no=22912'>22912<\/a><\/li>\n\n    \n\t\n\n<li >\n\t<a href='?page_no=90'>Next<\/a>\n\t<\/li>\n\n\n    \n\n<li><a href='?page_no=22912'>Last &rsaquo;&rsaquo;<\/a><\/li>\n\n<\/ul>\n\n\n--><br \/>\n<\/body><\/p>\n","protected":false},"excerpt":{"rendered":"<p>diariodominicano.com Santo Domingo, 2 nov.&#8211; MINERD inicia en todo el pa\u00eds a\u00f1o escolar a distancia Ministro Fulcar afirma, la meta es que nadie se quede atr\u00e1s Santo Domingo.- Dos millones 800 mil estudiantes de los sectores p\u00fablico y privado iniciaron este lunes el a\u00f1o escolar 2020-2021 de modo virtual y a distancia, lo que es [&hellip;]<\/p>\n","protected":false},"author":3,"featured_media":0,"comment_status":"open","ping_status":"open","sticky":false,"template":"","format":"standard","meta":{"footnotes":""},"categories":[21],"tags":[],"class_list":["post-57036","post","type-post","status-publish","format-standard","hentry","category-cultura"],"_links":{"self":[{"href":"https:\/\/diariodominicano.com\/index.php?rest_route=\/wp\/v2\/posts\/57036","targetHints":{"allow":["GET"]}}],"collection":[{"href":"https:\/\/diariodominicano.com\/index.php?rest_route=\/wp\/v2\/posts"}],"about":[{"href":"https:\/\/diariodominicano.com\/index.php?rest_route=\/wp\/v2\/types\/post"}],"author":[{"embeddable":true,"href":"https:\/\/diariodominicano.com\/index.php?rest_route=\/wp\/v2\/users\/3"}],"replies":[{"embeddable":true,"href":"https:\/\/diariodominicano.com\/index.php?rest_route=%2Fwp%2Fv2%2Fcomments&post=57036"}],"version-history":[{"count":0,"href":"https:\/\/diariodominicano.com\/index.php?rest_route=\/wp\/v2\/posts\/57036\/revisions"}],"wp:attachment":[{"href":"https:\/\/diariodominicano.com\/index.php?rest_route=%2Fwp%2Fv2%2Fmedia&parent=57036"}],"wp:term":[{"taxonomy":"category","embeddable":true,"href":"https:\/\/diariodominicano.com\/index.php?rest_route=%2Fwp%2Fv2%2Fcategories&post=57036"},{"taxonomy":"post_tag","embeddable":true,"href":"https:\/\/diariodominicano.com\/index.php?rest_route=%2Fwp%2Fv2%2Ftags&post=57036"}],"curies":[{"name":"wp","href":"https:\/\/api.w.org\/{rel}","templated":true}]}}