{"id":570305,"date":"2024-10-29T17:04:07","date_gmt":"2024-10-29T21:04:07","guid":{"rendered":"https:\/\/diariodominicano.com\/?p=570305"},"modified":"2024-10-29T17:04:31","modified_gmt":"2024-10-29T21:04:31","slug":"cartagena-de-indias-acogera-el-iii-congreso-iberoamericano-para-prevenir-el-burnout-en-2025","status":"publish","type":"post","link":"https:\/\/diariodominicano.com\/?p=570305","title":{"rendered":"Cartagena de Indias acoger\u00e1 el III Congreso Iberoamericano para Prevenir el Burnout en 2025"},"content":{"rendered":"\n<p>La segunda edici\u00f3n finaliz\u00f3 en Madrid con el abordaje de temas como la responsabilidad de las empresas en establecer pol\u00edticas y normas para proteger la salud mental de los trabajadores. <\/p>\n\n\n\n<p>Vacation Is a Human Right Foundation (VIAHR) anunci\u00f3 en Espa\u00f1a que el III Congreso Iberoamericano para Prevenir el Burnout se celebrar\u00e1 en Cartagena de Indias (Colombia) en octubre de 2025.<\/p>\n\n\n\n<p>\u201cCartagena de Indias es una sede perfecta para continuar el trabajo que empezamos en Rep\u00fablica Dominicana, y ahora en Espa\u00f1a. Queremos que el mensaje de la \u2018pausa consciente\u2019 siga amplific\u00e1ndose por el mundo hispano, en beneficio de la salud mental de los trabajadores y, por consiguiente, de la productividad de las empresas\u201d, afirm\u00f3 Mar\u00eda M\u00e9ndez, presidenta de Vacation Is a Human Right Foundation (VIAHR), entidad organizadora del congreso.<\/p>\n\n\n\n<p>La segunda edici\u00f3n, desarrollada en Madrid, abord\u00f3 la responsabilidad de las empresas en establecer pol\u00edticas y normas para proteger la salud mental de los trabajadores, as\u00ed como la propia del trabajador para desconectar, establecer l\u00edmites, cuidarse a s\u00ed mismo y buscar ayuda.<\/p>\n\n\n\n<p>Especialistas de diferentes disciplinas y pa\u00edses, en el contexto del SBC F\u00f3rum 2024, destacaron la importancia de \u201ccrear una cultura del descanso, tanto como una cultura del trabajo\u201d.<\/p>\n\n\n\n<p>\u201cAs\u00ed como el burnout es un estado mental y emocional, el descanso es tambi\u00e9n es un estado mental y emocional. Las personas necesitan aprender a descansar\u201d, indic\u00f3 el experto Renzo Salazar.<\/p>\n\n\n\n<p>Otros temas como el papel de la tecnolog\u00eda en el equilibrio entre la vida personal y laboral, la flexibilidad de horarios y la automatizaci\u00f3n de procesos para ganar tiempo en favor de los asuntos personales, estuvieron en presentes en las mesas de trabajo.<\/p>\n\n\n\n<p>M\u00e9ndez explic\u00f3 que la ciudad de Nueva York, donde radica VIAHR, acoger\u00e1 en primavera el evento de presentaci\u00f3n del III Congreso de Cartagena.<\/p>\n\n\n\n<p>La primera edici\u00f3n del evento se celebr\u00f3 en Casa de Campo (La Romana, Rep\u00fablica Dominicana), y, la segunda, en la capital de Espa\u00f1a. Esta \u00faltima junto al peri\u00f3dico RRHH Digital, con la coorganizaci\u00f3n de la Asociaci\u00f3n Espa\u00f1ola de Directores de Recursos humanos.<\/p>\n\n\n\n<figure class=\"wp-block-embed is-type-wp-embed is-provider-viahr wp-block-embed-viahr\"><div class=\"wp-block-embed__wrapper\">\n<blockquote class=\"wp-embedded-content\" data-secret=\"Oozn02xHSa\"><a href=\"https:\/\/viahr.org\/\">Inicio<\/a><\/blockquote><iframe loading=\"lazy\" class=\"wp-embedded-content\" sandbox=\"allow-scripts\" security=\"restricted\" style=\"position: absolute; visibility: hidden;\" title=\"&#8220;Inicio&#8221; &#8212; VIAHR\" src=\"https:\/\/viahr.org\/embed\/#?secret=ZOBP2hHA5R#?secret=Oozn02xHSa\" data-secret=\"Oozn02xHSa\" width=\"600\" height=\"338\" frameborder=\"0\" marginwidth=\"0\" marginheight=\"0\" scrolling=\"no\"><\/iframe>\n<\/div><\/figure>\n\n\n\n<p>MS Agency &lt;comunicados@michelsuarez.com&gt;<\/p>\n","protected":false},"excerpt":{"rendered":"<p>La segunda edici\u00f3n finaliz\u00f3 en Madrid con el abordaje de temas como la responsabilidad de las empresas en establecer pol\u00edticas y normas para proteger la salud mental de los trabajadores. Vacation Is a Human Right Foundation (VIAHR) anunci\u00f3 en Espa\u00f1a que el III Congreso Iberoamericano para Prevenir el Burnout se celebrar\u00e1 en Cartagena de Indias [&hellip;]<\/p>\n","protected":false},"author":7,"featured_media":570330,"comment_status":"closed","ping_status":"closed","sticky":false,"template":"","format":"standard","meta":{"footnotes":""},"categories":[25],"tags":[668],"class_list":["post-570305","post","type-post","status-publish","format-standard","has-post-thumbnail","hentry","category-gente","tag-iii-congreso-iberoamericano-para-prevenir-el-burnout-en-2025"],"_links":{"self":[{"href":"https:\/\/diariodominicano.com\/index.php?rest_route=\/wp\/v2\/posts\/570305","targetHints":{"allow":["GET"]}}],"collection":[{"href":"https:\/\/diariodominicano.com\/index.php?rest_route=\/wp\/v2\/posts"}],"about":[{"href":"https:\/\/diariodominicano.com\/index.php?rest_route=\/wp\/v2\/types\/post"}],"author":[{"embeddable":true,"href":"https:\/\/diariodominicano.com\/index.php?rest_route=\/wp\/v2\/users\/7"}],"replies":[{"embeddable":true,"href":"https:\/\/diariodominicano.com\/index.php?rest_route=%2Fwp%2Fv2%2Fcomments&post=570305"}],"version-history":[{"count":1,"href":"https:\/\/diariodominicano.com\/index.php?rest_route=\/wp\/v2\/posts\/570305\/revisions"}],"predecessor-version":[{"id":570343,"href":"https:\/\/diariodominicano.com\/index.php?rest_route=\/wp\/v2\/posts\/570305\/revisions\/570343"}],"wp:featuredmedia":[{"embeddable":true,"href":"https:\/\/diariodominicano.com\/index.php?rest_route=\/wp\/v2\/media\/570330"}],"wp:attachment":[{"href":"https:\/\/diariodominicano.com\/index.php?rest_route=%2Fwp%2Fv2%2Fmedia&parent=570305"}],"wp:term":[{"taxonomy":"category","embeddable":true,"href":"https:\/\/diariodominicano.com\/index.php?rest_route=%2Fwp%2Fv2%2Fcategories&post=570305"},{"taxonomy":"post_tag","embeddable":true,"href":"https:\/\/diariodominicano.com\/index.php?rest_route=%2Fwp%2Fv2%2Ftags&post=570305"}],"curies":[{"name":"wp","href":"https:\/\/api.w.org\/{rel}","templated":true}]}}