{"id":570303,"date":"2024-10-29T16:36:31","date_gmt":"2024-10-29T20:36:31","guid":{"rendered":"https:\/\/diariodominicano.com\/?p=570303"},"modified":"2024-10-29T17:05:24","modified_gmt":"2024-10-29T21:05:24","slug":"popular-inicia-la-temporada-autoferia-popular","status":"publish","type":"post","link":"https:\/\/diariodominicano.com\/?p=570303","title":{"rendered":"Popular inicia la Temporada Autoferia Popular"},"content":{"rendered":"\n<p><strong>Clientes disfrutan de ofertas exclusivas para adquirir su veh\u00edculo&nbsp;<\/strong><\/p>\n\n\n\n<p>Santo Domingo, D.N. &#8211; El Banco Popular Dominicano inici\u00f3 su Temporada Autoferia Popular, un periodo de ofertas comerciales y promociones previo a la vig\u00e9sima novena edici\u00f3n del evento automovil\u00edstico, que tendr\u00e1 lugar el primer fin de semana de diciembre.&nbsp;<\/p>\n\n\n\n<p>Los clientes que adquieran veh\u00edculos durante este periodo de ofertas comerciales podr\u00e1n beneficiarse de condiciones especiales, entre ellas un plazo de pago de hasta siete a\u00f1os y un financiamiento del 90% en los veh\u00edculos nuevos. Adem\u00e1s, contar\u00e1n con descuentos en el seguro del veh\u00edculo y la opci\u00f3n de obtener una mayor cobertura.<\/p>\n\n\n\n<figure class=\"wp-block-gallery has-nested-images columns-default is-cropped wp-block-gallery-1 is-layout-flex wp-block-gallery-is-layout-flex\">\n<figure class=\"wp-block-image size-large\"><img loading=\"lazy\" decoding=\"async\" width=\"1024\" height=\"683\" data-id=\"570310\" src=\"https:\/\/diariodominicano.com\/wp-content\/uploads\/2024\/10\/Los-primeros-500-clientes-recibiran-una-cuota-gratuita-1024x683.jpg\" alt=\"\" class=\"wp-image-570310\" srcset=\"https:\/\/diariodominicano.com\/wp-content\/uploads\/2024\/10\/Los-primeros-500-clientes-recibiran-una-cuota-gratuita-1024x683.jpg 1024w, https:\/\/diariodominicano.com\/wp-content\/uploads\/2024\/10\/Los-primeros-500-clientes-recibiran-una-cuota-gratuita-300x200.jpg 300w, https:\/\/diariodominicano.com\/wp-content\/uploads\/2024\/10\/Los-primeros-500-clientes-recibiran-una-cuota-gratuita-768x512.jpg 768w, https:\/\/diariodominicano.com\/wp-content\/uploads\/2024\/10\/Los-primeros-500-clientes-recibiran-una-cuota-gratuita-1536x1024.jpg 1536w, https:\/\/diariodominicano.com\/wp-content\/uploads\/2024\/10\/Los-primeros-500-clientes-recibiran-una-cuota-gratuita-2048x1365.jpg 2048w, https:\/\/diariodominicano.com\/wp-content\/uploads\/2024\/10\/Los-primeros-500-clientes-recibiran-una-cuota-gratuita-816x544.jpg 816w\" sizes=\"auto, (max-width: 1024px) 100vw, 1024px\" \/><\/figure>\n<\/figure>\n\n\n\n<p>Como parte de las ofertas comerciales, los primeros 500 clientes que completen sus financiamientos durante la Temporada Autoferia recibir\u00e1n una cuota gratuita, permiti\u00e9ndoles iniciar los pagos en enero de 2025, lo que representa una ventaja en t\u00e9rminos de flexibilidad financiera.<strong>Banco&nbsp;<\/strong><\/p>\n\n\n\n<p>La entidad bancaria inform\u00f3 sobre la facilidad que tienen los clientes para acceder a la lista de concesionarios y distribuidores autorizados, y ver los modelos de su inter\u00e9s, a trav\u00e9s del portal <a href=\"https:\/\/urldefense.com\/v3\/__http:\/Autoferiapopular.com.do__;!!GGhtvxWVAEs0KSo!iEv5rnmT11_aXHnCh5-mxXCrtT--4ilKWTO1op3j9kBQ955iDlHLfZYPq8S24TJittgAWmLko9mLJA3HjjiA0A$\">Autoferiapopular.com.do<\/a>. Desde aqu\u00ed tambi\u00e9n es posible gestionar las solicitudes de financiamiento en cualquier sucursal del Banco Popular o directamente en los establecimientos participantes.<\/p>\n\n\n\n<p><strong>\u201cCuando quieres algo, lo ves por todas partes\u201d<\/strong><\/p>\n\n\n\n<figure class=\"wp-block-gallery has-nested-images columns-default is-cropped wp-block-gallery-2 is-layout-flex wp-block-gallery-is-layout-flex\">\n<figure class=\"wp-block-image size-large\"><img loading=\"lazy\" decoding=\"async\" width=\"1024\" height=\"683\" data-id=\"570309\" src=\"https:\/\/diariodominicano.com\/wp-content\/uploads\/2024\/10\/Los-clientes-disfrutaran-descuentos-en-seguro-del-vehiculo-y-la-opcion-de-obtener-una-mayor-cobertura-1024x683.jpg\" alt=\"\" class=\"wp-image-570309\" srcset=\"https:\/\/diariodominicano.com\/wp-content\/uploads\/2024\/10\/Los-clientes-disfrutaran-descuentos-en-seguro-del-vehiculo-y-la-opcion-de-obtener-una-mayor-cobertura-1024x683.jpg 1024w, https:\/\/diariodominicano.com\/wp-content\/uploads\/2024\/10\/Los-clientes-disfrutaran-descuentos-en-seguro-del-vehiculo-y-la-opcion-de-obtener-una-mayor-cobertura-300x200.jpg 300w, https:\/\/diariodominicano.com\/wp-content\/uploads\/2024\/10\/Los-clientes-disfrutaran-descuentos-en-seguro-del-vehiculo-y-la-opcion-de-obtener-una-mayor-cobertura-768x512.jpg 768w, https:\/\/diariodominicano.com\/wp-content\/uploads\/2024\/10\/Los-clientes-disfrutaran-descuentos-en-seguro-del-vehiculo-y-la-opcion-de-obtener-una-mayor-cobertura-1536x1024.jpg 1536w, https:\/\/diariodominicano.com\/wp-content\/uploads\/2024\/10\/Los-clientes-disfrutaran-descuentos-en-seguro-del-vehiculo-y-la-opcion-de-obtener-una-mayor-cobertura-2048x1365.jpg 2048w, https:\/\/diariodominicano.com\/wp-content\/uploads\/2024\/10\/Los-clientes-disfrutaran-descuentos-en-seguro-del-vehiculo-y-la-opcion-de-obtener-una-mayor-cobertura-816x544.jpg 816w\" sizes=\"auto, (max-width: 1024px) 100vw, 1024px\" \/><\/figure>\n\n\n\n<figure class=\"wp-block-image size-large\"><img loading=\"lazy\" decoding=\"async\" width=\"683\" height=\"1024\" data-id=\"570308\" src=\"https:\/\/diariodominicano.com\/wp-content\/uploads\/2024\/10\/Los-clientes-disfrutaran-descuentos-en-el-seguro-del-vehiculo-y-la-opcion-de-obtener-una-mayor-cobertura-683x1024.jpg\" alt=\"\" class=\"wp-image-570308\" srcset=\"https:\/\/diariodominicano.com\/wp-content\/uploads\/2024\/10\/Los-clientes-disfrutaran-descuentos-en-el-seguro-del-vehiculo-y-la-opcion-de-obtener-una-mayor-cobertura-683x1024.jpg 683w, https:\/\/diariodominicano.com\/wp-content\/uploads\/2024\/10\/Los-clientes-disfrutaran-descuentos-en-el-seguro-del-vehiculo-y-la-opcion-de-obtener-una-mayor-cobertura-200x300.jpg 200w, https:\/\/diariodominicano.com\/wp-content\/uploads\/2024\/10\/Los-clientes-disfrutaran-descuentos-en-el-seguro-del-vehiculo-y-la-opcion-de-obtener-una-mayor-cobertura-768x1152.jpg 768w, https:\/\/diariodominicano.com\/wp-content\/uploads\/2024\/10\/Los-clientes-disfrutaran-descuentos-en-el-seguro-del-vehiculo-y-la-opcion-de-obtener-una-mayor-cobertura-1024x1536.jpg 1024w, https:\/\/diariodominicano.com\/wp-content\/uploads\/2024\/10\/Los-clientes-disfrutaran-descuentos-en-el-seguro-del-vehiculo-y-la-opcion-de-obtener-una-mayor-cobertura-1365x2048.jpg 1365w, https:\/\/diariodominicano.com\/wp-content\/uploads\/2024\/10\/Los-clientes-disfrutaran-descuentos-en-el-seguro-del-vehiculo-y-la-opcion-de-obtener-una-mayor-cobertura-816x1224.jpg 816w, https:\/\/diariodominicano.com\/wp-content\/uploads\/2024\/10\/Los-clientes-disfrutaran-descuentos-en-el-seguro-del-vehiculo-y-la-opcion-de-obtener-una-mayor-cobertura.jpg 1400w\" sizes=\"auto, (max-width: 683px) 100vw, 683px\" \/><\/figure>\n<\/figure>\n\n\n\n<p>Este a\u00f1o, la estrategia publicitaria de la Autoferia Popular se fundamenta en el concepto \u00abCuando quieres algo, lo ves por todas partes\u00bb, un enfoque que busca conectar con los potenciales compradores de veh\u00edculos durante la Temporada Autoferia Popular.<\/p>\n\n\n\n<p><strong>Vicepresidencia Ejecutiva<\/strong><br><strong>Comunicaciones Corporativas, Reputaci\u00f3n y Banca Responsable&nbsp;<\/strong><\/p>\n\n\n\n<p><strong>Grupo Popular, S. A.<\/strong><br><strong>Rainier Maldonado Tapia<\/strong><a href=\"http:\/\/www.grupopopular.com\/\">www.grupopopular.com<\/a><\/p>\n","protected":false},"excerpt":{"rendered":"<p>Clientes disfrutan de ofertas exclusivas para adquirir su veh\u00edculo&nbsp; Santo Domingo, D.N. &#8211; El Banco Popular Dominicano inici\u00f3 su Temporada Autoferia Popular, un periodo de ofertas comerciales y promociones previo a la vig\u00e9sima novena edici\u00f3n del evento automovil\u00edstico, que tendr\u00e1 lugar el primer fin de semana de diciembre.&nbsp; Los clientes que adquieran veh\u00edculos durante este [&hellip;]<\/p>\n","protected":false},"author":7,"featured_media":570307,"comment_status":"closed","ping_status":"closed","sticky":true,"template":"","format":"standard","meta":{"footnotes":""},"categories":[18,27],"tags":[667,666],"class_list":["post-570303","post","type-post","status-publish","format-standard","has-post-thumbnail","hentry","category-economia","category-portada","tag-autoferia-popular","tag-banco-popular-dominicano"],"_links":{"self":[{"href":"https:\/\/diariodominicano.com\/index.php?rest_route=\/wp\/v2\/posts\/570303","targetHints":{"allow":["GET"]}}],"collection":[{"href":"https:\/\/diariodominicano.com\/index.php?rest_route=\/wp\/v2\/posts"}],"about":[{"href":"https:\/\/diariodominicano.com\/index.php?rest_route=\/wp\/v2\/types\/post"}],"author":[{"embeddable":true,"href":"https:\/\/diariodominicano.com\/index.php?rest_route=\/wp\/v2\/users\/7"}],"replies":[{"embeddable":true,"href":"https:\/\/diariodominicano.com\/index.php?rest_route=%2Fwp%2Fv2%2Fcomments&post=570303"}],"version-history":[{"count":1,"href":"https:\/\/diariodominicano.com\/index.php?rest_route=\/wp\/v2\/posts\/570303\/revisions"}],"predecessor-version":[{"id":570323,"href":"https:\/\/diariodominicano.com\/index.php?rest_route=\/wp\/v2\/posts\/570303\/revisions\/570323"}],"wp:featuredmedia":[{"embeddable":true,"href":"https:\/\/diariodominicano.com\/index.php?rest_route=\/wp\/v2\/media\/570307"}],"wp:attachment":[{"href":"https:\/\/diariodominicano.com\/index.php?rest_route=%2Fwp%2Fv2%2Fmedia&parent=570303"}],"wp:term":[{"taxonomy":"category","embeddable":true,"href":"https:\/\/diariodominicano.com\/index.php?rest_route=%2Fwp%2Fv2%2Fcategories&post=570303"},{"taxonomy":"post_tag","embeddable":true,"href":"https:\/\/diariodominicano.com\/index.php?rest_route=%2Fwp%2Fv2%2Ftags&post=570303"}],"curies":[{"name":"wp","href":"https:\/\/api.w.org\/{rel}","templated":true}]}}