{"id":570263,"date":"2024-10-29T11:58:47","date_gmt":"2024-10-29T15:58:47","guid":{"rendered":"https:\/\/diariodominicano.com\/?p=570263"},"modified":"2024-10-29T12:00:50","modified_gmt":"2024-10-29T16:00:50","slug":"colegio-nacional-de-periodistas-exige-fe-de-vida-del-periodista-nelin-escalante","status":"publish","type":"post","link":"https:\/\/diariodominicano.com\/?p=570263","title":{"rendered":"Colegio Nacional de Periodistas exige fe de vida del periodista Nelin Escalante"},"content":{"rendered":"\n<p>El Colegio Nacional de Periodistas (<a href=\"https:\/\/x.com\/cnpven\/status\/1851044151564890253\">CNP<\/a>) exigi\u00f3 el lunes 28-Oct, fe de vida del comunicador social Nelin Escalante, quien se encuentra desaparecido desde el pasado 25-Oct.<\/p>\n\n\n\n<p>\u00abEste lunes se trat\u00f3 de interponer un recurso de Habeas Corpus en tribunales para la protecci\u00f3n y respeto al debido proceso en el caso de Nelin Escalante, pero luego de m\u00e1s de 8 horas de espera les dijeron a sus familiares que este no ser\u00eda aceptado. Exigimos fe de vida de Nelin\u00bb, public\u00f3 en CNP en su cuenta en la red social X.<\/p>\n\n\n\n<p>Seg\u00fan publicaciones previas del CNP, el comunicador social fue abordado el pasado viernes por presuntos funcionarios de la Direcci\u00f3n General de Contrainteligencia Nacional (Dgcim) en el centro comercial L\u00edder de Caracas y luego llevado a la sede del organismo en Bole\u00edta.<\/p>\n\n\n\n<p>\u00abEntr\u00f3 a la sede de la Dgcim y no se ha tenido m\u00e1s comunicaci\u00f3n con \u00e9l. Exigimos conocer sobre su estado de salud y el motivo de su detenci\u00f3n\u00bb, a\u00f1adi\u00f3 el CNP. S<\/p>\n\n\n\n<p>\u00a0Sociedad Interamericana de Prensa<\/p>\n\n\n\n<p>Sociedad Interamericana de Prensa (De tus contactos de Google)<\/p>\n\n\n\n<p><a target=\"_blank\" href=\"mailto:clauria@sipiapa.org\" rel=\"noreferrer noopener\">clauria@sipiapa.org<\/a><\/p>\n","protected":false},"excerpt":{"rendered":"<p>El Colegio Nacional de Periodistas (CNP) exigi\u00f3 el lunes 28-Oct, fe de vida del comunicador social Nelin Escalante, quien se encuentra desaparecido desde el pasado 25-Oct. \u00abEste lunes se trat\u00f3 de interponer un recurso de Habeas Corpus en tribunales para la protecci\u00f3n y respeto al debido proceso en el caso de Nelin Escalante, pero luego [&hellip;]<\/p>\n","protected":false},"author":28,"featured_media":570264,"comment_status":"closed","ping_status":"closed","sticky":true,"template":"","format":"standard","meta":{"footnotes":""},"categories":[23,24],"tags":[],"class_list":["post-570263","post","type-post","status-publish","format-standard","has-post-thumbnail","hentry","category-internacional","category-justicia-y-derecho"],"_links":{"self":[{"href":"https:\/\/diariodominicano.com\/index.php?rest_route=\/wp\/v2\/posts\/570263","targetHints":{"allow":["GET"]}}],"collection":[{"href":"https:\/\/diariodominicano.com\/index.php?rest_route=\/wp\/v2\/posts"}],"about":[{"href":"https:\/\/diariodominicano.com\/index.php?rest_route=\/wp\/v2\/types\/post"}],"author":[{"embeddable":true,"href":"https:\/\/diariodominicano.com\/index.php?rest_route=\/wp\/v2\/users\/28"}],"replies":[{"embeddable":true,"href":"https:\/\/diariodominicano.com\/index.php?rest_route=%2Fwp%2Fv2%2Fcomments&post=570263"}],"version-history":[{"count":2,"href":"https:\/\/diariodominicano.com\/index.php?rest_route=\/wp\/v2\/posts\/570263\/revisions"}],"predecessor-version":[{"id":570266,"href":"https:\/\/diariodominicano.com\/index.php?rest_route=\/wp\/v2\/posts\/570263\/revisions\/570266"}],"wp:featuredmedia":[{"embeddable":true,"href":"https:\/\/diariodominicano.com\/index.php?rest_route=\/wp\/v2\/media\/570264"}],"wp:attachment":[{"href":"https:\/\/diariodominicano.com\/index.php?rest_route=%2Fwp%2Fv2%2Fmedia&parent=570263"}],"wp:term":[{"taxonomy":"category","embeddable":true,"href":"https:\/\/diariodominicano.com\/index.php?rest_route=%2Fwp%2Fv2%2Fcategories&post=570263"},{"taxonomy":"post_tag","embeddable":true,"href":"https:\/\/diariodominicano.com\/index.php?rest_route=%2Fwp%2Fv2%2Ftags&post=570263"}],"curies":[{"name":"wp","href":"https:\/\/api.w.org\/{rel}","templated":true}]}}