{"id":570257,"date":"2024-10-29T11:48:40","date_gmt":"2024-10-29T15:48:40","guid":{"rendered":"https:\/\/diariodominicano.com\/?p=570257"},"modified":"2024-10-29T12:02:08","modified_gmt":"2024-10-29T16:02:08","slug":"jose-ruben-zamora-a-ap-periodistas-en-guatemala-temen-acabar-en-la-carcel-si-hacen-investigaciones","status":"publish","type":"post","link":"https:\/\/diariodominicano.com\/?p=570257","title":{"rendered":"Jos\u00e9 Rub\u00e9n Zamora a AP: periodistas en Guatemala temen acabar en la c\u00e1rcel si hacen investigaciones"},"content":{"rendered":"\n<p>Jos\u00e9 Rub\u00e9n Zamora<\/p>\n\n\n\n<ul class=\"wp-block-list\">\n<li>28 de octubre de 2024<\/li>\n\n\n\n<li>22:41<\/li>\n\n\n\n<li><\/li>\n<\/ul>\n\n\n\n<hr class=\"wp-block-separator has-alpha-channel-opacity\"\/>\n\n\n\n<p>Ciudad de guatemala (ap) \u2014 en su primera semana en libertad, tras pasar dos a\u00f1os en prisi\u00f3n sin condena, el periodista guatemalteco jos\u00e9 rub\u00e9n zamora reflexiona en su primera entrevista, concedida a the associated press, sobre la dif\u00edcil situaci\u00f3n de la prensa en su pa\u00eds y sobre el temor de los periodistas de terminar en la c\u00e1rcel por investigar la corrupci\u00f3n.<\/p>\n\n\n\n<p>Su detenci\u00f3n, en julio de 2022, a ra\u00edz de una investigaci\u00f3n de la fiscal\u00eda en su contra, ha afectado el periodismo en el pa\u00eds: \u201cNo s\u00f3lo hay periodistas importantes en el exilio, sino que en el inconsciente de los periodistas que siguen en Guatemala existe un fantasma por peque\u00f1o que sea de que (al investigar) pueden terminar en la c\u00e1rcel\u201d.<\/p>\n\n\n\n<p>Zamora, un periodista de 68 a\u00f1os reconocido en Guatemala por las investigaciones del medio que fund\u00f3 \u2014El Peri\u00f3dico\u2014 sobre corrupci\u00f3n en los gobiernos anteriores y en el sistema judicial, enfrent\u00f3 dos procesos penales. Uno por lavado de activos y otro por obstrucci\u00f3n a la justicia. Asegura que fue detenido por su trabajo period\u00edstico.<\/p>\n\n\n\n<p>Como para la prensa, \u00e9l mismo vislumbra un futuro un poco incierto. A\u00fan no tiene ninguna propuesta para reintegrarse al periodismo, lo que s\u00ed hay es un inter\u00e9s de la fiscal\u00eda por que regrese a prisi\u00f3n. En la audiencia en que fue ordenada su excarcelaci\u00f3n, el juez de la causa revel\u00f3 que hab\u00eda una nueva investigaci\u00f3n en curso contra Zamora.<\/p>\n\n\n\n<p>\u201cNo hay democracia sin prensa o periodistas independientes\u201d, subraya. Y dice que lo vivido en los m\u00e1s de 800 d\u00edas preso en una c\u00e1rcel de Guatemala \u2014en donde denunci\u00f3 haber recibido tratos vejatorios\u2014, tendr\u00e1 m\u00e1s impacto en su vida que lo hecho en 30 a\u00f1os como periodista.<\/p>\n\n\n\n<p>El fiscal acusador de su caso, Rafael Curruchiche, ha pedido que se revoque el arresto domiciliario que le concedi\u00f3 un juez, aduciendo que hay peligro de fuga. Zamora dice que se quedar\u00e1 en el pa\u00eds a enfrentar la justicia, porque es inocente de las acusaciones.<\/p>\n\n\n\n<p>Sali\u00f3 de la c\u00e1rcel el s\u00e1bado 19 de octubre, luego de que el juez Erick Garc\u00eda, citando convenios nacionales e internacionales en materia de derechos humanos, mencionara que la prisi\u00f3n preventiva cumplida por Zamora \u201chab\u00eda excedido el tiempo que permite la ley\u201d.<\/p>\n\n\n\n<p>Un d\u00eda despu\u00e9s de esa decisi\u00f3n volvi\u00f3 a su casa, a su \u201ciglesia\u201d, como dice \u00e9l. \u00abTodo lo bueno y lo malo que me ha pasado ha sido aqu\u00ed\u201d.<\/p>\n\n\n\n<p>La fiscal\u00eda allan\u00f3 su vivienda y detuvo al periodista en julio de 2022. Le acusaba de lavado de dinero por haber pedir a un amigo que bancarizara unos 38.000 d\u00f3lares que, seg\u00fan Zamora, eran producto de una donaci\u00f3n para El Peri\u00f3dico.<\/p>\n\n\n\n<p>Su defensa aleg\u00f3 que no fue \u00e9l mismo quien bancariz\u00f3 el dinero porque la persona que hab\u00eda hecho la donaci\u00f3n no quer\u00eda recibir represalias por financiar al medio. El dinero nunca entr\u00f3 al sistema bancario. El periodista fue condenado a seis a\u00f1os de c\u00e1rcel por este caso, pero el fallo fue anulado por fallas en el debido proceso.<\/p>\n\n\n\n<p>A su regreso al hogar, encontr\u00f3 una casa vac\u00eda que a\u00fan guarda olor a encierro y abandono. Sin su familia, que tambi\u00e9n tuvo que buscar el exilio por temor a que la criminalizaci\u00f3n que Zamora dice haber sufrido tambi\u00e9n les alcanzara.<\/p>\n\n\n\n<p>Dice que es t\u00edmido y que le apena ser ahora el blanco de noticias y de entrevistas. Asume que a\u00fan puede sentir las secuelas de la prisi\u00f3n en sus huesos, pero se siente m\u00e1s cerca de su familia, con qui\u00e9n ya puede hablar.<\/p>\n\n\n\n<p>\u201cFrancamente, esa sensaci\u00f3n de no tener dinero que sea m\u00edo, es complicado&#8230; Y tampoco tengo c\u00f3mo movilizarme\u201d, describe. A ra\u00edz de su aprehensi\u00f3n, tuvo que vender veh\u00edculos y otros enseres para poder pagar su defensa. Ahora depende econ\u00f3micamente de sus hijos.<\/p>\n\n\n\n<p>A su salida de prisi\u00f3n, dijo que su salud ser\u00eda su prioridad. Aunque como periodista, ha preferido darle prioridad a contar su historia y en los pr\u00f3ximos d\u00edas visitar\u00e1 a sus m\u00e9dicos y se har\u00e1 ex\u00e1menes de salud. Cada mi\u00e9rcoles tiene la obligaci\u00f3n de ir a la fiscal\u00eda para poner su huella digital; es una de las medidas sustitutivas de la prisi\u00f3n.<\/p>\n\n\n\n<p>No deja de estar sorprendido por c\u00f3mo la gente, incluso agentes y empleados de la fiscal\u00eda, le han mostrado afecto. \u201cMe preocupa que la gente me salude, porque pueden tener alguna consecuencia\u201d, dice.<\/p>\n\n\n\n<p>Zamora hizo periodismo por 30 a\u00f1os \u201424 a\u00f1os de ellos como presidente de El Peri\u00f3dico\u2014 y asegura que las publicaciones para fiscalizar al poder son lo que le llevaron a ser perseguido por la fiscal\u00eda, especialmente las que hizo en contra del expresidente Alejandro Giammattei, quien reeligi\u00f3 a la actual fiscal general Consuelo Porras y que dijo ser amigo de ella.<\/p>\n\n\n\n<p>Con su detenci\u00f3n, el medio desapareci\u00f3 y ocho de sus periodistas y columnistas est\u00e1n en el exilio por publicar art\u00edculos sobre el abuso de poder de jueces y fiscales. Del diario solo conserva pilas de cajas de archivos con ejemplares acumuladas en el garaje de su casa.<\/p>\n\n\n\n<p>Uno de los primeros en visitar a Zamora tras su liberaci\u00f3n fue el presidente Bernardo Ar\u00e9valo.<\/p>\n\n\n\n<p>\u201cHablamos en general, nada personal\u00bb, resume el periodista. \u201cLe expliqu\u00e9 que en Guatemala nunca ha habido instituciones que se dediquen al control o fiscalizar con rigor. Por eso la importancia de la prensa: no hay persecuci\u00f3n ni castigo para los corruptos, m\u00e1s bien hay muros de impunidad\u201d.<\/p>\n\n\n\n<p>Sociedad Interamericana de Prensa (De tus contactos de Google)<\/p>\n\n\n\n<p><a href=\"mailto:clauria@sipiapa.org\" target=\"_blank\" rel=\"noreferrer noopener\">clauria@sipiapa.org<\/a><\/p>\n\n\n\n<p><a href=\"https:\/\/www.lanacion.com.ar\/distributor\/ap\/\"><strong>AP<\/strong><\/a><\/p>\n\n\n\n<p><a href=\"https:\/\/www.lanacion.com.ar\/\">LA NACION<\/a><a href=\"https:\/\/www.lanacion.com.ar\/agencias\/\"><em>&gt;<\/em>Agencias<\/a><\/p>\n","protected":false},"excerpt":{"rendered":"<p>Jos\u00e9 Rub\u00e9n Zamora Ciudad de guatemala (ap) \u2014 en su primera semana en libertad, tras pasar dos a\u00f1os en prisi\u00f3n sin condena, el periodista guatemalteco jos\u00e9 rub\u00e9n zamora reflexiona en su primera entrevista, concedida a the associated press, sobre la dif\u00edcil situaci\u00f3n de la prensa en su pa\u00eds y sobre el temor de los periodistas [&hellip;]<\/p>\n","protected":false},"author":28,"featured_media":570258,"comment_status":"closed","ping_status":"closed","sticky":true,"template":"","format":"standard","meta":{"footnotes":""},"categories":[36,23,24],"tags":[],"class_list":["post-570257","post","type-post","status-publish","format-standard","has-post-thumbnail","hentry","category-hombresmujeresycosas","category-internacional","category-justicia-y-derecho"],"_links":{"self":[{"href":"https:\/\/diariodominicano.com\/index.php?rest_route=\/wp\/v2\/posts\/570257","targetHints":{"allow":["GET"]}}],"collection":[{"href":"https:\/\/diariodominicano.com\/index.php?rest_route=\/wp\/v2\/posts"}],"about":[{"href":"https:\/\/diariodominicano.com\/index.php?rest_route=\/wp\/v2\/types\/post"}],"author":[{"embeddable":true,"href":"https:\/\/diariodominicano.com\/index.php?rest_route=\/wp\/v2\/users\/28"}],"replies":[{"embeddable":true,"href":"https:\/\/diariodominicano.com\/index.php?rest_route=%2Fwp%2Fv2%2Fcomments&post=570257"}],"version-history":[{"count":4,"href":"https:\/\/diariodominicano.com\/index.php?rest_route=\/wp\/v2\/posts\/570257\/revisions"}],"predecessor-version":[{"id":570267,"href":"https:\/\/diariodominicano.com\/index.php?rest_route=\/wp\/v2\/posts\/570257\/revisions\/570267"}],"wp:featuredmedia":[{"embeddable":true,"href":"https:\/\/diariodominicano.com\/index.php?rest_route=\/wp\/v2\/media\/570258"}],"wp:attachment":[{"href":"https:\/\/diariodominicano.com\/index.php?rest_route=%2Fwp%2Fv2%2Fmedia&parent=570257"}],"wp:term":[{"taxonomy":"category","embeddable":true,"href":"https:\/\/diariodominicano.com\/index.php?rest_route=%2Fwp%2Fv2%2Fcategories&post=570257"},{"taxonomy":"post_tag","embeddable":true,"href":"https:\/\/diariodominicano.com\/index.php?rest_route=%2Fwp%2Fv2%2Ftags&post=570257"}],"curies":[{"name":"wp","href":"https:\/\/api.w.org\/{rel}","templated":true}]}}