{"id":570174,"date":"2024-10-28T20:42:49","date_gmt":"2024-10-29T00:42:49","guid":{"rendered":"https:\/\/diariodominicano.com\/?p=570174"},"modified":"2024-10-29T09:48:55","modified_gmt":"2024-10-29T13:48:55","slug":"gloria-reyes-destaca-ventajas-de-fusion-entre-superate-y-adess","status":"publish","type":"post","link":"https:\/\/diariodominicano.com\/?p=570174","title":{"rendered":"Directora General explica ventajas de fusi\u00f3n entre Sup\u00e9rate y ADESS"},"content":{"rendered":"\n<p><strong><em>La directora general del programa gubernamental de protecci\u00f3n social dijo que el gobierno ha fortalecido la institucionalidad de la protecci\u00f3n social en el pa\u00eds, pero que siempre se puede mejorar.<\/em><\/strong><\/p>\n\n\n\n<p><strong>SANTO DOMINGO, 28 de octubre de 2024.-&nbsp; Gloria Reyes, directora general del principal programa gubernamental de protecci\u00f3n social, afirm\u00f3 este lunes que el proyecto de fusi\u00f3n entre Sup\u00e9rate y la Administradora de Subsidios Sociales (ADESS) tiene como prioridad robustecer y eficientizar la ruta de la inclusi\u00f3n social y la mejora de calidad de vida de las familias dominicanas en condici\u00f3n de vulnerabilidad.<\/strong><\/p>\n\n\n\n<p><strong>Explic\u00f3 que la decisi\u00f3n del gobierno que encabeza Luis Abinader, de unificar ambas instituciones, est\u00e1 amparada en los avances demostrados en cuanto a la digitalizaci\u00f3n de los mecanismos de pagos y el potencial de mejora y eficiencia en el servicio a la poblaci\u00f3n beneficiaria de subsidios, tales como Alim\u00e9ntate, Bono Luz, Bono Gas, entre otros.<\/strong><\/p>\n\n\n\n<figure class=\"wp-block-gallery has-nested-images columns-default is-cropped wp-block-gallery-1 is-layout-flex wp-block-gallery-is-layout-flex\">\n<figure class=\"wp-block-image size-large\"><img loading=\"lazy\" decoding=\"async\" width=\"682\" height=\"1024\" data-id=\"570180\" src=\"https:\/\/diariodominicano.com\/wp-content\/uploads\/2024\/10\/La-directora-general-de-Superate-Gloria-Reyes-supervisa-el-proceso-de-cambio-de-tarjeta-de-banda-a-chip\u00bf-682x1024.jpg\" alt=\"\" class=\"wp-image-570180\" srcset=\"https:\/\/diariodominicano.com\/wp-content\/uploads\/2024\/10\/La-directora-general-de-Superate-Gloria-Reyes-supervisa-el-proceso-de-cambio-de-tarjeta-de-banda-a-chip\u00bf-682x1024.jpg 682w, https:\/\/diariodominicano.com\/wp-content\/uploads\/2024\/10\/La-directora-general-de-Superate-Gloria-Reyes-supervisa-el-proceso-de-cambio-de-tarjeta-de-banda-a-chip\u00bf-200x300.jpg 200w, https:\/\/diariodominicano.com\/wp-content\/uploads\/2024\/10\/La-directora-general-de-Superate-Gloria-Reyes-supervisa-el-proceso-de-cambio-de-tarjeta-de-banda-a-chip\u00bf-768x1152.jpg 768w, https:\/\/diariodominicano.com\/wp-content\/uploads\/2024\/10\/La-directora-general-de-Superate-Gloria-Reyes-supervisa-el-proceso-de-cambio-de-tarjeta-de-banda-a-chip\u00bf-816x1224.jpg 816w, https:\/\/diariodominicano.com\/wp-content\/uploads\/2024\/10\/La-directora-general-de-Superate-Gloria-Reyes-supervisa-el-proceso-de-cambio-de-tarjeta-de-banda-a-chip\u00bf.jpg 853w\" sizes=\"auto, (max-width: 682px) 100vw, 682px\" \/><\/figure>\n\n\n\n<figure class=\"wp-block-image size-large\"><img loading=\"lazy\" decoding=\"async\" width=\"682\" height=\"1024\" data-id=\"570179\" src=\"https:\/\/diariodominicano.com\/wp-content\/uploads\/2024\/10\/Gloria-Reyes-directora-de-Superate-junto-a-uno-de-los-beneficiarios-del-subsidio-Alimentate-682x1024.jpg\" alt=\"\" class=\"wp-image-570179\" srcset=\"https:\/\/diariodominicano.com\/wp-content\/uploads\/2024\/10\/Gloria-Reyes-directora-de-Superate-junto-a-uno-de-los-beneficiarios-del-subsidio-Alimentate-682x1024.jpg 682w, https:\/\/diariodominicano.com\/wp-content\/uploads\/2024\/10\/Gloria-Reyes-directora-de-Superate-junto-a-uno-de-los-beneficiarios-del-subsidio-Alimentate-200x300.jpg 200w, https:\/\/diariodominicano.com\/wp-content\/uploads\/2024\/10\/Gloria-Reyes-directora-de-Superate-junto-a-uno-de-los-beneficiarios-del-subsidio-Alimentate-768x1152.jpg 768w, https:\/\/diariodominicano.com\/wp-content\/uploads\/2024\/10\/Gloria-Reyes-directora-de-Superate-junto-a-uno-de-los-beneficiarios-del-subsidio-Alimentate-816x1224.jpg 816w, https:\/\/diariodominicano.com\/wp-content\/uploads\/2024\/10\/Gloria-Reyes-directora-de-Superate-junto-a-uno-de-los-beneficiarios-del-subsidio-Alimentate.jpg 853w\" sizes=\"auto, (max-width: 682px) 100vw, 682px\" \/><\/figure>\n<\/figure>\n\n\n\n<p><strong>Uno de los puntos que destaca Reyes, a trav\u00e9s de un comunicado de prensa, es que en los \u00faltimos cuatro a\u00f1os se han incorporado los pagos digitales a trav\u00e9s de cuentas b\u00e1sicas de ahorro, profundizando la bancarizaci\u00f3n de la poblaci\u00f3n m\u00e1s vulnerable. \u201cEsto permite una mejor focalizaci\u00f3n de los servicios y beneficios que presta el Estado, una mayor transparencia de c\u00f3mo se destinan, y por tanto evitar discrecionalidad en el destino de los mismos\u201d.<\/strong><\/p>\n\n\n\n<figure class=\"wp-block-gallery has-nested-images columns-default is-cropped wp-block-gallery-2 is-layout-flex wp-block-gallery-is-layout-flex\">\n<figure class=\"wp-block-image size-large\"><img loading=\"lazy\" decoding=\"async\" width=\"1024\" height=\"682\" data-id=\"570178\" src=\"https:\/\/diariodominicano.com\/wp-content\/uploads\/2024\/10\/Entrega-de-tarjeta-de-subsidios-sociales-a-beneficiarios-1024x682.jpg\" alt=\"\" class=\"wp-image-570178\" srcset=\"https:\/\/diariodominicano.com\/wp-content\/uploads\/2024\/10\/Entrega-de-tarjeta-de-subsidios-sociales-a-beneficiarios-1024x682.jpg 1024w, https:\/\/diariodominicano.com\/wp-content\/uploads\/2024\/10\/Entrega-de-tarjeta-de-subsidios-sociales-a-beneficiarios-300x200.jpg 300w, https:\/\/diariodominicano.com\/wp-content\/uploads\/2024\/10\/Entrega-de-tarjeta-de-subsidios-sociales-a-beneficiarios-768x512.jpg 768w, https:\/\/diariodominicano.com\/wp-content\/uploads\/2024\/10\/Entrega-de-tarjeta-de-subsidios-sociales-a-beneficiarios-816x544.jpg 816w, https:\/\/diariodominicano.com\/wp-content\/uploads\/2024\/10\/Entrega-de-tarjeta-de-subsidios-sociales-a-beneficiarios.jpg 1280w\" sizes=\"auto, (max-width: 1024px) 100vw, 1024px\" \/><\/figure>\n<\/figure>\n\n\n\n<p><strong>Reyes dijo que el gobierno ha fortalecido la institucionalidad de la protecci\u00f3n social en el pa\u00eds, pero que siempre se puede mejorar. \u201cY aqu\u00ed queremos ser muy claros, la creaci\u00f3n del Sistema \u00danico de Beneficiarios (SIUBEN), la implementaci\u00f3n de Programas de Transferencias Monetarias Condicionadas (TCM) en el pa\u00eds, y la creaci\u00f3n de la Administradora de Subsidios Sociales (ADESS) fueron importantes para que nuestro pa\u00eds tenga los impactos en reducci\u00f3n de pobreza que tenemos actualmente, este modelo cumpli\u00f3 un rol y un ciclo\u201d.<\/strong><\/p>\n\n\n\n<p><strong>En el mismo contexto agreg\u00f3 que \u201cesta institucionalidad qued\u00f3 rezagada y obsoleta, por lo que se ha tenido que fortalecer y adecuarse a esta nueva \u00e9poca, donde las tecnolog\u00edas y la digitalizaci\u00f3n de pagos han revolucionado las respuestas del Estado a los participantes de estos programas, especialmente para que sea m\u00e1s eficiente, m\u00e1s eficaz y dando una respuesta m\u00e1s integrada de la protecci\u00f3n social a los hogares dominicanos, especialmente los que tienen mayor condici\u00f3n de pobreza y vulnerabilidad\u201d.<\/strong><\/p>\n\n\n\n<p><strong>La directora general de Sup\u00e9rate indic\u00f3 que en un reciente informe, el Banco Mundial, sobre protecci\u00f3n social adaptativa, reconoce la labor de Rep\u00fablica Dominicana y destaca que el pa\u00eds se encuentra a la vanguardia en Am\u00e9rica Latina y El Caribe. \u201cSeg\u00fan el Banco Mundial, el \u00e9xito del sistema de protecci\u00f3n social adaptativa dominicano radica en su respuesta a desastres naturales, como el hurac\u00e1n Fiona y otras crisis, mediante la r\u00e1pida y efectiva respuesta del gobierno, a trav\u00e9s de la ampliaci\u00f3n en la cobertura y los montos de apoyo de Sup\u00e9rate\u201d.<\/strong><\/p>\n\n\n\n<p><strong>&nbsp;<\/strong><strong>&#8212;<\/strong><\/p>\n\n\n\n<p><strong>Prensa Sup\u00e9rate<\/strong><br><strong>Sup\u00e9rate Prensa &lt;<\/strong><a href=\"mailto:superateprensa@gmail.com\"><strong>superateprensa@gmail.com<\/strong><\/a><strong>&gt;<\/strong><\/p>\n","protected":false},"excerpt":{"rendered":"<p>La directora general del programa gubernamental de protecci\u00f3n social dijo que el gobierno ha fortalecido la institucionalidad de la protecci\u00f3n social en el pa\u00eds, pero que siempre se puede mejorar. SANTO DOMINGO, 28 de octubre de 2024.-&nbsp; Gloria Reyes, directora general del principal programa gubernamental de protecci\u00f3n social, afirm\u00f3 este lunes que el proyecto de [&hellip;]<\/p>\n","protected":false},"author":7,"featured_media":570181,"comment_status":"closed","ping_status":"closed","sticky":true,"template":"","format":"standard","meta":{"footnotes":""},"categories":[36],"tags":[656,655,388],"class_list":["post-570174","post","type-post","status-publish","format-standard","has-post-thumbnail","hentry","category-hombresmujeresycosas","tag-adess","tag-gloria","tag-superate"],"_links":{"self":[{"href":"https:\/\/diariodominicano.com\/index.php?rest_route=\/wp\/v2\/posts\/570174","targetHints":{"allow":["GET"]}}],"collection":[{"href":"https:\/\/diariodominicano.com\/index.php?rest_route=\/wp\/v2\/posts"}],"about":[{"href":"https:\/\/diariodominicano.com\/index.php?rest_route=\/wp\/v2\/types\/post"}],"author":[{"embeddable":true,"href":"https:\/\/diariodominicano.com\/index.php?rest_route=\/wp\/v2\/users\/7"}],"replies":[{"embeddable":true,"href":"https:\/\/diariodominicano.com\/index.php?rest_route=%2Fwp%2Fv2%2Fcomments&post=570174"}],"version-history":[{"count":2,"href":"https:\/\/diariodominicano.com\/index.php?rest_route=\/wp\/v2\/posts\/570174\/revisions"}],"predecessor-version":[{"id":570203,"href":"https:\/\/diariodominicano.com\/index.php?rest_route=\/wp\/v2\/posts\/570174\/revisions\/570203"}],"wp:featuredmedia":[{"embeddable":true,"href":"https:\/\/diariodominicano.com\/index.php?rest_route=\/wp\/v2\/media\/570181"}],"wp:attachment":[{"href":"https:\/\/diariodominicano.com\/index.php?rest_route=%2Fwp%2Fv2%2Fmedia&parent=570174"}],"wp:term":[{"taxonomy":"category","embeddable":true,"href":"https:\/\/diariodominicano.com\/index.php?rest_route=%2Fwp%2Fv2%2Fcategories&post=570174"},{"taxonomy":"post_tag","embeddable":true,"href":"https:\/\/diariodominicano.com\/index.php?rest_route=%2Fwp%2Fv2%2Ftags&post=570174"}],"curies":[{"name":"wp","href":"https:\/\/api.w.org\/{rel}","templated":true}]}}