{"id":570124,"date":"2024-10-28T19:43:00","date_gmt":"2024-10-28T23:43:00","guid":{"rendered":"https:\/\/diariodominicano.com\/?p=570124"},"modified":"2024-10-28T19:43:09","modified_gmt":"2024-10-28T23:43:09","slug":"nuevo-record-de-niveles-de-gases-de-efecto-invernadero-en-2023","status":"publish","type":"post","link":"https:\/\/diariodominicano.com\/?p=570124","title":{"rendered":"Nuevo r\u00e9cord de niveles de gases de efecto invernadero en 2023"},"content":{"rendered":"\n<p>diariodominicano.com<\/p>\n\n\n\n<p>Ginebra, 28 oct (Prensa Latina) En 2023, los niveles de gases de efecto invernadero aumentaron hasta alcanzar un nuevo r\u00e9cord, lo cual condena al planeta a d\u00e9cadas de elevadas temperaturas, seg\u00fan un informe de la Organizaci\u00f3n Meteorol\u00f3gica Mundial (OMM) divulgado hoy.<\/p>\n\n\n\n<p>De acuerdo con el Bolet\u00edn anual sobre gases de efecto invernadero de la OMM, el di\u00f3xido de carbono (CO2) se est\u00e1 acumulando en la atm\u00f3sfera a un ritmo nunca visto en la historia de la humanidad, aumentando m\u00e1s de un 10 por ciento en tan solo 20 a\u00f1os.<\/p>\n\n\n\n<p>En el transcurso del pasado a\u00f1o las emisiones de CO2 de los grandes incendios de vegetaci\u00f3n y una posible reducci\u00f3n de la absorci\u00f3n de carbono por parte de los bosques, combinadas con las persistentemente altas emisiones de CO2 de los combustibles f\u00f3siles procedentes de las actividades humanas e industriales, impulsaron el aumento.<\/p>\n\n\n\n<p>Los expertos detallaron que en ese periodo la concentraci\u00f3n media mundial de CO2 en la superficie alcanz\u00f3 420,0 partes por mill\u00f3n (ppm), la de metano 1.934 partes por mil millones y la de \u00f3xido nitroso 336,9 partes por mil millones.<\/p>\n\n\n\n<p>Estos valores son el 151, el 265 y el 125 por ciento, respectivamente, de los niveles preindustriales (antes de 1750).<\/p>\n\n\n\n<p>El aumento de CO2 en la atm\u00f3sfera en 2023 fue mayor que el de 2022, aunque menor que el de los tres a\u00f1os anteriores.<\/p>\n\n\n\n<p>El incremento anual de 2,3 ppm marc\u00f3 el duod\u00e9cimo a\u00f1o consecutivo con un aumento superior a 2 ppm.<\/p>\n\n\n\n<p>Son m\u00e1s que simples estad\u00edsticas, pues cada parte por mill\u00f3n y cada fracci\u00f3n de grado de aumento de la temperatura tienen un impacto real en nuestras vidas y nuestro planeta, afirm\u00f3 la secretaria general de la OMM, Celeste Saulo.<\/p>\n\n\n\n<p>\u201cEstamos claramente lejos de cumplir el objetivo del Acuerdo de Par\u00eds de limitar el calentamiento global muy por debajo de los 2 \u00b0C y aspirar a un aumento de 1,5 \u00b0C por encima de los niveles preindustriales\u201d, dijo, y apunt\u00f3 que tales datos deber\u00edan hacer sonar las alarmas entre los responsables de la toma de decisiones.<\/p>\n\n\n\n<p>La OMM precis\u00f3 que la \u00faltima vez que la Tierra experiment\u00f3 una concentraci\u00f3n comparable de CO2 fue hace entre tres y cinco millones de a\u00f1os, cuando la temperatura era entre dos y tres \u00b0C m\u00e1s c\u00e1lida y el nivel del mar era entre 10 y 20 metros m\u00e1s alto que ahora.<\/p>\n\n\n\n<p>jha\/lpn<\/p>\n","protected":false},"excerpt":{"rendered":"<p>diariodominicano.com Ginebra, 28 oct (Prensa Latina) En 2023, los niveles de gases de efecto invernadero aumentaron hasta alcanzar un nuevo r\u00e9cord, lo cual condena al planeta a d\u00e9cadas de elevadas temperaturas, seg\u00fan un informe de la Organizaci\u00f3n Meteorol\u00f3gica Mundial (OMM) divulgado hoy. De acuerdo con el Bolet\u00edn anual sobre gases de efecto invernadero de la [&hellip;]<\/p>\n","protected":false},"author":5,"featured_media":570125,"comment_status":"closed","ping_status":"closed","sticky":true,"template":"","format":"standard","meta":{"footnotes":""},"categories":[23,27],"tags":[],"class_list":["post-570124","post","type-post","status-publish","format-standard","has-post-thumbnail","hentry","category-internacional","category-portada"],"_links":{"self":[{"href":"https:\/\/diariodominicano.com\/index.php?rest_route=\/wp\/v2\/posts\/570124","targetHints":{"allow":["GET"]}}],"collection":[{"href":"https:\/\/diariodominicano.com\/index.php?rest_route=\/wp\/v2\/posts"}],"about":[{"href":"https:\/\/diariodominicano.com\/index.php?rest_route=\/wp\/v2\/types\/post"}],"author":[{"embeddable":true,"href":"https:\/\/diariodominicano.com\/index.php?rest_route=\/wp\/v2\/users\/5"}],"replies":[{"embeddable":true,"href":"https:\/\/diariodominicano.com\/index.php?rest_route=%2Fwp%2Fv2%2Fcomments&post=570124"}],"version-history":[{"count":1,"href":"https:\/\/diariodominicano.com\/index.php?rest_route=\/wp\/v2\/posts\/570124\/revisions"}],"predecessor-version":[{"id":570126,"href":"https:\/\/diariodominicano.com\/index.php?rest_route=\/wp\/v2\/posts\/570124\/revisions\/570126"}],"wp:featuredmedia":[{"embeddable":true,"href":"https:\/\/diariodominicano.com\/index.php?rest_route=\/wp\/v2\/media\/570125"}],"wp:attachment":[{"href":"https:\/\/diariodominicano.com\/index.php?rest_route=%2Fwp%2Fv2%2Fmedia&parent=570124"}],"wp:term":[{"taxonomy":"category","embeddable":true,"href":"https:\/\/diariodominicano.com\/index.php?rest_route=%2Fwp%2Fv2%2Fcategories&post=570124"},{"taxonomy":"post_tag","embeddable":true,"href":"https:\/\/diariodominicano.com\/index.php?rest_route=%2Fwp%2Fv2%2Ftags&post=570124"}],"curies":[{"name":"wp","href":"https:\/\/api.w.org\/{rel}","templated":true}]}}