{"id":570108,"date":"2024-10-28T18:57:21","date_gmt":"2024-10-28T22:57:21","guid":{"rendered":"https:\/\/diariodominicano.com\/?p=570108"},"modified":"2024-10-28T18:57:30","modified_gmt":"2024-10-28T22:57:30","slug":"mision-del-fmi-visita-ecuador-para-revisar-perspectivas-economicas","status":"publish","type":"post","link":"https:\/\/diariodominicano.com\/?p=570108","title":{"rendered":"Misi\u00f3n del FMI visita Ecuador para revisar perspectivas econ\u00f3micas"},"content":{"rendered":"\n<p>diariodominicano.com<\/p>\n\n\n\n<p>QUITO, 28 oct (Xinhua) &#8212; Una misi\u00f3n del Fondo Monetario Internacional (FMI) visita Ecuador para discutir con las autoridades locales las perspectivas y pol\u00edticas econ\u00f3micas del pa\u00eds sudamericano, inform\u00f3 hoy lunes el Ministerio de Econom\u00eda y Finanzas. En un comunicado, indic\u00f3 que el equipo del FMI se encuentra en Quito para llevar a cabo una agenda de trabajo con esta cartera de Estado y otras instituciones. En estas reuniones, la misi\u00f3n del organismo multilateral tambi\u00e9n compartir\u00e1 los avances que Ecuador ha logrado en la implementaci\u00f3n de su programa econ\u00f3mico en el contexto del Acuerdo de Servicio Ampliado del FMI (SAF). \u00abEste acuerdo, aprobado por el directorio ejecutivo del FMI el 31 de mayo pasado, tiene como finalidad respaldar el programa econ\u00f3mico del Ecuador buscando fortalecer la situaci\u00f3n fiscal, garantizando la protecci\u00f3n social y otras \u00e1reas prioritarias\u00bb, precis\u00f3 el FMI. De igual manera, agreg\u00f3 que el programa econ\u00f3mico busca proteger la estabilidad macroecon\u00f3mica del pa\u00eds andino \u00abcon el objetivo final de alcanzar un crecimiento econ\u00f3mico inclusivo y con oportunidades de empleo para la ciudadan\u00eda\u00bb. En mayo pasado, Ecuador y el FMI alcanzaron un acuerdo para un programa de cr\u00e9dito por 4.000 millones de d\u00f3lares, de los cuales, el Gobierno de Daniel Noboa, ya recibi\u00f3 un primer desembolso de 1.000 millones de d\u00f3lares en junio pasado. Est\u00e1 previsto que el FMI realice otro desembolso de 500 millones de d\u00f3lares a finales de este a\u00f1o, pero para ello, se necesita que el Gobierno cumpla las metas establecidas en el programa SAF, que tiene una duraci\u00f3n de 48 meses. El pasado 22 de octubre, el FMI actualiz\u00f3 la previsi\u00f3n del crecimiento econ\u00f3mico de Ecuador a 0,3 por ciento en 2024, un nivel mejor\u00eda frente a la proyecci\u00f3n hecha en abril pasado de 0,1 puntos porcentuales, de acuerdo con su \u00faltimo informe Perspectivas. de la Econom\u00eda Mundial. La econom\u00eda ecuatoriana decreci\u00f3 2,2 por ciento en el segundo trimestre de 2024 en comparaci\u00f3n con el mismo periodo del a\u00f1o anterior, seg\u00fan el Banco Central de Ecuador. Este comportamiento se debi\u00f3 a contracciones en el consumo de los hogares, el gasto del Gobierno y en las inversiones. El panorama econ\u00f3mico tambi\u00e9n se ha complicado por la crisis el\u00e9ctrica que enfrenta el pa\u00eds, debido a una extrema sequ\u00eda, lo que llev\u00f3 al Gobierno a aplicar cortes de luz de hasta 14 horas diarias desde el pasado 23 de septiembre.<\/p>\n","protected":false},"excerpt":{"rendered":"<p>diariodominicano.com QUITO, 28 oct (Xinhua) &#8212; Una misi\u00f3n del Fondo Monetario Internacional (FMI) visita Ecuador para discutir con las autoridades locales las perspectivas y pol\u00edticas econ\u00f3micas del pa\u00eds sudamericano, inform\u00f3 hoy lunes el Ministerio de Econom\u00eda y Finanzas. En un comunicado, indic\u00f3 que el equipo del FMI se encuentra en Quito para llevar a cabo [&hellip;]<\/p>\n","protected":false},"author":5,"featured_media":570109,"comment_status":"closed","ping_status":"closed","sticky":true,"template":"","format":"standard","meta":{"footnotes":""},"categories":[23,27],"tags":[],"class_list":["post-570108","post","type-post","status-publish","format-standard","has-post-thumbnail","hentry","category-internacional","category-portada"],"_links":{"self":[{"href":"https:\/\/diariodominicano.com\/index.php?rest_route=\/wp\/v2\/posts\/570108","targetHints":{"allow":["GET"]}}],"collection":[{"href":"https:\/\/diariodominicano.com\/index.php?rest_route=\/wp\/v2\/posts"}],"about":[{"href":"https:\/\/diariodominicano.com\/index.php?rest_route=\/wp\/v2\/types\/post"}],"author":[{"embeddable":true,"href":"https:\/\/diariodominicano.com\/index.php?rest_route=\/wp\/v2\/users\/5"}],"replies":[{"embeddable":true,"href":"https:\/\/diariodominicano.com\/index.php?rest_route=%2Fwp%2Fv2%2Fcomments&post=570108"}],"version-history":[{"count":1,"href":"https:\/\/diariodominicano.com\/index.php?rest_route=\/wp\/v2\/posts\/570108\/revisions"}],"predecessor-version":[{"id":570110,"href":"https:\/\/diariodominicano.com\/index.php?rest_route=\/wp\/v2\/posts\/570108\/revisions\/570110"}],"wp:featuredmedia":[{"embeddable":true,"href":"https:\/\/diariodominicano.com\/index.php?rest_route=\/wp\/v2\/media\/570109"}],"wp:attachment":[{"href":"https:\/\/diariodominicano.com\/index.php?rest_route=%2Fwp%2Fv2%2Fmedia&parent=570108"}],"wp:term":[{"taxonomy":"category","embeddable":true,"href":"https:\/\/diariodominicano.com\/index.php?rest_route=%2Fwp%2Fv2%2Fcategories&post=570108"},{"taxonomy":"post_tag","embeddable":true,"href":"https:\/\/diariodominicano.com\/index.php?rest_route=%2Fwp%2Fv2%2Ftags&post=570108"}],"curies":[{"name":"wp","href":"https:\/\/api.w.org\/{rel}","templated":true}]}}