{"id":570063,"date":"2024-10-28T16:01:29","date_gmt":"2024-10-28T20:01:29","guid":{"rendered":"https:\/\/diariodominicano.com\/?p=570063"},"modified":"2024-10-28T16:01:33","modified_gmt":"2024-10-28T20:01:33","slug":"asociacion-cibao-culmina-exitoso-ciclo-de-formacion-para-fortalecer-asfl-en-todo-el-pais","status":"publish","type":"post","link":"https:\/\/diariodominicano.com\/?p=570063","title":{"rendered":"Asociaci\u00f3n Cibao culmina exitoso ciclo de formaci\u00f3n para fortalecer ASFL en todo el pa\u00eds"},"content":{"rendered":"\n<p><strong><em>El ciclo de capacitaciones se realiz\u00f3 en alianza con INTEC y forma parte de las acciones de la instituci\u00f3n financiera para promover el desarrollo sostenible y el bienestar social del pa\u00eds<\/em><\/strong><\/p>\n\n\n\n<p><strong>Santiago, Rep\u00fablica Dominicana.-<\/strong>&nbsp;La Asociaci\u00f3n Cibao de Ahorros y Pr\u00e9stamos, en colaboraci\u00f3n con el Instituto Tecnol\u00f3gico de Santo Domingo (INTEC), celebr\u00f3 la clausura de su m\u00e1s reciente ciclo de capacitaciones destinado a fortalecer las capacidades institucionales de las Asociaciones Sin Fines de Lucro (ASFL) en la Rep\u00fablica Dominicana.&nbsp;<\/p>\n\n\n\n<p>Este a\u00f1o, el programa benefici\u00f3 a 130 representantes de 115 organizaciones provenientes de diversas provincias del pa\u00eds, acumulando m\u00e1s de 5,400 horas de formaci\u00f3n.<\/p>\n\n\n\n<p>La iniciativa incluy\u00f3 un conjunto de tres formaciones especializadas que abordan \u00e1reas cr\u00edticas para la sostenibilidad y transparencia del sector social. Entre los cursos ofrecidos se destacan el taller de&nbsp;<strong>Cumplimiento, Transparencia y Rendici\u00f3n de Cuentas para ASFL, el diplomado en Gesti\u00f3n Administrativa de ASFL y dos versiones del taller intensivo de Metodolog\u00edas de Planificaci\u00f3n Estrat\u00e9gica y T\u00e1ctica<\/strong>.<\/p>\n\n\n\n<p>Yara Hern\u00e1ndez, VP de Comunicaciones y Sostenibilidad de la Asociaci\u00f3n Cibao expres\u00f3 el compromiso continuo de la entidad con el fortalecimiento de las ASFL a trav\u00e9s de programas educativos que, adem\u00e1s de mejorar la gesti\u00f3n interna de estas organizaciones, impactan directamente en el desarrollo de las comunidades a las que sirven.<\/p>\n\n\n\n<p>\u00abDesde el 2019, hemos certificado a m\u00e1s de 480 participantes en nuestros diplomados, con una inversi\u00f3n acumulada de m\u00e1s de RD$5 millones en capacitaciones. Este esfuerzo es parte integral de nuestra estrategia de inversi\u00f3n social, orientada a generar un impacto sostenible en las comunidades\u00bb, asegur\u00f3 Hern\u00e1ndez.<\/p>\n\n\n\n<p>La ejecutiva aprovech\u00f3 la ocasi\u00f3n para anunciar la pr\u00f3xima convocatoria de los Fondos Concursables de la Asociaci\u00f3n Cibao, pautada para el&nbsp;<strong>1 de noviembre de 2024<\/strong>, con el objetivo de seguir apoyando a las organizaciones sociales; y un taller sobre&nbsp;<strong>Elaboraci\u00f3n de Proyectos<\/strong>&nbsp;para brindar asistencia t\u00e9cnica en la preparaci\u00f3n de propuestas s\u00f3lidas y estrat\u00e9gicas.<\/p>\n\n\n\n<p>Este programa de capacitaciones para ASFL es una pieza clave dentro de las acciones de la Asociaci\u00f3n Cibao para promover el fortalecimiento de las capacidades de gesti\u00f3n de las ASFL y el desarrollo sostenible y social del pa\u00eds.&#8211;<\/p>\n\n\n\n<p>Nadelyn Franco Caro<\/p>\n\n\n\n<p>Nadelyn Franco Caro (De tus contactos de Google)<\/p>\n\n\n\n<p><a href=\"mailto:nadelyn@mediaticos.com.do\" target=\"_blank\" rel=\"noreferrer noopener\">nadelyn@mediaticos.com.do<\/a><\/p>\n\n\n\n<p>#Asociaci\u00f3n Cibao\u2003\u2002#alianza con INTEC<\/p>\n","protected":false},"excerpt":{"rendered":"<p>El ciclo de capacitaciones se realiz\u00f3 en alianza con INTEC y forma parte de las acciones de la instituci\u00f3n financiera para promover el desarrollo sostenible y el bienestar social del pa\u00eds Santiago, Rep\u00fablica Dominicana.-&nbsp;La Asociaci\u00f3n Cibao de Ahorros y Pr\u00e9stamos, en colaboraci\u00f3n con el Instituto Tecnol\u00f3gico de Santo Domingo (INTEC), celebr\u00f3 la clausura de su [&hellip;]<\/p>\n","protected":false},"author":28,"featured_media":570064,"comment_status":"closed","ping_status":"closed","sticky":true,"template":"","format":"standard","meta":{"footnotes":""},"categories":[36,18],"tags":[],"class_list":["post-570063","post","type-post","status-publish","format-standard","has-post-thumbnail","hentry","category-hombresmujeresycosas","category-economia"],"_links":{"self":[{"href":"https:\/\/diariodominicano.com\/index.php?rest_route=\/wp\/v2\/posts\/570063","targetHints":{"allow":["GET"]}}],"collection":[{"href":"https:\/\/diariodominicano.com\/index.php?rest_route=\/wp\/v2\/posts"}],"about":[{"href":"https:\/\/diariodominicano.com\/index.php?rest_route=\/wp\/v2\/types\/post"}],"author":[{"embeddable":true,"href":"https:\/\/diariodominicano.com\/index.php?rest_route=\/wp\/v2\/users\/28"}],"replies":[{"embeddable":true,"href":"https:\/\/diariodominicano.com\/index.php?rest_route=%2Fwp%2Fv2%2Fcomments&post=570063"}],"version-history":[{"count":1,"href":"https:\/\/diariodominicano.com\/index.php?rest_route=\/wp\/v2\/posts\/570063\/revisions"}],"predecessor-version":[{"id":570065,"href":"https:\/\/diariodominicano.com\/index.php?rest_route=\/wp\/v2\/posts\/570063\/revisions\/570065"}],"wp:featuredmedia":[{"embeddable":true,"href":"https:\/\/diariodominicano.com\/index.php?rest_route=\/wp\/v2\/media\/570064"}],"wp:attachment":[{"href":"https:\/\/diariodominicano.com\/index.php?rest_route=%2Fwp%2Fv2%2Fmedia&parent=570063"}],"wp:term":[{"taxonomy":"category","embeddable":true,"href":"https:\/\/diariodominicano.com\/index.php?rest_route=%2Fwp%2Fv2%2Fcategories&post=570063"},{"taxonomy":"post_tag","embeddable":true,"href":"https:\/\/diariodominicano.com\/index.php?rest_route=%2Fwp%2Fv2%2Ftags&post=570063"}],"curies":[{"name":"wp","href":"https:\/\/api.w.org\/{rel}","templated":true}]}}