{"id":570050,"date":"2024-10-28T18:44:31","date_gmt":"2024-10-28T22:44:31","guid":{"rendered":"https:\/\/diariodominicano.com\/?p=570050"},"modified":"2024-10-28T18:44:39","modified_gmt":"2024-10-28T22:44:39","slug":"estreno-mundial-de-filme-dominicano-tiguere-en-festival-de-sao-paulo","status":"publish","type":"post","link":"https:\/\/diariodominicano.com\/?p=570050","title":{"rendered":"Estreno mundial de filme dominicano Tiguere en festival de Sao Paulo"},"content":{"rendered":"\n<p>diariodominicano.com<\/p>\n\n\n\n<p>Santo Domingo, 28 oct (Prensa Latina) La pel\u00edcula dominicana \u201cTiguere\u201d, dirigida por Jos\u00e9 Mar\u00eda Cabral, tuvo su esperado estreno mundial en la Muestra Internacional de Cine de Sao Paulo, public\u00f3 hoy Cinedominicano.<\/p>\n\n\n\n<p>Este evento, que tiene lugar del 17 al 30 de octubre en Brasil, constituye uno de los m\u00e1s importantes en Am\u00e9rica Latina.<\/p>\n\n\n\n<p>\u201cTiguere\u00bb, protagonizada por Manny P\u00e9rez y Carlos Fern\u00e1ndez, forma parte de la secci\u00f3n \u201cPerspectiva Internacional\u201d, una categor\u00eda dedicada a fomentar el intercambio cultural mediante el s\u00e9ptimo arte.<\/p>\n\n\n\n<p>Junto a esta cinta, otras dos producciones representan a la Rep\u00fablica Dominicana en el certamen.<\/p>\n\n\n\n<p>Son estas \u201cSugar Island\u201d, dirigida por Johann\u00e9 G\u00f3mez, una coproducci\u00f3n dominico-espa\u00f1ola entre Guas\u00e1bara Cine y Tinglado Films, ganadora del Concurso P\u00fablico Fonprocine.<\/p>\n\n\n\n<p>En Brasil, \u00abSugar Island\u00bb participa en la secci\u00f3n \u201cCompetencia de Nuevos Directores\u201d, destacando por su calidad y la relevancia del talento emergente, indic\u00f3 Cinedominicano. Mientras, \u201cZafari\u201d, una coproducci\u00f3n que involucra a varios pa\u00edses latinoamericanos y europeos, cuenta con la participaci\u00f3n de la productora dominicana Sterlyn Ram\u00edrez.<\/p>\n\n\n\n<p>Esta cinta tambi\u00e9n se exhibe en la secci\u00f3n \u201cPerspectiva Internacional\u201d, y promueve el di\u00e1logo cultural entre creadores y espectadores.<\/p>\n\n\n\n<p>Las pel\u00edculas de Quisqueya tienen presencia en reconocidos espacios de esa ciudad, como el Instituto Moreira Salles, el Espa\u00e7o Augusta, Cinesystem Frei Caneca y la Reserva Cultural, seg\u00fan la misma fuente.<\/p>\n\n\n\n<p>rgh\/mpv<\/p>\n","protected":false},"excerpt":{"rendered":"<p>diariodominicano.com Santo Domingo, 28 oct (Prensa Latina) La pel\u00edcula dominicana \u201cTiguere\u201d, dirigida por Jos\u00e9 Mar\u00eda Cabral, tuvo su esperado estreno mundial en la Muestra Internacional de Cine de Sao Paulo, public\u00f3 hoy Cinedominicano. Este evento, que tiene lugar del 17 al 30 de octubre en Brasil, constituye uno de los m\u00e1s importantes en Am\u00e9rica Latina. [&hellip;]<\/p>\n","protected":false},"author":5,"featured_media":570106,"comment_status":"closed","ping_status":"closed","sticky":true,"template":"","format":"standard","meta":{"footnotes":""},"categories":[36,25,27],"tags":[],"class_list":["post-570050","post","type-post","status-publish","format-standard","has-post-thumbnail","hentry","category-hombresmujeresycosas","category-gente","category-portada"],"_links":{"self":[{"href":"https:\/\/diariodominicano.com\/index.php?rest_route=\/wp\/v2\/posts\/570050","targetHints":{"allow":["GET"]}}],"collection":[{"href":"https:\/\/diariodominicano.com\/index.php?rest_route=\/wp\/v2\/posts"}],"about":[{"href":"https:\/\/diariodominicano.com\/index.php?rest_route=\/wp\/v2\/types\/post"}],"author":[{"embeddable":true,"href":"https:\/\/diariodominicano.com\/index.php?rest_route=\/wp\/v2\/users\/5"}],"replies":[{"embeddable":true,"href":"https:\/\/diariodominicano.com\/index.php?rest_route=%2Fwp%2Fv2%2Fcomments&post=570050"}],"version-history":[{"count":1,"href":"https:\/\/diariodominicano.com\/index.php?rest_route=\/wp\/v2\/posts\/570050\/revisions"}],"predecessor-version":[{"id":570107,"href":"https:\/\/diariodominicano.com\/index.php?rest_route=\/wp\/v2\/posts\/570050\/revisions\/570107"}],"wp:featuredmedia":[{"embeddable":true,"href":"https:\/\/diariodominicano.com\/index.php?rest_route=\/wp\/v2\/media\/570106"}],"wp:attachment":[{"href":"https:\/\/diariodominicano.com\/index.php?rest_route=%2Fwp%2Fv2%2Fmedia&parent=570050"}],"wp:term":[{"taxonomy":"category","embeddable":true,"href":"https:\/\/diariodominicano.com\/index.php?rest_route=%2Fwp%2Fv2%2Fcategories&post=570050"},{"taxonomy":"post_tag","embeddable":true,"href":"https:\/\/diariodominicano.com\/index.php?rest_route=%2Fwp%2Fv2%2Ftags&post=570050"}],"curies":[{"name":"wp","href":"https:\/\/api.w.org\/{rel}","templated":true}]}}