{"id":569917,"date":"2024-10-28T15:15:40","date_gmt":"2024-10-28T19:15:40","guid":{"rendered":"https:\/\/diariodominicano.com\/?p=569917"},"modified":"2024-10-28T15:15:43","modified_gmt":"2024-10-28T19:15:43","slug":"gobierno-invertira-us450-millones-para-modernizar-infraestructura-de-redes-para-energias-renovables","status":"publish","type":"post","link":"https:\/\/diariodominicano.com\/?p=569917","title":{"rendered":"Gobierno invertir\u00e1 US$450\u00a0millones para\u00a0modernizar\u00a0infraestructura de\u00a0redes para\u00a0energ\u00edas renovables"},"content":{"rendered":"\n<p><em>En el panel sobre \u00abInversi\u00f3n en Infraestructura Tur\u00edstica, Sinergia y Evoluci\u00f3n del Sector\u00bb,&nbsp;celebrado en la Expo Cumbre Factor de \u00c9xito,&nbsp;se anunci\u00f3 que Rep\u00fablica Dominicana tiene en carpeta&nbsp;desarrollar 26 nuevos proyectos que inyectar\u00e1n 1,500 MW al SENI.<\/em><\/p>\n\n\n\n<p><em>Durante el panel&nbsp;tambi\u00e9n se enfatiz\u00f3 la necesidad de mejorar las infraestructuras p\u00fablicas para fortalecer la oferta complementaria&nbsp;del sector tur\u00edstico.<\/em><\/p>\n\n\n\n<p><strong>CAP CANA.-<\/strong>&nbsp;El ministro de Energ\u00eda y Minas, Joel Santos, anunci\u00f3 que el gobierno invertir\u00e1&nbsp;450 millones de d\u00f3lares para mejorar las redes de transmisi\u00f3n&nbsp;y el almacenamiento energ\u00e9tico&nbsp;como parte de los esfuerzos del gobierno para reducir la dependencia de combustibles f\u00f3siles&nbsp;y&nbsp;cumplir la meta de tener&nbsp;el 25% de la energ\u00eda proveniente de fuentes renovables para 2027.<\/p>\n\n\n\n<figure class=\"wp-block-gallery has-nested-images columns-default is-cropped wp-block-gallery-1 is-layout-flex wp-block-gallery-is-layout-flex\">\n<figure class=\"wp-block-image size-large\"><img loading=\"lazy\" decoding=\"async\" width=\"1024\" height=\"683\" data-id=\"570028\" src=\"https:\/\/diariodominicano.com\/wp-content\/uploads\/2024\/10\/Arianna-Rolo-Marvin-Fernandez-Omar-Zacarias-Joel-Santos-Cristina-Rolo-Isabel-Cristina-Rolo-Marta-Alonzo-Pelegrin-y-Fitgerald-Cantero-4-1024x683.jpg\" alt=\"\" class=\"wp-image-570028\" srcset=\"https:\/\/diariodominicano.com\/wp-content\/uploads\/2024\/10\/Arianna-Rolo-Marvin-Fernandez-Omar-Zacarias-Joel-Santos-Cristina-Rolo-Isabel-Cristina-Rolo-Marta-Alonzo-Pelegrin-y-Fitgerald-Cantero-4-1024x683.jpg 1024w, https:\/\/diariodominicano.com\/wp-content\/uploads\/2024\/10\/Arianna-Rolo-Marvin-Fernandez-Omar-Zacarias-Joel-Santos-Cristina-Rolo-Isabel-Cristina-Rolo-Marta-Alonzo-Pelegrin-y-Fitgerald-Cantero-4-300x200.jpg 300w, https:\/\/diariodominicano.com\/wp-content\/uploads\/2024\/10\/Arianna-Rolo-Marvin-Fernandez-Omar-Zacarias-Joel-Santos-Cristina-Rolo-Isabel-Cristina-Rolo-Marta-Alonzo-Pelegrin-y-Fitgerald-Cantero-4-768x512.jpg 768w, https:\/\/diariodominicano.com\/wp-content\/uploads\/2024\/10\/Arianna-Rolo-Marvin-Fernandez-Omar-Zacarias-Joel-Santos-Cristina-Rolo-Isabel-Cristina-Rolo-Marta-Alonzo-Pelegrin-y-Fitgerald-Cantero-4-1536x1024.jpg 1536w, https:\/\/diariodominicano.com\/wp-content\/uploads\/2024\/10\/Arianna-Rolo-Marvin-Fernandez-Omar-Zacarias-Joel-Santos-Cristina-Rolo-Isabel-Cristina-Rolo-Marta-Alonzo-Pelegrin-y-Fitgerald-Cantero-4-816x544.jpg 816w, https:\/\/diariodominicano.com\/wp-content\/uploads\/2024\/10\/Arianna-Rolo-Marvin-Fernandez-Omar-Zacarias-Joel-Santos-Cristina-Rolo-Isabel-Cristina-Rolo-Marta-Alonzo-Pelegrin-y-Fitgerald-Cantero-4.jpg 1813w\" sizes=\"auto, (max-width: 1024px) 100vw, 1024px\" \/><\/figure>\n<\/figure>\n\n\n\n<p>Al hablar durante&nbsp;su participaci\u00f3n en el conversatorio sobre Energ\u00eda Renovable y Eficiencia Energ\u00e9tica, celebrado en el segundo d\u00eda de la Expo Cumbre Factor de \u00c9xito 2024, el funcionario se\u00f1al\u00f3 que&nbsp;gran&nbsp;parte de la infraestructura para&nbsp;energ\u00eda renovable no puede operar a plena capacidad durante las horas pico,&nbsp;porque se precisan&nbsp;redes m\u00e1s modernas y eficientes.<\/p>\n\n\n\n<p>Dijo que en\u00a0los \u00faltimos cuatro a\u00f1os Rep\u00fablica Dominicana ha duplicado su capacidad instalada de energ\u00eda renovables y, con el desarrollo de 26 nuevos proyectos,\u00a0vaticin\u00f3 que\u00a0alcanzar\u00e1\u00a0para el 2027 la capacidad\u00a0total\u00a0de 2,500 MW, que se inyectar\u00e1n al\u00a0Sistema Energ\u00e9tico\u00a0Nacional\u00a0Interconectado\u00a0(SENI).<\/p>\n\n\n\n<figure class=\"wp-block-gallery has-nested-images columns-default is-cropped wp-block-gallery-2 is-layout-flex wp-block-gallery-is-layout-flex\">\n<figure class=\"wp-block-image size-large\"><img loading=\"lazy\" decoding=\"async\" width=\"1024\" height=\"683\" data-id=\"570029\" src=\"https:\/\/diariodominicano.com\/wp-content\/uploads\/2024\/10\/Joel-Santos-ministro-de-Energia-y-Minas-1024x683.jpg\" alt=\"\" class=\"wp-image-570029\" srcset=\"https:\/\/diariodominicano.com\/wp-content\/uploads\/2024\/10\/Joel-Santos-ministro-de-Energia-y-Minas-1024x683.jpg 1024w, https:\/\/diariodominicano.com\/wp-content\/uploads\/2024\/10\/Joel-Santos-ministro-de-Energia-y-Minas-300x200.jpg 300w, https:\/\/diariodominicano.com\/wp-content\/uploads\/2024\/10\/Joel-Santos-ministro-de-Energia-y-Minas-768x512.jpg 768w, https:\/\/diariodominicano.com\/wp-content\/uploads\/2024\/10\/Joel-Santos-ministro-de-Energia-y-Minas-816x544.jpg 816w, https:\/\/diariodominicano.com\/wp-content\/uploads\/2024\/10\/Joel-Santos-ministro-de-Energia-y-Minas.jpg 1099w\" sizes=\"auto, (max-width: 1024px) 100vw, 1024px\" \/><\/figure>\n<\/figure>\n\n\n\n<p>El conversatorio cont\u00f3 con la participaci\u00f3n de l\u00edderes del sector, como Omar Zacar\u00edas, oficial de inversiones de BID Invest; Marta Alonso Pelegr\u00edn, directora de Am\u00e9rica del Sur en Global Energy Services (GES); y Fitzgerald Cantero, director de estudios de proyectos de informaci\u00f3n de la Organizaci\u00f3n Latinoamericana de Energ\u00eda (OLADE). La sesi\u00f3n fue moderada por Marvin Fern\u00e1ndez, CEO de Green Box, quien facilit\u00f3 la discusi\u00f3n sobre los avances y desaf\u00edos en este campo crucial.<\/p>\n\n\n\n<p>Marta Alonso coment\u00f3 sobre la importancia de contar con un marco regulatorio s\u00f3lido para atraer inversi\u00f3n extranjera, citando el ejemplo de Chile, donde una subasta energ\u00e9tica en 2016 impuls\u00f3 la llegada de capital extranjero.&nbsp;<\/p>\n\n\n\n<p>Por su parte, Fitzgerald Cantero se\u00f1al\u00f3 que la burocracia, tanto estatal como pol\u00edtica, es uno de los principales obst\u00e1culos que enfrenta el pa\u00eds para desarrollar el sector de energ\u00edas renovables, lo que dificulta el avance hacia una visi\u00f3n com\u00fan. Y Omar Zacar\u00edas destac\u00f3 la relevancia de un marco regulatorio que garantice el retorno de la inversi\u00f3n y permita al pa\u00eds adaptarse a los avances tecnol\u00f3gicos del sector.<\/p>\n\n\n\n<p>Durante el segundo d\u00eda de la Expo Cumbre, celebrada en el Convention Center Sanctuary en Cap Cana, tambi\u00e9n se llev\u00f3 a cabo un panel sobre \u00abInversi\u00f3n en Infraestructura Tur\u00edstica, Sinergia y Evoluci\u00f3n del Sector\u00bb, moderado por Juan Manuel Mart\u00edn de Oliva, vicepresidente de turismo del Banco Popular Dominicano.&nbsp;<\/p>\n\n\n\n<p>Entre los panelistas estuvieron&nbsp;Jes\u00fas Dur\u00e1n, consejero delegado del Grupo Pi\u00f1eiro en Rep\u00fablica Dominicana; Andr\u00e9s Pi\u00f1eiro, arquitecto de Dorado Park; Ana Garc\u00eda-Sotoca, directora ejecutiva de la Asociaci\u00f3n de Hoteles Bayah\u00edbe-La Romana; y Cesarina Beauchamp, vicepresidenta ejecutiva de Sky High Dominicana.&nbsp;<\/p>\n\n\n\n<p>En ese di\u00e1logo&nbsp;se enfatiz\u00f3 la necesidad de mejorar las infraestructuras p\u00fablicas, como las carreteras, para fortalecer la oferta complementaria del sector tur\u00edstico. Adem\u00e1s, se destac\u00f3 la importancia de la gesti\u00f3n efectiva de los residuos s\u00f3lidos y la inversi\u00f3n en la formaci\u00f3n de capital humano especializado, haciendo hincapi\u00e9 en la necesidad de adaptar la educaci\u00f3n universitaria a las demandas del sector.<\/p>\n\n\n\n<p>Asimismo,&nbsp;durante el evento&nbsp;se realiz\u00f3 otro conversatorio sobre la transformaci\u00f3n del panorama inmobiliario, enfocado en innovaci\u00f3n, sostenibilidad y oportunidades de inversi\u00f3n en el pa\u00eds. Este panel fue moderado por&nbsp;Jos\u00e9 Manuel Cede\u00f1o, consultor de inversi\u00f3n extranjera, y como panelistas a Marcus Boereau, CEO y presidente del Grupo Perassan; Jorge Subero, presidente ejecutivo de Cap Cana; Antonio Camilo, asesor ejecutivo del BCIE; y la arquitecta Yermys Pe\u00f1a, CEO de Construger.&nbsp;<\/p>\n\n\n\n<p>En otra conferencia, Roberto Despradel, de la firma DASA, abord\u00f3 el impacto del turismo en la cadena de valor de la econom\u00eda dominicana, destacando que el sector hotelero genera m\u00e1s de 374,120 empleos, entre directos, indirectos e inducidos. Despradel tambi\u00e9n indic\u00f3 que el turista promedio destina el 72 % de sus gastos a alojamiento, comidas y bebidas, lo que resalta la importancia del sector hotelero en la econom\u00eda.<\/p>\n\n\n\n<p>Otra actividad destacada&nbsp;de la Expo Cumbre Factor de \u00c9xito&nbsp;fue la conferencia de Juan Andr\u00e9s Romero, CEO de CLERHP Estructuras, quien present\u00f3 el proyecto Larimar City &amp; Resort, un complejo que incluir\u00e1 30,000 viviendas, seis hoteles, una zona comercial, centros m\u00e9dicos, una universidad, oficinas y centros de negocios, y que promete tener un impacto positivo en la econom\u00eda local.<\/p>\n\n\n\n<p>La Expo Cumbre Factor de \u00c9xito 2024, que se extender\u00e1 hasta el s\u00e1bado 12 de octubre, contin\u00faa atrayendo&nbsp;a expertos internacionales y l\u00edderes empresariales que comparten su visi\u00f3n en \u00e1reas estrat\u00e9gicas como Turismo, Energ\u00eda, Inversiones Inmobiliarias y Negocios Emergentes.&nbsp;<\/p>\n\n\n\n<p>El evento, que incluye ruedas de negocios y conferencias, ofrece una plataforma \u00fanica para fomentar la colaboraci\u00f3n y el crecimiento econ\u00f3mico en la regi\u00f3n, promoviendo el desarrollo sostenible en Am\u00e9rica Latina y el Caribe. Este a\u00f1o, la cumbre se ha centrado en cuatro \u00e1reas clave, proporcionando un espacio para el intercambio de conocimientos y la creaci\u00f3n de oportunidades de inversi\u00f3n.<\/p>\n\n\n\n<figure class=\"wp-block-table\"><table><tbody><tr><td><strong>Katherine Paulino Disla<\/strong><\/td><\/tr><tr><td>Account Coordinator<\/td><\/tr><\/tbody><\/table><\/figure>\n","protected":false},"excerpt":{"rendered":"<p>En el panel sobre \u00abInversi\u00f3n en Infraestructura Tur\u00edstica, Sinergia y Evoluci\u00f3n del Sector\u00bb,&nbsp;celebrado en la Expo Cumbre Factor de \u00c9xito,&nbsp;se anunci\u00f3 que Rep\u00fablica Dominicana tiene en carpeta&nbsp;desarrollar 26 nuevos proyectos que inyectar\u00e1n 1,500 MW al SENI. Durante el panel&nbsp;tambi\u00e9n se enfatiz\u00f3 la necesidad de mejorar las infraestructuras p\u00fablicas para fortalecer la oferta complementaria&nbsp;del sector tur\u00edstico. [&hellip;]<\/p>\n","protected":false},"author":7,"featured_media":570030,"comment_status":"closed","ping_status":"closed","sticky":false,"template":"","format":"standard","meta":{"footnotes":""},"categories":[18],"tags":[643,642],"class_list":["post-569917","post","type-post","status-publish","format-standard","has-post-thumbnail","hentry","category-economia","tag-energias-renovables","tag-redes"],"_links":{"self":[{"href":"https:\/\/diariodominicano.com\/index.php?rest_route=\/wp\/v2\/posts\/569917","targetHints":{"allow":["GET"]}}],"collection":[{"href":"https:\/\/diariodominicano.com\/index.php?rest_route=\/wp\/v2\/posts"}],"about":[{"href":"https:\/\/diariodominicano.com\/index.php?rest_route=\/wp\/v2\/types\/post"}],"author":[{"embeddable":true,"href":"https:\/\/diariodominicano.com\/index.php?rest_route=\/wp\/v2\/users\/7"}],"replies":[{"embeddable":true,"href":"https:\/\/diariodominicano.com\/index.php?rest_route=%2Fwp%2Fv2%2Fcomments&post=569917"}],"version-history":[{"count":1,"href":"https:\/\/diariodominicano.com\/index.php?rest_route=\/wp\/v2\/posts\/569917\/revisions"}],"predecessor-version":[{"id":570037,"href":"https:\/\/diariodominicano.com\/index.php?rest_route=\/wp\/v2\/posts\/569917\/revisions\/570037"}],"wp:featuredmedia":[{"embeddable":true,"href":"https:\/\/diariodominicano.com\/index.php?rest_route=\/wp\/v2\/media\/570030"}],"wp:attachment":[{"href":"https:\/\/diariodominicano.com\/index.php?rest_route=%2Fwp%2Fv2%2Fmedia&parent=569917"}],"wp:term":[{"taxonomy":"category","embeddable":true,"href":"https:\/\/diariodominicano.com\/index.php?rest_route=%2Fwp%2Fv2%2Fcategories&post=569917"},{"taxonomy":"post_tag","embeddable":true,"href":"https:\/\/diariodominicano.com\/index.php?rest_route=%2Fwp%2Fv2%2Ftags&post=569917"}],"curies":[{"name":"wp","href":"https:\/\/api.w.org\/{rel}","templated":true}]}}