{"id":569824,"date":"2024-10-28T09:46:46","date_gmt":"2024-10-28T13:46:46","guid":{"rendered":"https:\/\/diariodominicano.com\/?p=569824"},"modified":"2024-10-28T10:59:22","modified_gmt":"2024-10-28T14:59:22","slug":"periodismo-informativo-y-critico-al-servicio-de-la-comunidad-3","status":"publish","type":"post","link":"https:\/\/diariodominicano.com\/?p=569824","title":{"rendered":"PERIODISMO INFORMATIVO Y CR\u00cdTICO AL SERVICIO DE LA COMUNIDAD"},"content":{"rendered":"\n<p>Ent\u00e9rate NY <\/p>\n\n\n\n<p><strong>Por Ram\u00f3n Mercedes<\/strong><\/p>\n\n\n\n<p><strong>\u25baEl PLD:<\/strong><strong>&nbsp;<\/strong>El Comit\u00e9 Pol\u00edtico (CP) del PLD es el organismo ejecutivo del Comit\u00e9 Central (CC). Renunciaron 9 del CP (Leonel Fern\u00e1ndez, C\u00e9sar Pina Toribio, Rafael Alburquerque, Bautista Rojas G\u00f3mez, Franklin Almeyda, Radham\u00e9s Jim\u00e9nez, Amarante Baret, Jos\u00e9 Joaqu\u00edn Bid\u00f3 Medina y Juan de los Santos), los \u00faltimos dos fallecidos. Fueron sustituidos por Jos\u00e9 Ram\u00f3n Peralta, Andr\u00e9s Navarro, Francisco Dom\u00ednguez Brito, Danilo D\u00edaz, Alexis Lantigua, Robert de la Cruz, Alejandro Mont\u00e1s, Melanio Paredes y H\u00e9ctor Olivo. El Comit\u00e9 tendr\u00e1 51 integrantes para el periodo 2024-2028, que fueron elegidos este domingo. Se llegaron a inscribir 101. Por NY aspiraron Miguel Suriel, Francisco Fern\u00e1ndez y Emiliano P\u00e9rez, ninguno de ellos sali\u00f3. 11 puestos al CP fueron reservados para Danilo Medina por su condici\u00f3n de expresidente de la Rep\u00fablica; Jaime David Fern\u00e1ndez y Margarita Cede\u00f1o, por ser exvicepresidentes; Gonzalo Castillo y Abel Mart\u00ednez, por ser excandidatos a la Presidencia; Tem\u00edstocles Mont\u00e1s, expresidente del partido; Lidio Cadet y Charlie Mariotti, como secretarios generales, y Euclides Guti\u00e9rrez F\u00e9lix, como miembro \u201cad vitam\u201d del partido. Diiicen que Dom\u00ednguez Brito se postul\u00f3 a la Presidencia y compiti\u00f3 contra Medina para ir presentando la entidad de ahora \u201cdemocr\u00e1tica, abierta, incluyente, participativa y lo que decida la mayor\u00eda es y ser\u00e1. En la primera parte del acto del X Congreso del PLD este domingo fueron juramentados los 1,493 miembros del CC quienes votaron para escoger los actuales miembros del CP. Medina, fue electo presidente y Johnny Pujols como secretario general. Una comisi\u00f3n de unos 30 miembros del Comit\u00e9 Central (CC) de la circunscripci\u00f3n 1-USA participaron de las elecciones para escoger los del CP, elegidos por la totalidad de la matr\u00edcula del CC mediante un sistema de voto automatizado.<\/p>\n\n\n\n<figure class=\"wp-block-gallery has-nested-images columns-default is-cropped wp-block-gallery-1 is-layout-flex wp-block-gallery-is-layout-flex\">\n<figure class=\"wp-block-image size-full\"><img loading=\"lazy\" decoding=\"async\" width=\"599\" height=\"374\" data-id=\"569900\" src=\"https:\/\/diariodominicano.com\/wp-content\/uploads\/2024\/10\/Buscando-proyeccion.jpg\" alt=\"\" class=\"wp-image-569900\" srcset=\"https:\/\/diariodominicano.com\/wp-content\/uploads\/2024\/10\/Buscando-proyeccion.jpg 599w, https:\/\/diariodominicano.com\/wp-content\/uploads\/2024\/10\/Buscando-proyeccion-300x187.jpg 300w\" sizes=\"auto, (max-width: 599px) 100vw, 599px\" \/><\/figure>\n<\/figure>\n\n\n\n<p><strong>\u25baBuscando proyecci\u00f3n:<\/strong><strong>\u00a0<\/strong>Ahora nos escriben desde El Bronx. Ni quito ni pongo. La semana pasada esa columna resalt\u00f3 que el Comisionado de Transporte (DOT) en NYC, Ydanis Rodr\u00edguez, est\u00e1 preparando el terreno para intentar volver a ser concejal por el Distrito 10 (Alto Manhattan) y enfrentar a la actual incumbente Carmen de la Rosa, porque el periodista Carlos Guti\u00e9rrez (Carlito de la Vega), hombre muy cercano y de \u201cextrema confianza\u201d de Ydanis ya inici\u00f3 la campa\u00f1a con ese prop\u00f3sito desde su programa \u201cEntre Debates-TV\u201d por Super Canal 33.\u00a0<strong>Ver video<\/strong>\u00a0<strong>=<\/strong>\u00a0<a href=\"https:\/\/www.youtube.com\/shorts\/oF1TCBe60hs\" target=\"_blank\" rel=\"noreferrer noopener\">https:\/\/www.youtube.com\/shorts\/oF1TCBe60hs<\/a>\u00a0El tiene todo su derecho, diiicen. Pero, Ydanis sabe que no tienes posibilidades de ganar, que ha sido rechazado en m\u00faltiples ocasiones cuando se ha postulado para cargos en el pasado reciente.\u00a0<strong>Veamos:<\/strong>\u00a0Se postul\u00f3 en el 2019 para Defensor del Pueblo\u201d y perdi\u00f3.\u00a0<strong>Ver:<\/strong>\u00a0<a href=\"https:\/\/ny1noticias.com\/nyc\/noticias\/noticias\/2019\/01\/06\/concejal-ydanis-rodriguez--uno-de-los-politicos-latinos-que-aspiran-al-cargo-de-defensor-del-pueblo\" target=\"_blank\" rel=\"noreferrer noopener\">https:\/\/ny1noticias.com\/nyc\/noticias\/noticias\/2019\/01\/06\/concejal-ydanis-rodriguez&#8211;uno-de-los-politicos-latinos-que-aspiran-al-cargo-de-defensor-del-pueblo<\/a>\u00a0Al Congreso por el distrito 15 y perdi\u00f3.\u00a0<strong>Ver:<\/strong>\u00a0<a href=\"https:\/\/elnuevodiario.com.do\/concejal-dominicano-oficializa-precandidatura-para-congresista-de-estados-unidos-en-distrito-de-el-bronx\/\" target=\"_blank\" rel=\"noreferrer noopener\">https:\/\/elnuevodiario.com.do\/concejal-dominicano-oficializa-precandidatura-para-congresista-de-estados-unidos-en-distrito-de-el-bronx\/<\/a>\u00a0\u00a0Para la presidencia del Concejo Municipal-NYC y perdi\u00f3.\u00a0<strong>Ver:<\/strong>\u00a0<a href=\"https:\/\/queenslatino.com\/ydanis-rodriguez-llama-a-unidad-para-ser-vocero-del-concejo-de-ny\/\" target=\"_blank\" rel=\"noreferrer noopener\">https:\/\/queenslatino.com\/ydanis-rodriguez-llama-a-unidad-para-ser-vocero-del-concejo-de-ny\/<\/a>\u00a0\u00a0E intent\u00f3 ser Comisionado TLC, pero desisti\u00f3 al verse con tantas derrotas consecutivas. Ahora anda buscando, diiicen, en base a su mala gesti\u00f3n en el DOT el apoyo del congresista Adriano Espaillat, con liderazgo s\u00f3lido entre los votantes del distrito 10, donde Carmen de la Rosa es concejal por \u00e9l y se ha declarado independiente y la guerra contra Espaillat. Ante esa situaci\u00f3n Ydanis particip\u00f3 junto al congresista en la llamada \u201cNueva Alianza Estrat\u00e9gica\u201d titulada \u201cHablando del futuro pol\u00edtico de nuestra comunidad\u201d, durante un desayuno celebrado el pasado s\u00e1bado en la Casa del Mofongo, de la calle 207, en el Alto Manhattan. Un ciudadano en Saint Nicholas le canta al congresista\u00a0<strong>=<\/strong>\u00a0<a href=\"https:\/\/www.youtube.com\/watch?v=ftHjJx2uQQw\" target=\"_blank\" rel=\"noreferrer noopener\">https:\/\/www.youtube.com\/watch?v=ftHjJx2uQQw<\/a>\u00a0<\/p>\n\n\n\n<figure class=\"wp-block-gallery has-nested-images columns-default is-cropped wp-block-gallery-2 is-layout-flex wp-block-gallery-is-layout-flex\">\n<figure class=\"wp-block-image size-full\"><img loading=\"lazy\" decoding=\"async\" width=\"613\" height=\"525\" data-id=\"569901\" src=\"https:\/\/diariodominicano.com\/wp-content\/uploads\/2024\/10\/Consul-NY-sigue-por-la-goma.jpg\" alt=\"\" class=\"wp-image-569901\" srcset=\"https:\/\/diariodominicano.com\/wp-content\/uploads\/2024\/10\/Consul-NY-sigue-por-la-goma.jpg 613w, https:\/\/diariodominicano.com\/wp-content\/uploads\/2024\/10\/Consul-NY-sigue-por-la-goma-300x257.jpg 300w\" sizes=\"auto, (max-width: 613px) 100vw, 613px\" \/><\/figure>\n<\/figure>\n\n\n\n<p><strong>\u25baC\u00f3nsul NY sigue por la goma:<\/strong>\u00a0El c\u00f3nsul en RD-NY, Jes\u00fas -Ch\u00fa- V\u00e1squez, ha planteado varias veces que solo necesita el 50% de los actuales empleados. Diiicen que ya no tiene bajo su jurisdicci\u00f3n a Pensilvania ni Nueva Jersey, y que pronto perder\u00e1 a Connecticut ya que el presidente anunci\u00f3 la instalaci\u00f3n all\u00ed de una nueva sede consular. Antes de tomar posesi\u00f3n,\u00a0<strong>Ent\u00e9rate NY<\/strong>\u00a0public\u00f3 el pasado 5 de agosto, entre otras cosas lo siguiente: El decreto de Jes\u00fas V\u00e1squez establece que \u201csu experiencia en la gesti\u00f3n de la seguridad y el orden p\u00fablico ser\u00e1 invaluable en su nuevo rol\u201d. Mensaje subliminal de que meter\u00e1 en cintura a los compa\u00f1eros en la circunscripci\u00f3n 1-USA (un desorden), y viene con una escobita nueva para barrer.\u00a0<strong>Ver:<\/strong>\u00a0<a href=\"https:\/\/hoy.com.do\/enterate-ny-lamentable-fallecimiento\/\" target=\"_blank\" rel=\"noreferrer noopener\">https:\/\/hoy.com.do\/enterate-ny-lamentable-fallecimiento\/<\/a>\u00a0\u00a0Diiicen que hay muchos en el consulado tomando Pepto-Bismol, que sirve para cortar la descomposici\u00f3n estomacal, todo porque Ch\u00fa est\u00e1 \u201cduro y curvero\u201d y ahora tiene una lista de 45 \u201ccompa\u00f1eros\u201d para cancelaci\u00f3n por pensi\u00f3n. Ya se fueron 13. \u00a1Bueeeno!<\/p>\n\n\n\n<figure class=\"wp-block-gallery has-nested-images columns-default is-cropped wp-block-gallery-3 is-layout-flex wp-block-gallery-is-layout-flex\">\n<figure class=\"wp-block-image size-large\"><img loading=\"lazy\" decoding=\"async\" width=\"393\" height=\"376\" data-id=\"569902\" src=\"https:\/\/diariodominicano.com\/wp-content\/uploads\/2024\/10\/Sera-cierto.jpg\" alt=\"\" class=\"wp-image-569902\" srcset=\"https:\/\/diariodominicano.com\/wp-content\/uploads\/2024\/10\/Sera-cierto.jpg 393w, https:\/\/diariodominicano.com\/wp-content\/uploads\/2024\/10\/Sera-cierto-300x287.jpg 300w\" sizes=\"auto, (max-width: 393px) 100vw, 393px\" \/><\/figure>\n<\/figure>\n\n\n\n<p><strong>\u25ba\u00bfSer\u00e1 cierto?:<\/strong>\u00a0Que el pasado c\u00f3nsul RD-NY, Eligio J\u00e1quez, dej\u00f3 totalmente en cero la cuenta del consulado y mucha$ deuda$ \u00a1Uff! Por eso se embolsill\u00f3 m\u00e1s de US$15 millones en sus 4 a\u00f1os, porque estuvo como Los Rosarios \u201cacabando\u201d, diiicen.\u00a0En NY entre el 2018 y 2020 se emitieron 76,582 libretas de pasaporte, percibiendo US$13 millones\u201d (en 2 a\u00f1os). \u201cEl Estado solo recibi\u00f3 US$3,352,194\u201d.\u00a0<strong>Ver:<\/strong>\u00a0<a href=\"https:\/\/listindiario.com\/la-republica\/2022\/04\/22\/718330\/cancilleria-pondra-orden-a-tarifas-consulares.html\" target=\"_blank\" rel=\"noreferrer noopener\">https:\/\/listindiario.com\/la-republica\/2022\/04\/22\/718330\/cancilleria-pondra-orden-a-tarifas-consulares.html<\/a>\u00a0\u00bfY en 4 a\u00f1os? con m\u00e1s clientes yendo a la sede, pregunt\u00f3 un ciudadano.\u00a0<strong>Ver =<\/strong>\u00a0<a href=\"https:\/\/www.youtube.com\/watch?v=Ase0X2posZU\" target=\"_blank\" rel=\"noreferrer noopener\">https:\/\/www.youtube.com\/watch?v=Ase0X2posZU<\/a>\u00a0Otro video.\u00a0<strong>Ver =<\/strong>\u00a0<a href=\"https:\/\/www.youtube.com\/watch?v=uEARx47ELu8&amp;t=1s\" target=\"_blank\" rel=\"noreferrer noopener\">https:\/\/www.youtube.com\/watch?v=uEARx47ELu8&amp;t=1s<\/a>\u00a0<strong>1-<\/strong>\u00a0Una libreta costaba hasta US$300.00 cuando Eligio.\u00a0<strong>Ver:<\/strong>\u00a0<a href=\"https:\/\/www.youtube.com\/watch?v=uEARx47ELu8&amp;t=1s\" target=\"_blank\" rel=\"noreferrer noopener\">https:\/\/www.youtube.com\/watch?v=uEARx47ELu8&amp;t=1s<\/a><strong>\u00a0<\/strong>Una libreta de pasaporte vale US$25 y los consulados dominicanos la venden a US$150.<strong>Ver:<\/strong>\u00a0<a href=\"https:\/\/www.diariolibre.com\/usa\/actualidad\/2024\/08\/06\/pasaporte-dominicano-es-cinco-veces-mas-caro-para-la-diaspora\/2810675\" target=\"_blank\" rel=\"noreferrer noopener\">https:\/\/www.diariolibre.com\/usa\/actualidad\/2024\/08\/06\/pasaporte-dominicano-es-cinco-veces-mas-caro-para-la-diaspora\/2810675<\/a>\u00a0<strong>2-<\/strong>\u00a0Director de Pasaportes aclara ese organismo no tiene que ver con precios renovaci\u00f3n de pasaporte en NY\u00a0<strong>=<\/strong>\u00a0\u00a0<a href=\"https:\/\/elnuevodiario.com.do\/director-de-pasaporte-aclara-ese-organismo-no-tiene-que-ver-con-precios-renovacion-de-pasaporte-en-ny\/\" target=\"_blank\" rel=\"noreferrer noopener\">https:\/\/elnuevodiario.com.do\/director-de-pasaporte-aclara-ese-organismo-no-tiene-que-ver-con-precios-renovacion-de-pasaporte-en-ny\/<\/a>\u00a0\u00a0<strong>3-<\/strong>\u00a0Precios actuales en NY para pasaportes (212) 768-2480):\u00a0<strong>Primera vez\u00a0<\/strong>US$125 y VIP $25 adicional.\u00a0<strong>Por p\u00e9rdida<\/strong>, deterioro o mal estado $186 y VIP $25 adicional. Un ciudadano en el Alto Manhattan vocifer\u00f3 \u201cpara saber si Eligio se gan\u00f3 m\u00e1s de 15 millone$, solo hay que saber multiplicar, restar, sumar y dividir\u201d. \u00a1Ah! El mismo J\u00e1quez proclam\u00f3 en NY: \u201cLos hombres p\u00fablicos a veces quisi\u00e9ramos siempre que se dijeran solo las cosas buenas, pero si la prensa actuara as\u00ed estar\u00eda incumpliendo con su responsabilidad\u201d. \u201cLos periodistas tienen el deber sagrado de llevar la informaci\u00f3n para que el pueblo se forje su opini\u00f3n\u201d.\u00a0<strong>Ver:<\/strong>\u00a0<a href=\"https:\/\/www.youtube.com\/watch?v=4eKfjJOKgCQ\" target=\"_blank\" rel=\"noreferrer noopener\">https:\/\/www.youtube.com\/watch?v=4eKfjJOKgCQ<\/a>\u00a0\u00a1Ay, ay, ay! <\/p>\n\n\n\n<p><strong>\u25baUna pregunta:<\/strong>&nbsp;Observadores pol\u00edticos dominicanos en el Alto Manhattan se est\u00e1n preguntando \u00bfc\u00f3mo es que los ex c\u00f3nsules en NY, Carlos Castillo y Eligio J\u00e1quez, se mantienen informado de todo lo que pasa en el consulado, donde fueron incumbentes? Un ciudadano en Brooklyn canta&nbsp;<strong>=&nbsp;<\/strong><a href=\"https:\/\/www.youtube.com\/watch?v=EZjXZzS99Rk\" rel=\"noreferrer noopener\" target=\"_blank\">https:\/\/www.youtube.com\/watch?v=EZjXZzS99Rk<\/a>&nbsp;\u00bfEs flaco o gordo? Pregunt\u00f3 otro.<\/p>\n\n\n\n<p>\u25baDetienen presidente PRM en Pedernales por no portar c\u00e9dula:&nbsp;El bochinche en el Alto Manhattan.&nbsp;<strong>Ver:<\/strong>&nbsp;<a href=\"https:\/\/elnacional.com.do\/detienen-de-manera-momentanea-presidente-prm-en-pedernales-por-no-portar-cedula\/\" rel=\"noreferrer noopener\" target=\"_blank\">https:\/\/elnacional.com.do\/detienen-de-manera-momentanea-presidente-prm-en-pedernales-por-no-portar-cedula\/<\/a>&nbsp;<\/p>\n\n\n\n<p><strong>\u25baA los que viajan a RD:<\/strong>&nbsp;Los dominicanos residentes en el exterior, que viajan a RD, deben tener presente que la Direcci\u00f3n General de Seguridad de Tr\u00e1nsito y Transporte Terrestre (Digesett) y el Instituto Nacional de Tr\u00e1nsito y Transporte Terrestre (Intrant) iniciaron un plan piloto con alcohol\u00edmetros para medir la cantidad de alcohol consumido por los choferes. Los conductores que excedan los l\u00edmites permitidos podr\u00edan enfrentar sanciones que incluyen multas de 5 a 10 salarios m\u00ednimos, suspensi\u00f3n de la licencia o incluso ir preso. Asimismo, Intrant dispuso restricciones a licencias conducir para personas mayores 65 a\u00f1os. Ser\u00e1 por solo dos a\u00f1os. La disposici\u00f3n est\u00e1 dise\u00f1ada para garantizar la seguridad vial, dada la naturaleza de los cambios f\u00edsicos y cognitivos que muchas personas pueden experimentar con la edad.<\/p>\n\n\n\n<figure class=\"wp-block-gallery has-nested-images columns-default is-cropped wp-block-gallery-4 is-layout-flex wp-block-gallery-is-layout-flex\">\n<figure class=\"wp-block-image size-full\"><img loading=\"lazy\" decoding=\"async\" width=\"500\" height=\"416\" data-id=\"569903\" src=\"https:\/\/diariodominicano.com\/wp-content\/uploads\/2024\/10\/Ya-hay-una-nueva-Constitucion-en-RD.jpg\" alt=\"\" class=\"wp-image-569903\" srcset=\"https:\/\/diariodominicano.com\/wp-content\/uploads\/2024\/10\/Ya-hay-una-nueva-Constitucion-en-RD.jpg 500w, https:\/\/diariodominicano.com\/wp-content\/uploads\/2024\/10\/Ya-hay-una-nueva-Constitucion-en-RD-300x250.jpg 300w\" sizes=\"auto, (max-width: 500px) 100vw, 500px\" \/><\/figure>\n<\/figure>\n\n\n\n<p><strong>\u25baYa hay una nueva Constituci\u00f3n en RD:<\/strong>\u00a0Dominicanos en el Alto Manhattan hablan, analizan y discuten la cuadrag\u00e9sima modificaci\u00f3n realizada a la Constituci\u00f3n dominicana, con la asistencia de 162 congresistas de un total de 222. Aprobada este domingo por un solo partido (PRM), recordando que ha sido modificada 40 veces, la primera en 1854 y ahora en 2024. Los partidos de oposici\u00f3n FP y el PLD no asistieron, mostrando su rechazo desde que fue presentada por el presidente Luis Abinader y la catalogaron de inoportuna. Las modificaciones: El presidente solo podr\u00e1 ocupar el puesto durante dos periodos consecutivos y \u00abnunca jam\u00e1s\u00bb y no se podr\u00e1 modificar la Constituci\u00f3n. El presidente propondr\u00e1 al Consejo Nacional de la Magistratura (CNM) una persona como procurador general de la Rep\u00fablica. Fue excluido del CNM el procurador, que ser\u00e1 sustituido por el presidente del Tribunal Constitucional (TC). Creaci\u00f3n de la Oficina del Abogado General de la Administraci\u00f3n P\u00fablica donde antes establec\u00eda la posici\u00f3n jur\u00eddica del Procurador General Administrativo. Reducir de 190 a 170 los diputados; unificaci\u00f3n de las elecciones municipales, congresuales y presidenciales que ser\u00e1n celebradas el tercer domingo de mayo, a partir del 2032. Esto hac\u00edan los legisladores mientras se daba lectura a la nueva Constituci\u00f3n. Mostraron irrespeto y desconexi\u00f3n con la seriedad del evento. Fue una escena de distracci\u00f3n, falta de solemnidad, compart\u00edan risas, tomaban fotos, degustaban refrigerios, los murmullos dominaron el sal\u00f3n, leyendo peri\u00f3dicos, charlando, verificando celulares y caminar por los pasillos.\u00a0<strong>Ver:<\/strong>\u00a0<a href=\"https:\/\/www.diariolibre.com\/actualidad\/nacional\/2024\/10\/26\/acto-solemne-de-lectura-de-constitucion-se-convierte-en-evento-social\/2892626\" target=\"_blank\" rel=\"noreferrer noopener\">https:\/\/www.diariolibre.com\/actualidad\/nacional\/2024\/10\/26\/acto-solemne-de-lectura-de-constitucion-se-convierte-en-evento-social\/2892626<\/a>\u00a0<\/p>\n\n\n\n<p><strong>\u25baDe la embajada USA en RD:<\/strong>&nbsp;Los solicitantes de visados y los ciudadanos estadounidenses que buscan servicios en la Embajada de los EE.UU. ahora podr\u00e1n traer sus tel\u00e9fonos celulares y relojes inteligentes a las \u00e1reas de espera de la Secci\u00f3n Consular, sin embargo, los tel\u00e9fonos celulares deben estar apagados o permanecer en silencio. Los solicitantes no podr\u00e1n hacer ni recibir llamadas telef\u00f3nicas y s\u00f3lo podr\u00e1n escuchar audio a trav\u00e9s de aud\u00edfonos. Durante la entrevista, deber\u00e1n guardar sus tel\u00e9fonos, y est\u00e1 prohibido hacer fotos o grabar v\u00eddeos o audio dentro de las instalaciones de la Embajada. Las personas que sean descubiertas grabando con su dispositivo electr\u00f3nico deber\u00e1n borrar cualquier grabaci\u00f3n y se les confiscar\u00e1 el tel\u00e9fono hasta que se retiren de la Embajada. Las personas que se nieguen a entregar su tel\u00e9fono ser\u00e1n retiradas de la Embajada y deber\u00e1n hacer una nueva cita.<\/p>\n\n\n\n<figure class=\"wp-block-gallery has-nested-images columns-default is-cropped wp-block-gallery-5 is-layout-flex wp-block-gallery-is-layout-flex\">\n<figure class=\"wp-block-image size-large\"><img loading=\"lazy\" decoding=\"async\" width=\"446\" height=\"556\" data-id=\"569904\" src=\"https:\/\/diariodominicano.com\/wp-content\/uploads\/2024\/10\/Un-valor-dominicano-en-NY.jpg\" alt=\"\" class=\"wp-image-569904\" srcset=\"https:\/\/diariodominicano.com\/wp-content\/uploads\/2024\/10\/Un-valor-dominicano-en-NY.jpg 446w, https:\/\/diariodominicano.com\/wp-content\/uploads\/2024\/10\/Un-valor-dominicano-en-NY-241x300.jpg 241w\" sizes=\"auto, (max-width: 446px) 100vw, 446px\" \/><\/figure>\n<\/figure>\n\n\n\n<p><strong>\u25baUn valor dominicano en NY:<\/strong>&nbsp;Haile Rivera, ocoe\u00f1o pura cepa, ha venido brindando m\u00faltiples servicios en beneficio de sus connacionales en la Gran Manzana durante varios a\u00f1os, a trav\u00e9s de organizaciones comunitarias entre ellas \u201cManos Sobre NY\u201d, \u201cAvanzando\u201d y \u201cJ\u00f3venes Profesionales Dominicanos\u201d (DANP), proporcionando asistencia a j\u00f3venes en la urbe, principalmente a dominicanos. Si usted lo ve caminar por ah\u00ed, como lo hace de costumbre, d\u00edganle \u201cHaile, usted es un valor dominicano en NY\u201d.<\/p>\n\n\n\n<p><strong>\u25baCultura General:<\/strong>&nbsp;De acuerdo con el centro PEW Research, la RD ocupa el Quinto lugar, junto a Brasil, de los 9 pa\u00edses de Am\u00e9rica Latina con mayor cantidad de indocumentados en EUA. 230,000 quisqueyanos en el 2022 (2 % de los 11 millones de personas que no tienen documentaci\u00f3n regular en territorio estadounidense). Luego de Brasil, El Salvador 750,000, Guatemala 675,000, Honduras 525,000, Venezuela 275,000, Colombia 190,000, Ecuador 140,000 y Hait\u00ed 110,000. Se entiende por inmigrantes no autorizados a aquellos que ingresaron al pa\u00eds sin permiso legal o llegaron con una visa no permanente y se quedaron despu\u00e9s que expir\u00f3. Desde 1965, el 49 % de los inmigrantes estadounidenses han venido de Am\u00e9rica Latina (35,350,000), mientras que el 10 % proviene del Caribe.&nbsp;Los dominicanos con residencia oficial en USA son 2,396,784. La comunidad criolla en EE. UU. supera los 2.6 millones de personas, que representa un 24 % del total de la poblaci\u00f3n en RD.<\/p>\n\n\n\n<p><strong>\u25baSalud:<\/strong>&nbsp;Las u\u00f1as pueden ser se\u00f1ales de problemas subyacentes que merecen atenci\u00f3n. Las u\u00f1as p\u00e1lidas pueden indicar condiciones como anemia o problemas circulatorios, mientras que las u\u00f1as amarillentas suelen asociarse con infecciones por hongos o enfermedades pulmonares. Las azules podr\u00edan se\u00f1alar una falta de ox\u00edgeno, vincul\u00e1ndose a trastornos card\u00edacos o pulmonares. Las rojas pueden ser un signo de trastornos circulatorios o inflamaciones. Un crecimiento lento podr\u00eda estar relacionado con desequilibrios hormonales o circulatorios, mientras que cambios r\u00e1pidos y desiguales pueden ser signos de estr\u00e9s o enfermedades. Manchas o puntos blancos en las u\u00f1as, aunque a menudo inofensivos, pueden se\u00f1alar infecciones o traumas.<\/p>\n\n\n\n<p><strong>\u25baServicio comunitario:<\/strong>&nbsp;Ayuda econ\u00f3mica y beneficios del Gobierno. Encuentre informaci\u00f3n sobre los programas de ayuda del Gobierno de EE. UU., requisitos para solicitar beneficios, c\u00f3mo y d\u00f3nde aplicar.<\/p>\n\n\n\n<p>\u25baSobre el espa\u00f1ol:&nbsp;Cachafaz&nbsp;<strong>=<\/strong>&nbsp;Descarado, p\u00edcaro.<\/p>\n\n\n\n<p><strong>\u25baD\u00f3lar y euro hasta este domingo 27:<\/strong>&nbsp;Compra del d\u00f3lar 59.46 y venta 60.33 Compra euro 63.71 y venta 66.77<\/p>\n\n\n\n<p><strong>\u25baCombustibles:<\/strong>&nbsp;Del 26 de octubre al 1 de noviembre: Gasolina Premium a $290.10 Regular a $272.50\u2026Gasoil Optimo $239.10 y el Regular a $221.60. Gas licuado a $132.60 y el Gas Natural $43.97.<\/p>\n\n\n\n<p><strong>\u25baPara comunicarse con nosotros:<\/strong>&nbsp;Escribir a&nbsp;<a href=\"mailto:santodomingoaldia@yahoo.com\" rel=\"noreferrer noopener\" target=\"_blank\">santodomingoaldia@yahoo.com<\/a><\/p>\n","protected":false},"excerpt":{"rendered":"<p>Ent\u00e9rate NY Por Ram\u00f3n Mercedes \u25baEl PLD:&nbsp;El Comit\u00e9 Pol\u00edtico (CP) del PLD es el organismo ejecutivo del Comit\u00e9 Central (CC). Renunciaron 9 del CP (Leonel Fern\u00e1ndez, C\u00e9sar Pina Toribio, Rafael Alburquerque, Bautista Rojas G\u00f3mez, Franklin Almeyda, Radham\u00e9s Jim\u00e9nez, Amarante Baret, Jos\u00e9 Joaqu\u00edn Bid\u00f3 Medina y Juan de los Santos), los \u00faltimos dos fallecidos. Fueron sustituidos [&hellip;]<\/p>\n","protected":false},"author":7,"featured_media":569899,"comment_status":"closed","ping_status":"open","sticky":false,"template":"","format":"standard","meta":{"footnotes":""},"categories":[23],"tags":[205,181],"class_list":["post-569824","post","type-post","status-publish","format-standard","has-post-thumbnail","hentry","category-internacional","tag-enterate-ny","tag-ramon-mercedes"],"_links":{"self":[{"href":"https:\/\/diariodominicano.com\/index.php?rest_route=\/wp\/v2\/posts\/569824","targetHints":{"allow":["GET"]}}],"collection":[{"href":"https:\/\/diariodominicano.com\/index.php?rest_route=\/wp\/v2\/posts"}],"about":[{"href":"https:\/\/diariodominicano.com\/index.php?rest_route=\/wp\/v2\/types\/post"}],"author":[{"embeddable":true,"href":"https:\/\/diariodominicano.com\/index.php?rest_route=\/wp\/v2\/users\/7"}],"replies":[{"embeddable":true,"href":"https:\/\/diariodominicano.com\/index.php?rest_route=%2Fwp%2Fv2%2Fcomments&post=569824"}],"version-history":[{"count":2,"href":"https:\/\/diariodominicano.com\/index.php?rest_route=\/wp\/v2\/posts\/569824\/revisions"}],"predecessor-version":[{"id":569906,"href":"https:\/\/diariodominicano.com\/index.php?rest_route=\/wp\/v2\/posts\/569824\/revisions\/569906"}],"wp:featuredmedia":[{"embeddable":true,"href":"https:\/\/diariodominicano.com\/index.php?rest_route=\/wp\/v2\/media\/569899"}],"wp:attachment":[{"href":"https:\/\/diariodominicano.com\/index.php?rest_route=%2Fwp%2Fv2%2Fmedia&parent=569824"}],"wp:term":[{"taxonomy":"category","embeddable":true,"href":"https:\/\/diariodominicano.com\/index.php?rest_route=%2Fwp%2Fv2%2Fcategories&post=569824"},{"taxonomy":"post_tag","embeddable":true,"href":"https:\/\/diariodominicano.com\/index.php?rest_route=%2Fwp%2Fv2%2Ftags&post=569824"}],"curies":[{"name":"wp","href":"https:\/\/api.w.org\/{rel}","templated":true}]}}