{"id":569744,"date":"2024-10-27T21:24:55","date_gmt":"2024-10-28T01:24:55","guid":{"rendered":"https:\/\/diariodominicano.com\/?p=569744"},"modified":"2024-10-28T13:08:08","modified_gmt":"2024-10-28T17:08:08","slug":"luis-abinader-pone-fin-a-180-anos-de-continuismo-con-la-nueva-constitucion-reformada-proclamada-hoy","status":"publish","type":"post","link":"https:\/\/diariodominicano.com\/?p=569744","title":{"rendered":"Luis Abinader pone fin a 180 a\u00f1os de continuismo con la nueva Constituci\u00f3n reformada proclamada hoy: Presidencia de la Rep\u00fablica"},"content":{"rendered":"\n<p>27 de Octubre 2024 |<\/p>\n\n\n\n<figure class=\"wp-block-image\"><img decoding=\"async\" src=\"https:\/\/platform-cdn.sharethis.com\/img\/sharethis.svg\" alt=\"sharethis sharing button\"\/><\/figure>\n\n\n\n<p>Santo Domingo, RD.-&nbsp; En una hist\u00f3rica ceremonia, el&nbsp;<strong>presidente Luis Abinader&nbsp;<\/strong>habl\u00f3 ante la Asamblea Nacional al recibir la&nbsp;<strong>Constituci\u00f3n reformada<\/strong>, lo cual consolida un&nbsp;<strong>nuevo cap\u00edtulo en la historia democr\u00e1tica de la naci\u00f3n, se\u00f1al\u00f3 la Presidencia de la Republica<\/strong>\u2002<strong>Dominicana en su sitio web..<\/strong><\/p>\n\n\n\n<p>Resalt\u00f3 que durante su discurso, el presidente subray\u00f3 el compromiso de la Rep\u00fablica Dominicana con la&nbsp;<strong>alternancia en el poder, la independencia del Ministerio P\u00fablico y la protecci\u00f3n de los principios fundamentales de la Constituci\u00f3n.<\/strong><\/p>\n\n\n\n<p>El mandatario destac\u00f3 el valor de esta reforma como un&nbsp;<strong>compromiso solemne<\/strong>&nbsp;con la democracia, afirmando que<em>&nbsp;\u201cla Constituci\u00f3n no es solo un conjunto de palabras t\u00e9cnicas sobre un papel; es el alma de nuestro pueblo\u201d.<\/em>&nbsp;En este sentido, enfatiz\u00f3 que los cambios promulgados representan una visi\u00f3n de&nbsp;<strong>justicia, paz y estabilidad<\/strong>, orientada a fortalecer la confianza en las instituciones dominicanas y el futuro del pa\u00eds.&nbsp;<\/p>\n\n\n\n<figure class=\"wp-block-image\"><img decoding=\"async\" src=\"https:\/\/presidencia.gob.do\/sites\/default\/files\/inline-images\/65607a4e-2093-4d66-82c1-745b077a4487.jpeg\" alt=\"\"\/><\/figure>\n\n\n\n<p><strong>Protecci\u00f3n de la alternancia y la independencia del Poder Judicial<\/strong>&nbsp;<\/p>\n\n\n\n<p>Uno de los pilares de esta reforma es la ampliaci\u00f3n del&nbsp;<strong>art\u00edculo 268<\/strong>, que&nbsp;<strong>consagra la elecci\u00f3n presidencial como un derecho inmodificable<\/strong>&nbsp;que asegura la alternancia en el poder como principio esencial.&nbsp;<em>\u201cCon esta medida, ning\u00fan presidente, presente o futuro, podr\u00e1 modificar las normas de elecci\u00f3n para beneficio propio\u201d<\/em>, declar\u00f3 el mandatario.&nbsp;<\/p>\n\n\n\n<p>Esta disposici\u00f3n, junto con una&nbsp;<strong>cl\u00e1usula que impide al presidente actual optar por la reelecci\u00f3n<\/strong>, refuerza el compromiso de limitar el poder, protegiendo la estabilidad institucional y consolidando un&nbsp;<strong>sistema de gobierno sin liderazgos perpetuos.<\/strong>&nbsp;<\/p>\n\n\n\n<p>Adem\u00e1s, el presidente present\u00f3 una nueva estructura para la&nbsp;<strong>selecci\u00f3n del procurador general y los procuradores adjuntos.<\/strong>&nbsp;<\/p>\n\n\n\n<p>Bajo el nuevo esquema, el&nbsp;<strong>Consejo Nacional de la Magistratura<\/strong>&nbsp;asumir\u00e1 la responsabilidad de estas&nbsp;<strong>designaciones<\/strong>, en garant\u00eda de una&nbsp;<strong>justicia independiente y libre de presiones pol\u00edticas.<\/strong><\/p>\n\n\n\n<p><em>\u201cUn Ministerio P\u00fablico independiente asegura que la ley no tiene due\u00f1o, que los privilegios no podr\u00e1n esconderse tras el poder, y que ning\u00fan ciudadano est\u00e1 por encima de la justicia\u201d,<\/em>&nbsp;asever\u00f3.&nbsp;<\/p>\n\n\n\n<p><strong>Otros cambios claves en la Constituci\u00f3n<\/strong>&nbsp;<\/p>\n\n\n\n<p>El presidente tambi\u00e9n mencion\u00f3 la&nbsp;<strong>unificaci\u00f3n de las elecciones a partir de 2032<\/strong>&nbsp;<strong>y una reducci\u00f3n<\/strong>&nbsp;en el n\u00famero de representantes de la&nbsp;<strong>C\u00e1mara de Diputados<\/strong>, medidas que, seg\u00fan afirm\u00f3, contribuir\u00e1n a un sistema pol\u00edtico m\u00e1s eficiente y a una representaci\u00f3n p\u00fablica m\u00e1s ajustada a las necesidades del pa\u00eds.&nbsp;<\/p>\n\n\n\n<figure class=\"wp-block-image\"><img decoding=\"async\" src=\"https:\/\/presidencia.gob.do\/sites\/default\/files\/inline-images\/67703270-04c5-4010-b185-eaa05cb4ac97.jpeg\" alt=\"\"\/><\/figure>\n\n\n\n<p><strong>Compromiso con una democracia para todos<\/strong>&nbsp;<\/p>\n\n\n\n<p>El presidente Abinader concluy\u00f3 su discurso reafirmando su&nbsp;<strong>compromiso con la transparencia, la justicia y el respeto a los principios democr\u00e1ticos.<\/strong>&nbsp;<\/p>\n\n\n\n<p>En sus palabras finales, expres\u00f3 que&nbsp;<em>\u201ceste cambio constitucional es mucho m\u00e1s que un tr\u00e1mite administrativo; representa la voluntad de un pa\u00eds que merece una democracia de calidad, donde el poder sea una responsabilidad y no un privilegio personal\u201d.<\/em>&nbsp;Tambi\u00e9n dej\u00f3 un&nbsp;<strong>mensaje de continuidad para futuros l\u00edderes<\/strong>, inst\u00e1ndoles a fortalecer el progreso y a trabajar por el bienestar de todos los dominicanos.&nbsp;<\/p>\n\n\n\n<p>Con esta reforma, la Rep\u00fablica Dominicana da un paso firme hacia un futuro de\u00a0<strong>mayor institucionalidad y justicia<\/strong>, enviando un mensaje claro:\u00a0<strong>el pa\u00eds est\u00e1 por encima de cualquier gobierno, y los ciudadanos, por encima de cualquier presidente.<\/strong>\u00a0<\/p>\n\n\n\n<figure class=\"wp-block-embed is-type-video is-provider-youtube wp-block-embed-youtube wp-embed-aspect-16-9 wp-has-aspect-ratio\"><div class=\"wp-block-embed__wrapper\">\n<iframe loading=\"lazy\" title=\"Acto de Proclamaci\u00f3n de la nueva Constituci\u00f3n Dominicana.\" width=\"616\" height=\"347\" src=\"https:\/\/www.youtube.com\/embed\/BraKxT2G86o?feature=oembed\" frameborder=\"0\" allow=\"accelerometer; autoplay; clipboard-write; encrypted-media; gyroscope; picture-in-picture; web-share\" referrerpolicy=\"strict-origin-when-cross-origin\" allowfullscreen><\/iframe>\n<\/div><\/figure>\n\n\n\n<p>Esta proclamaci\u00f3n marca un hito en la historia dominicana, reafirmando su compromiso con una&nbsp;<strong>democracia estable y duradera para las generaciones venideras.<\/strong><\/p>\n\n\n\n<p>Presidencia de la Rep\u00fablica Dominicana.<\/p>\n","protected":false},"excerpt":{"rendered":"<p>27 de Octubre 2024 | Santo Domingo, RD.-&nbsp; En una hist\u00f3rica ceremonia, el&nbsp;presidente Luis Abinader&nbsp;habl\u00f3 ante la Asamblea Nacional al recibir la&nbsp;Constituci\u00f3n reformada, lo cual consolida un&nbsp;nuevo cap\u00edtulo en la historia democr\u00e1tica de la naci\u00f3n, se\u00f1al\u00f3 la Presidencia de la Republica\u2002Dominicana en su sitio web.. Resalt\u00f3 que durante su discurso, el presidente subray\u00f3 el compromiso [&hellip;]<\/p>\n","protected":false},"author":28,"featured_media":569745,"comment_status":"closed","ping_status":"closed","sticky":true,"template":"","format":"standard","meta":{"footnotes":""},"categories":[20,26,22,27],"tags":[],"class_list":["post-569744","post","type-post","status-publish","format-standard","has-post-thumbnail","hentry","category-dominicana-hoy","category-efemerides","category-politica","category-portada"],"_links":{"self":[{"href":"https:\/\/diariodominicano.com\/index.php?rest_route=\/wp\/v2\/posts\/569744","targetHints":{"allow":["GET"]}}],"collection":[{"href":"https:\/\/diariodominicano.com\/index.php?rest_route=\/wp\/v2\/posts"}],"about":[{"href":"https:\/\/diariodominicano.com\/index.php?rest_route=\/wp\/v2\/types\/post"}],"author":[{"embeddable":true,"href":"https:\/\/diariodominicano.com\/index.php?rest_route=\/wp\/v2\/users\/28"}],"replies":[{"embeddable":true,"href":"https:\/\/diariodominicano.com\/index.php?rest_route=%2Fwp%2Fv2%2Fcomments&post=569744"}],"version-history":[{"count":4,"href":"https:\/\/diariodominicano.com\/index.php?rest_route=\/wp\/v2\/posts\/569744\/revisions"}],"predecessor-version":[{"id":569975,"href":"https:\/\/diariodominicano.com\/index.php?rest_route=\/wp\/v2\/posts\/569744\/revisions\/569975"}],"wp:featuredmedia":[{"embeddable":true,"href":"https:\/\/diariodominicano.com\/index.php?rest_route=\/wp\/v2\/media\/569745"}],"wp:attachment":[{"href":"https:\/\/diariodominicano.com\/index.php?rest_route=%2Fwp%2Fv2%2Fmedia&parent=569744"}],"wp:term":[{"taxonomy":"category","embeddable":true,"href":"https:\/\/diariodominicano.com\/index.php?rest_route=%2Fwp%2Fv2%2Fcategories&post=569744"},{"taxonomy":"post_tag","embeddable":true,"href":"https:\/\/diariodominicano.com\/index.php?rest_route=%2Fwp%2Fv2%2Ftags&post=569744"}],"curies":[{"name":"wp","href":"https:\/\/api.w.org\/{rel}","templated":true}]}}