{"id":569705,"date":"2024-10-27T20:31:02","date_gmt":"2024-10-28T00:31:02","guid":{"rendered":"https:\/\/diariodominicano.com\/?p=569705"},"modified":"2024-10-27T20:31:05","modified_gmt":"2024-10-28T00:31:05","slug":"locutor-dominicano-con-tres-nominaciones-a-los-premios-sovas","status":"publish","type":"post","link":"https:\/\/diariodominicano.com\/?p=569705","title":{"rendered":"Locutor dominicano con tres nominaciones a los premios SOVAS"},"content":{"rendered":"\n<p>Santo Domingo, RD._ El locutor dominicano Mart\u00edn Alc\u00e1ntara es nominado por segundo a\u00f1o consecutivo a los prestigiosos premios SOVAS, una premiaci\u00f3n destinada a resaltar la calidad de los artistas de la voz de todo el mundo.<\/p>\n\n\n\n<p>El galard\u00f3n es otorgado por la Society of Voice Arts and Sciences con sede en Nueva York, y que tradicionalmente celebra la premiaci\u00f3n en Los Angeles, California; repitiendo este a\u00f1o en el glamuroso Beverly Hilton.<\/p>\n\n\n\n<p>En esta ocasi\u00f3n, Alc\u00e1ntara est\u00e1 nominado en tres categor\u00edas: Mejor Voice Over para promos de TV, compitiendo con \u201cCierre Panamericanos 2023\u201d de Radio Televisi\u00f3n Dominicana (RTVD), Mejor Voice Over Corporate Narration Demo, y en Mejor Voice Over PSA, campa\u00f1as tem\u00e1ticas sin fines de lucro, en esta categor\u00eda el destacado locutor dominicano est\u00e1 nominado con el trabajo \u201cGrito Capotillo\u201d, tambi\u00e9n realizado para RTVD.<\/p>\n\n\n\n<p>Alc\u00e1ntara afirm\u00f3 que su carrera como locutor ha tenido un resurgimiento a partir de la capacitaci\u00f3n en nuevas t\u00e9cnicas, as\u00ed como por su participaci\u00f3n en diferentes foros y congresos internacionales en Colombia, M\u00e9xico y Estados Unidos.<\/p>\n\n\n\n<p>\u201cNunca est\u00e1s demasiado viejo para relanzar tu carrera de locutor, es posible que alg\u00fan productor espere encontrar un demo de tu voz bien aplicada a las necesidades de hoy, cuando la voz humana est\u00e1 teniendo una gran revalorizaci\u00f3n\u201d, a\u00f1adi\u00f3.<\/p>\n\n\n\n<p>Actualmente se desempe\u00f1a como voz oficial del canal 4 de RTVD junto a Marina Fr\u00edas, y es un profesional de la comunicaci\u00f3n que ha realizado producciones para diferentes empresas nacionales e internacionales.<\/p>\n\n\n\n<p>Inici\u00f3 como Disc Jockey en Radio Universal en 1993, luego pas\u00f3 a ser locutor fundador de Power 103.7 fm, y trabaj\u00f3 en radio 920 am, Estrella 90.5 fm, CDN Cadena de Noticias y Voz del estadio de los Leones del Escogido.<\/p>\n\n\n\n<p>Bajo la tutela de H\u00e9ctor Jos\u00e9 Torres (la Fuerza), Alc\u00e1ntara comenz\u00f3 a trabajar la locuci\u00f3n animada, la que dice fue felicitada durante a\u00f1os, porque el estilo de Power 103 era muy depurado, acabado, limpio y perfecto, cuidando los tonos, as\u00ed como la forma en que entras en un disco mientras suena.<\/p>\n\n\n\n<p>Domingo 27 de octubre de 2024<\/p>\n","protected":false},"excerpt":{"rendered":"<p>Santo Domingo, RD._ El locutor dominicano Mart\u00edn Alc\u00e1ntara es nominado por segundo a\u00f1o consecutivo a los prestigiosos premios SOVAS, una premiaci\u00f3n destinada a resaltar la calidad de los artistas de la voz de todo el mundo. El galard\u00f3n es otorgado por la Society of Voice Arts and Sciences con sede en Nueva York, y que [&hellip;]<\/p>\n","protected":false},"author":28,"featured_media":569706,"comment_status":"closed","ping_status":"closed","sticky":true,"template":"","format":"standard","meta":{"footnotes":""},"categories":[36,25],"tags":[],"class_list":["post-569705","post","type-post","status-publish","format-standard","has-post-thumbnail","hentry","category-hombresmujeresycosas","category-gente"],"_links":{"self":[{"href":"https:\/\/diariodominicano.com\/index.php?rest_route=\/wp\/v2\/posts\/569705","targetHints":{"allow":["GET"]}}],"collection":[{"href":"https:\/\/diariodominicano.com\/index.php?rest_route=\/wp\/v2\/posts"}],"about":[{"href":"https:\/\/diariodominicano.com\/index.php?rest_route=\/wp\/v2\/types\/post"}],"author":[{"embeddable":true,"href":"https:\/\/diariodominicano.com\/index.php?rest_route=\/wp\/v2\/users\/28"}],"replies":[{"embeddable":true,"href":"https:\/\/diariodominicano.com\/index.php?rest_route=%2Fwp%2Fv2%2Fcomments&post=569705"}],"version-history":[{"count":1,"href":"https:\/\/diariodominicano.com\/index.php?rest_route=\/wp\/v2\/posts\/569705\/revisions"}],"predecessor-version":[{"id":569707,"href":"https:\/\/diariodominicano.com\/index.php?rest_route=\/wp\/v2\/posts\/569705\/revisions\/569707"}],"wp:featuredmedia":[{"embeddable":true,"href":"https:\/\/diariodominicano.com\/index.php?rest_route=\/wp\/v2\/media\/569706"}],"wp:attachment":[{"href":"https:\/\/diariodominicano.com\/index.php?rest_route=%2Fwp%2Fv2%2Fmedia&parent=569705"}],"wp:term":[{"taxonomy":"category","embeddable":true,"href":"https:\/\/diariodominicano.com\/index.php?rest_route=%2Fwp%2Fv2%2Fcategories&post=569705"},{"taxonomy":"post_tag","embeddable":true,"href":"https:\/\/diariodominicano.com\/index.php?rest_route=%2Fwp%2Fv2%2Ftags&post=569705"}],"curies":[{"name":"wp","href":"https:\/\/api.w.org\/{rel}","templated":true}]}}