{"id":569699,"date":"2024-10-27T20:25:14","date_gmt":"2024-10-28T00:25:14","guid":{"rendered":"https:\/\/diariodominicano.com\/?p=569699"},"modified":"2024-10-27T20:27:33","modified_gmt":"2024-10-28T00:27:33","slug":"destacan-los-aportes-de-la-uasd-a-la-sociedad-dominicana-al-cumplir-486-anos-de-fundada","status":"publish","type":"post","link":"https:\/\/diariodominicano.com\/?p=569699","title":{"rendered":"Destacan los aportes de la UASD a la sociedad dominicana al cumplir 486 a\u00f1os de fundada"},"content":{"rendered":"\n<p>Maestro Ram\u00f3n L\u00f3pez Ynoa<\/p>\n\n\n\n<p>BARAHONA, RD: El aspirante a subdirector acad\u00e9mico por la UASD Recinto Barahona, para el per\u00edodo 2026-2030, maestro Ram\u00f3n L\u00f3pez Ynoa, destac\u00f3 los aportes realizado por la Universidad Aut\u00f3noma de Santo Domingo (UASD), en sus 486 a\u00f1os de fundada a la sociedad dominicana en diversos \u00e1mbitos.<\/p>\n\n\n\n<p>Lopez Ynoa, destac\u00f3 entre esos aportes, la formaci\u00f3n de profesionales, investigadores y t\u00e9cnicos en ciencias, humanidades y artes, las investigaciones en campos como la medicina, las ciencias naturales y la agronom\u00eda, que han contribuido a resolver problemas de la sociedad.<\/p>\n\n\n\n<figure class=\"wp-block-image size-large\"><img loading=\"lazy\" decoding=\"async\" width=\"1024\" height=\"959\" src=\"https:\/\/diariodominicano.com\/wp-content\/uploads\/2024\/10\/04b37ea1-a2ed-4e2d-a03e-ece586a40606-1024x959.jpg\" alt=\"\" class=\"wp-image-569703\" srcset=\"https:\/\/diariodominicano.com\/wp-content\/uploads\/2024\/10\/04b37ea1-a2ed-4e2d-a03e-ece586a40606-1024x959.jpg 1024w, https:\/\/diariodominicano.com\/wp-content\/uploads\/2024\/10\/04b37ea1-a2ed-4e2d-a03e-ece586a40606-300x281.jpg 300w, https:\/\/diariodominicano.com\/wp-content\/uploads\/2024\/10\/04b37ea1-a2ed-4e2d-a03e-ece586a40606-768x719.jpg 768w, https:\/\/diariodominicano.com\/wp-content\/uploads\/2024\/10\/04b37ea1-a2ed-4e2d-a03e-ece586a40606-816x764.jpg 816w, https:\/\/diariodominicano.com\/wp-content\/uploads\/2024\/10\/04b37ea1-a2ed-4e2d-a03e-ece586a40606.jpg 1080w\" sizes=\"auto, (max-width: 1024px) 100vw, 1024px\" \/><\/figure>\n\n\n\n<p>Maestro Ram\u00f3n L\u00f3pez Ynoa<\/p>\n\n\n\n<p>ambi\u00e9n ha dise\u00f1ado planes estrat\u00e9gicos y de ordenamiento territorial para alcald\u00edas y asociaciones municipales, proyectos arquitect\u00f3nicos que han culminado en la construcci\u00f3n de obras p\u00fablicas.<\/p>\n\n\n\n<p>Adem\u00e1s desde las escuelas de la Facultad de Ciencias de la Salud han alertado y orientado sobre la aparici\u00f3n y combate de enfermedades como el dengue, chikungunya y Zika.<\/p>\n\n\n\n<p>El tambien director de la UASD Subcentro Jiman\u00ed, expres\u00f3 que \u201cEste aniversario no solo es un motivo de celebraci\u00f3n, sino tambi\u00e9n una oportunidad para reflexionar sobre los desaf\u00edos actuales que enfrenta nuestra universidad y nuestro pa\u00eds. Estamos comprometidos a continuar nuestra misi\u00f3n educativa con calidad y pertinencia social\u201d<\/p>\n\n\n\n<p>El catedr\u00e1tico record\u00f3 que la UASD &nbsp;ofrece otros servicios, como orientaci\u00f3n profesional, servicios bibliogr\u00e1ficos, publicaciones, educaci\u00f3n f\u00edsica y deportes, difusi\u00f3n art\u00edstica y cultural, relaciones p\u00fablicas e internacionales, bienestar estudiantil, y posgrado.<\/p>\n\n\n\n<p>\u00abLa UASD tambi\u00e9n implementa iniciativas para fomentar el di\u00e1logo sobre temas relevantes para la sociedad dominicana, incluyendo conferencias sobre educaci\u00f3n, sostenibilidad y derechos humanos\u00bb, subray\u00f3.<\/p>\n\n\n\n<p>La UASD fue creada por el Papa Paulo III el 28 de octubre de 1538, a trav\u00e9s de la Bula In Apostolatus Culmine. La instituci\u00f3n se bas\u00f3 en la Universidad de Alcal\u00e1 de Henares y comenz\u00f3 sus clases con cuatro facultades: Medicina, Derecho, Teolog\u00eda y Artes.<\/p>\n\n\n\n<p>Lissy G\u00f3mez<\/p>\n\n\n\n<p>Lissy G\u00f3mez ()<\/p>\n\n\n\n<p><a target=\"_blank\" href=\"mailto:lissymgomez1995@gmail.com\" rel=\"noreferrer noopener\">lissymgomez1995@gmail.com<\/a><\/p>\n","protected":false},"excerpt":{"rendered":"<p>Maestro Ram\u00f3n L\u00f3pez Ynoa BARAHONA, RD: El aspirante a subdirector acad\u00e9mico por la UASD Recinto Barahona, para el per\u00edodo 2026-2030, maestro Ram\u00f3n L\u00f3pez Ynoa, destac\u00f3 los aportes realizado por la Universidad Aut\u00f3noma de Santo Domingo (UASD), en sus 486 a\u00f1os de fundada a la sociedad dominicana en diversos \u00e1mbitos. Lopez Ynoa, destac\u00f3 entre esos aportes, [&hellip;]<\/p>\n","protected":false},"author":28,"featured_media":569700,"comment_status":"closed","ping_status":"closed","sticky":true,"template":"","format":"standard","meta":{"footnotes":""},"categories":[36,26],"tags":[],"class_list":["post-569699","post","type-post","status-publish","format-standard","has-post-thumbnail","hentry","category-hombresmujeresycosas","category-efemerides"],"_links":{"self":[{"href":"https:\/\/diariodominicano.com\/index.php?rest_route=\/wp\/v2\/posts\/569699","targetHints":{"allow":["GET"]}}],"collection":[{"href":"https:\/\/diariodominicano.com\/index.php?rest_route=\/wp\/v2\/posts"}],"about":[{"href":"https:\/\/diariodominicano.com\/index.php?rest_route=\/wp\/v2\/types\/post"}],"author":[{"embeddable":true,"href":"https:\/\/diariodominicano.com\/index.php?rest_route=\/wp\/v2\/users\/28"}],"replies":[{"embeddable":true,"href":"https:\/\/diariodominicano.com\/index.php?rest_route=%2Fwp%2Fv2%2Fcomments&post=569699"}],"version-history":[{"count":2,"href":"https:\/\/diariodominicano.com\/index.php?rest_route=\/wp\/v2\/posts\/569699\/revisions"}],"predecessor-version":[{"id":569704,"href":"https:\/\/diariodominicano.com\/index.php?rest_route=\/wp\/v2\/posts\/569699\/revisions\/569704"}],"wp:featuredmedia":[{"embeddable":true,"href":"https:\/\/diariodominicano.com\/index.php?rest_route=\/wp\/v2\/media\/569700"}],"wp:attachment":[{"href":"https:\/\/diariodominicano.com\/index.php?rest_route=%2Fwp%2Fv2%2Fmedia&parent=569699"}],"wp:term":[{"taxonomy":"category","embeddable":true,"href":"https:\/\/diariodominicano.com\/index.php?rest_route=%2Fwp%2Fv2%2Fcategories&post=569699"},{"taxonomy":"post_tag","embeddable":true,"href":"https:\/\/diariodominicano.com\/index.php?rest_route=%2Fwp%2Fv2%2Ftags&post=569699"}],"curies":[{"name":"wp","href":"https:\/\/api.w.org\/{rel}","templated":true}]}}