{"id":569684,"date":"2024-10-27T20:00:29","date_gmt":"2024-10-28T00:00:29","guid":{"rendered":"https:\/\/diariodominicano.com\/?p=569684"},"modified":"2024-10-27T20:00:33","modified_gmt":"2024-10-28T00:00:33","slug":"venezuela-felicita-a-san-vicente-y-las-granadinas-por-fecha-patria","status":"publish","type":"post","link":"https:\/\/diariodominicano.com\/?p=569684","title":{"rendered":"Venezuela felicita a San Vicente y las Granadinas por fecha patria"},"content":{"rendered":"\n<p>Caracas, 27 oct (Prensa Latina) El presidente de Venezuela, Nicol\u00e1s Maduro, envi\u00f3 hoy una fraterna felicitaci\u00f3n al que llam\u00f3 noble pueblo de San Vicente y las Granadinas, al celebrar en la fecha el aniversario 45 de su independencia.<\/p>\n\n\n\n<ul class=\"wp-block-list\">\n<li><a href=\"https:\/\/www.prensa-latina.cu\/2024\/10\/27\/\"><time>octubre 27, 2024 | 19:31<\/time><\/a><\/li>\n<\/ul>\n\n\n\n<ul class=\"wp-block-list\">\n<li><a href=\"https:\/\/www.prensa-latina.cu\/2024\/10\/27\/venezuela-felicita-a-san-vicente-y-las-granadinas-por-fecha-patria\/#\"><\/a><\/li>\n\n\n\n<li><a href=\"https:\/\/www.prensa-latina.cu\/2024\/10\/27\/venezuela-felicita-a-san-vicente-y-las-granadinas-por-fecha-patria\/#\"><\/a><\/li>\n\n\n\n<li><a href=\"https:\/\/www.prensa-latina.cu\/2024\/10\/27\/venezuela-felicita-a-san-vicente-y-las-granadinas-por-fecha-patria\/#\"><\/a><\/li>\n\n\n\n<li><a href=\"https:\/\/www.prensa-latina.cu\/2024\/10\/27\/venezuela-felicita-a-san-vicente-y-las-granadinas-por-fecha-patria\/#\"><\/a><\/li>\n<\/ul>\n\n\n\n<p>\u201c\u00a1Reciban el abrazo del pueblo bolivariano! La hermandad y la amistad entre ambos pa\u00edses avanzan de victoria en victoria, as\u00ed como la consolidaci\u00f3n de la uni\u00f3n y la fraternidad\u201d, escribi\u00f3 el gobernante en la red social de Telegram.<\/p>\n\n\n\n<p>\u00a1Llegue a los pueblos del Caribe nuestro amor y solidaridad!, expres\u00f3.<\/p>\n\n\n\n<p>En la misma plataforma el secretario ejecutivo de la Alianza Bolivariana para los Pueblos de Nuestra Am\u00e9rica-Tratado de Comercio de los Pueblos (ALBA-TCP), Jorge Arreaza, se\u00f1al\u00f3 que esa naci\u00f3n caribe\u00f1a hermana dej\u00f3 atr\u00e1s las \u00e9pocas oscuras de la colonizaci\u00f3n y logr\u00f3 su independencia pol\u00edtica.<\/p>\n\n\n\n<p>\u201cDesde el ALBA-TCP, enviamos un c\u00e1lido abrazo de felicitaci\u00f3n al hermano pueblo sanvicentino, a su gobierno y su valiente primer ministro, Ralph Gonsalves, expres\u00f3.<\/p>\n\n\n\n<p>El diplom\u00e1tico manifest\u00f3 que sin duda, gracias a su independencia y visi\u00f3n estrat\u00e9gica, San Vicente y las Granadinas \u201cse ha convertido en uno de los pa\u00edses miembros de la Alianza Bolivariana y de la Comunidad del Caribe, que mayores aportes ha hecho para la unidad de nuestros pueblos\u201d de la regi\u00f3n.<\/p>\n\n\n\n<p>\u00a1Felicidades!, asever\u00f3.<\/p>\n\n\n\n<p>rc\/jcd<\/p>\n","protected":false},"excerpt":{"rendered":"<p>Caracas, 27 oct (Prensa Latina) El presidente de Venezuela, Nicol\u00e1s Maduro, envi\u00f3 hoy una fraterna felicitaci\u00f3n al que llam\u00f3 noble pueblo de San Vicente y las Granadinas, al celebrar en la fecha el aniversario 45 de su independencia. \u201c\u00a1Reciban el abrazo del pueblo bolivariano! La hermandad y la amistad entre ambos pa\u00edses avanzan de victoria [&hellip;]<\/p>\n","protected":false},"author":28,"featured_media":569685,"comment_status":"closed","ping_status":"closed","sticky":true,"template":"","format":"standard","meta":{"footnotes":""},"categories":[26,23],"tags":[],"class_list":["post-569684","post","type-post","status-publish","format-standard","has-post-thumbnail","hentry","category-efemerides","category-internacional"],"_links":{"self":[{"href":"https:\/\/diariodominicano.com\/index.php?rest_route=\/wp\/v2\/posts\/569684","targetHints":{"allow":["GET"]}}],"collection":[{"href":"https:\/\/diariodominicano.com\/index.php?rest_route=\/wp\/v2\/posts"}],"about":[{"href":"https:\/\/diariodominicano.com\/index.php?rest_route=\/wp\/v2\/types\/post"}],"author":[{"embeddable":true,"href":"https:\/\/diariodominicano.com\/index.php?rest_route=\/wp\/v2\/users\/28"}],"replies":[{"embeddable":true,"href":"https:\/\/diariodominicano.com\/index.php?rest_route=%2Fwp%2Fv2%2Fcomments&post=569684"}],"version-history":[{"count":1,"href":"https:\/\/diariodominicano.com\/index.php?rest_route=\/wp\/v2\/posts\/569684\/revisions"}],"predecessor-version":[{"id":569686,"href":"https:\/\/diariodominicano.com\/index.php?rest_route=\/wp\/v2\/posts\/569684\/revisions\/569686"}],"wp:featuredmedia":[{"embeddable":true,"href":"https:\/\/diariodominicano.com\/index.php?rest_route=\/wp\/v2\/media\/569685"}],"wp:attachment":[{"href":"https:\/\/diariodominicano.com\/index.php?rest_route=%2Fwp%2Fv2%2Fmedia&parent=569684"}],"wp:term":[{"taxonomy":"category","embeddable":true,"href":"https:\/\/diariodominicano.com\/index.php?rest_route=%2Fwp%2Fv2%2Fcategories&post=569684"},{"taxonomy":"post_tag","embeddable":true,"href":"https:\/\/diariodominicano.com\/index.php?rest_route=%2Fwp%2Fv2%2Ftags&post=569684"}],"curies":[{"name":"wp","href":"https:\/\/api.w.org\/{rel}","templated":true}]}}