{"id":569656,"date":"2024-10-28T14:34:33","date_gmt":"2024-10-28T18:34:33","guid":{"rendered":"https:\/\/diariodominicano.com\/?p=569656"},"modified":"2024-10-28T14:34:36","modified_gmt":"2024-10-28T18:34:36","slug":"digitalizacion-en-las-empresas-sera-clave-para-el-desarrollo-de-republica-dominicana-2","status":"publish","type":"post","link":"https:\/\/diariodominicano.com\/?p=569656","title":{"rendered":"Digitalizaci\u00f3n en las empresas ser\u00e1 clave para el desarrollo de Rep\u00fablica Dominicana\u00a0"},"content":{"rendered":"\n<p><em>Al participar en la Expo Cumbre Factor de \u00c9xito 2024, Fantino Polanco, viceministro de Desarrollo Industrial del MICM, resalt\u00f3 que, a trav\u00e9s de alianzas estrat\u00e9gicas, el pa\u00eds ha accedido a herramientas especializadas que permiten realizar un diagn\u00f3stico digital de las empresas.<\/em><\/p>\n\n\n\n<p>PUNTA CANA.-&nbsp; Con miras a continuar adaptando los negocios a las nuevas estrategias tecnol\u00f3gicas, Rep\u00fablica Dominicana anunci\u00f3 la creaci\u00f3n de un plan nacional para fortalecer las capacidades de digitalizaci\u00f3n de las empresas en su cadena de valor.<\/p>\n\n\n\n<figure class=\"wp-block-gallery has-nested-images columns-default is-cropped wp-block-gallery-1 is-layout-flex wp-block-gallery-is-layout-flex\">\n<figure class=\"wp-block-image size-large\"><img loading=\"lazy\" decoding=\"async\" width=\"1024\" height=\"682\" data-id=\"569992\" src=\"https:\/\/diariodominicano.com\/wp-content\/uploads\/2024\/10\/Mite-Nishio-Emmanuel-Puga-Estefany-Gutierrez-Fantino-Polanco-Ivan-Calvo-1-1024x682.jpg\" alt=\"\" class=\"wp-image-569992\" srcset=\"https:\/\/diariodominicano.com\/wp-content\/uploads\/2024\/10\/Mite-Nishio-Emmanuel-Puga-Estefany-Gutierrez-Fantino-Polanco-Ivan-Calvo-1-1024x682.jpg 1024w, https:\/\/diariodominicano.com\/wp-content\/uploads\/2024\/10\/Mite-Nishio-Emmanuel-Puga-Estefany-Gutierrez-Fantino-Polanco-Ivan-Calvo-1-300x200.jpg 300w, https:\/\/diariodominicano.com\/wp-content\/uploads\/2024\/10\/Mite-Nishio-Emmanuel-Puga-Estefany-Gutierrez-Fantino-Polanco-Ivan-Calvo-1-768x512.jpg 768w, https:\/\/diariodominicano.com\/wp-content\/uploads\/2024\/10\/Mite-Nishio-Emmanuel-Puga-Estefany-Gutierrez-Fantino-Polanco-Ivan-Calvo-1-1536x1024.jpg 1536w, https:\/\/diariodominicano.com\/wp-content\/uploads\/2024\/10\/Mite-Nishio-Emmanuel-Puga-Estefany-Gutierrez-Fantino-Polanco-Ivan-Calvo-1-2048x1365.jpg 2048w, https:\/\/diariodominicano.com\/wp-content\/uploads\/2024\/10\/Mite-Nishio-Emmanuel-Puga-Estefany-Gutierrez-Fantino-Polanco-Ivan-Calvo-1-816x544.jpg 816w\" sizes=\"auto, (max-width: 1024px) 100vw, 1024px\" \/><\/figure>\n<\/figure>\n\n\n\n<p>As\u00ed lo anunci\u00f3 el viceministro de Desarrollo Industrial del Ministerio de Industria, Comercio y Mipymes, Faustino Polanco, al participar en el conversatorio \u201cConvergencia Digital: construyendo el \u00e9xito empresarial a trav\u00e9s de la colaboraci\u00f3n estrat\u00e9gica\u201d, realizado en el marco de la Expo Cumbre Factor de \u00c9xito 2024.<\/p>\n\n\n\n<figure class=\"wp-block-gallery has-nested-images columns-default is-cropped wp-block-gallery-2 is-layout-flex wp-block-gallery-is-layout-flex\">\n<figure class=\"wp-block-image size-large\"><img loading=\"lazy\" decoding=\"async\" width=\"1024\" height=\"682\" data-id=\"569991\" src=\"https:\/\/diariodominicano.com\/wp-content\/uploads\/2024\/10\/Miguel-Calzada-Tamara-Vasquez-Milka-Hernandez-y-Jessica-Aja-1-1024x682.jpg\" alt=\"\" class=\"wp-image-569991\" srcset=\"https:\/\/diariodominicano.com\/wp-content\/uploads\/2024\/10\/Miguel-Calzada-Tamara-Vasquez-Milka-Hernandez-y-Jessica-Aja-1-1024x682.jpg 1024w, https:\/\/diariodominicano.com\/wp-content\/uploads\/2024\/10\/Miguel-Calzada-Tamara-Vasquez-Milka-Hernandez-y-Jessica-Aja-1-300x200.jpg 300w, https:\/\/diariodominicano.com\/wp-content\/uploads\/2024\/10\/Miguel-Calzada-Tamara-Vasquez-Milka-Hernandez-y-Jessica-Aja-1-768x512.jpg 768w, https:\/\/diariodominicano.com\/wp-content\/uploads\/2024\/10\/Miguel-Calzada-Tamara-Vasquez-Milka-Hernandez-y-Jessica-Aja-1-1536x1024.jpg 1536w, https:\/\/diariodominicano.com\/wp-content\/uploads\/2024\/10\/Miguel-Calzada-Tamara-Vasquez-Milka-Hernandez-y-Jessica-Aja-1-2048x1365.jpg 2048w, https:\/\/diariodominicano.com\/wp-content\/uploads\/2024\/10\/Miguel-Calzada-Tamara-Vasquez-Milka-Hernandez-y-Jessica-Aja-1-816x544.jpg 816w\" sizes=\"auto, (max-width: 1024px) 100vw, 1024px\" \/><\/figure>\n<\/figure>\n\n\n\n<p>Polanco mencion\u00f3 que la tecnolog\u00eda est\u00e1 transformando todos los sectores, y su implementaci\u00f3n se convertir\u00e1 en una pol\u00edtica industrial clave para Rep\u00fablica Dominicana. A trav\u00e9s de alianzas estrat\u00e9gicas, como la colaboraci\u00f3n con el Ministerio de Industria de Espa\u00f1a, dijo que el pa\u00eds ha accedido a herramientas como HADA RD, que permiten realizar un diagn\u00f3stico digital de las empresas para entender su nivel de digitalizaci\u00f3n; adem\u00e1s de Activa 4.0, con la que ya se han ayudado a 24 industrias dominicanas para mejorar sus procesos de ciberseguridad.<\/p>\n\n\n\n<figure class=\"wp-block-gallery has-nested-images columns-default is-cropped wp-block-gallery-3 is-layout-flex wp-block-gallery-is-layout-flex\">\n<figure class=\"wp-block-image size-large\"><img loading=\"lazy\" decoding=\"async\" width=\"1024\" height=\"682\" data-id=\"569990\" src=\"https:\/\/diariodominicano.com\/wp-content\/uploads\/2024\/10\/Fantino-Polanco-1-1024x682.jpg\" alt=\"\" class=\"wp-image-569990\" srcset=\"https:\/\/diariodominicano.com\/wp-content\/uploads\/2024\/10\/Fantino-Polanco-1-1024x682.jpg 1024w, https:\/\/diariodominicano.com\/wp-content\/uploads\/2024\/10\/Fantino-Polanco-1-300x200.jpg 300w, https:\/\/diariodominicano.com\/wp-content\/uploads\/2024\/10\/Fantino-Polanco-1-768x512.jpg 768w, https:\/\/diariodominicano.com\/wp-content\/uploads\/2024\/10\/Fantino-Polanco-1-1536x1024.jpg 1536w, https:\/\/diariodominicano.com\/wp-content\/uploads\/2024\/10\/Fantino-Polanco-1-2048x1365.jpg 2048w, https:\/\/diariodominicano.com\/wp-content\/uploads\/2024\/10\/Fantino-Polanco-1-816x544.jpg 816w\" sizes=\"auto, (max-width: 1024px) 100vw, 1024px\" \/><\/figure>\n<\/figure>\n\n\n\n<p>\u00a0<\/p>\n\n\n\n<p>El funcionario resalt\u00f3 la importancia de que las empresas adapten sus negocios a las nuevas estrategias tecnol\u00f3gicas y enfatiz\u00f3 la importancia de tener un diagn\u00f3stico inicial para formular pol\u00edticas p\u00fablicas m\u00e1s precisas y eficientes.&nbsp;<\/p>\n\n\n\n<p>En el panel, moderado por el dominicano Mite Nishio, gerente de Divisi\u00f3n de Innovaci\u00f3n de GCS y segundo vicepresidente de ADOFINTECH, participaron adem\u00e1s la dominicana Estefany Guti\u00e9rrez, coach en neuroventas y marca personal; el mexicano Emmanuel Puga, psic\u00f3logo organizacional y fundados de la firma Great Plan; y el chileno Iv\u00e1n Calvo, experto social y digital selling, certificado por LinkedIn, quienes discutieron c\u00f3mo la digitalizaci\u00f3n en Rep\u00fablica Dominicana, que cuenta con 10 millones de cuentas de internet y una infraestructura robusta, fomenta el desarrollo de las empresas.<\/p>\n\n\n\n<figure class=\"wp-block-gallery has-nested-images columns-default is-cropped wp-block-gallery-4 is-layout-flex wp-block-gallery-is-layout-flex\">\n<figure class=\"wp-block-image size-large\"><img loading=\"lazy\" decoding=\"async\" width=\"1024\" height=\"682\" data-id=\"569989\" src=\"https:\/\/diariodominicano.com\/wp-content\/uploads\/2024\/10\/Andres-Silva-Arancibia-durante-charla-1-1024x682.jpg\" alt=\"\" class=\"wp-image-569989\" srcset=\"https:\/\/diariodominicano.com\/wp-content\/uploads\/2024\/10\/Andres-Silva-Arancibia-durante-charla-1-1024x682.jpg 1024w, https:\/\/diariodominicano.com\/wp-content\/uploads\/2024\/10\/Andres-Silva-Arancibia-durante-charla-1-300x200.jpg 300w, https:\/\/diariodominicano.com\/wp-content\/uploads\/2024\/10\/Andres-Silva-Arancibia-durante-charla-1-768x512.jpg 768w, https:\/\/diariodominicano.com\/wp-content\/uploads\/2024\/10\/Andres-Silva-Arancibia-durante-charla-1-1536x1024.jpg 1536w, https:\/\/diariodominicano.com\/wp-content\/uploads\/2024\/10\/Andres-Silva-Arancibia-durante-charla-1-2048x1365.jpg 2048w, https:\/\/diariodominicano.com\/wp-content\/uploads\/2024\/10\/Andres-Silva-Arancibia-durante-charla-1-816x544.jpg 816w\" sizes=\"auto, (max-width: 1024px) 100vw, 1024px\" \/><\/figure>\n<\/figure>\n\n\n\n<p><strong>Expo Cumbre Factor de \u00c9xito cierra promoviendo la innovaci\u00f3n y la digitalizaci\u00f3n empresarial<\/strong><\/p>\n\n\n\n<p>La Expo Cumbre Factor de \u00c9xito 2024, celebrada durante tres d\u00edas en el Convention Center Sanctuary en Cap Cana, concluy\u00f3 ofreciendo una plataforma para el fortalecimiento de la innovaci\u00f3n empresarial, la difusi\u00f3n de mejores pr\u00e1cticas y la creaci\u00f3n de oportunidades de networking entre los asistentes.&nbsp;&nbsp;<\/p>\n\n\n\n<p>El evento cont\u00f3 con la participaci\u00f3n de m\u00e1s de 45 destacados speakers provenientes de ocho pa\u00edses, quienes compartieron sus experiencias y perspectivas a trav\u00e9s de un completo programa que incluy\u00f3 ocho conversatorios y diez conferencias.&nbsp;<\/p>\n\n\n\n<p>\u201cLos asistentes tuvieron la oportunidad de aprender de reconocidos expertos en diversas \u00e1reas, fortaleciendo su comprensi\u00f3n sobre las tendencias y retos actuales en los negocios y la digitalizaci\u00f3n, a la vez que ampliaban sus redes de contactos dentro de la comunidad empresarial\u201d, afirm\u00f3 Isabel Figueroa de Rolo en el tercer d\u00eda de celebraci\u00f3n.&nbsp;<\/p>\n\n\n\n<p>Resalt\u00f3 que la Expo Cumbre reafirm\u00f3 su posici\u00f3n como uno de los eventos m\u00e1s importantes en la regi\u00f3n para el impulso de la innovaci\u00f3n, la colaboraci\u00f3n estrat\u00e9gica y el crecimiento empresarial, concluyendo con una visi\u00f3n renovada para el futuro del sector.<\/p>\n\n\n\n<p><strong>Lecciones sobre mejores pr\u00e1cticas para el turismo dominicano<\/strong><\/p>\n\n\n\n<p>Durante el tercer d\u00eda del evento se realiz\u00f3 el conversatorio sobre turismo innovador, que cont\u00f3 con las panelistas dominicanas Jessica Aja, directora de Marketing de Hodelpa Hotels y Resorts; la economista Tamara V\u00e1squez, directora de la carrera de turismo de Unibe; y Milka Hern\u00e1ndez, gerente general de Grupo Sarma, quienes dialogaron con Miguel Calzada, presidente de Canal Tur\u00edstico Nacional (CTN).&nbsp;<\/p>\n\n\n\n<p>Aja destac\u00f3 la importancia de no olvidar la esencia del servicio en la industria tur\u00edstica: el \u201cservicio 1 a 1\u201d, subrayando que la clave para ofrecer una experiencia memorable radica en la calidez, el contacto cercano y un enfoque personalizado.&nbsp;<\/p>\n\n\n\n<p>Mientras que V\u00e1squez reflexion\u00f3 sobre las lecciones que dej\u00f3 la pandemia, especialmente en t\u00e9rminos de resiliencia. En ese sentido, explic\u00f3 que, aunque la crisis oblig\u00f3 a muchos a adaptarse forzosamente a la tecnolog\u00eda, esto tuvo un impacto positivo, acelerando el uso y el aprovechamiento del mundo digital.&nbsp;<\/p>\n\n\n\n<p>Dijo que esta transformaci\u00f3n tambi\u00e9n implica una evoluci\u00f3n en la formaci\u00f3n de los profesionales del turismo, sobre todo en la manera en que se preparan los gestores humanos que atienden las necesidades del sector. Hizo un llamado a actualizar las pol\u00edticas p\u00fablicas de educaci\u00f3n para alinearlas con la modernizaci\u00f3n global y la demanda de competencias tecnol\u00f3gicas. Para V\u00e1squez, estos cambios son fundamentales para asegurar que el turismo siga siendo una industria din\u00e1mica e innovadora, adaptada a los desaf\u00edos y oportunidades del mundo moderno.<\/p>\n\n\n\n<p>De su lado, Milka Hern\u00e1ndez resalt\u00f3 el valor de herramientas como la realidad aumentada y las herramientas tecnol\u00f3gicas en los hoteles, como las llaves digitales, que no solo mejoran la experiencia del cliente, sino que tambi\u00e9n contribuyen a reducir costos operativos. Para los l\u00edderes empresariales, Hern\u00e1ndez aconsej\u00f3 mantenerse abiertos al conocimiento y regresar a las academias de educaci\u00f3n para impartir clases, lo que no solo permite dinamizar el proceso de aprendizaje, sino tambi\u00e9n aprender de los estudiantes, creando un intercambio valioso entre generaciones.&nbsp;<\/p>\n\n\n\n<p>En una de las<strong> <\/strong>conferencias del d\u00eda, a cargo del venezolano Thony Da Silva, se abord\u00f3 el tema Reputaci\u00f3n: Gestionando intangibles para crear valor tangible, donde se abordaron los desaf\u00edos que enfrentan muchas empresas en el pa\u00eds en el \u00e1mbito reputacional, incluyendo el debilitamiento institucional y el desgaste del sistema democr\u00e1tico. Mientras que en otra conferencia fue tratado el tema de la disrupci\u00f3n tecnol\u00f3gica para el liderazgo empresarial 2030, la cual fue ofrecida por el chileno Andr\u00e9s Silva Arancibia.&nbsp;<\/p>\n\n\n\n<p>En el tercer d\u00eda de la Expo Cumbre se realizaron dos conferencias magistrales. La primera: \u201cConvivencia generacional: uniendo experiencias para impulsar el futuro\u201d, ofrecida por el chileno Marcelo Mu\u00f1oz. Su ponencia incluy\u00f3 una explicaci\u00f3n sobre los retos m\u00e1s importantes para las empresas modernas, entre ellos, la convivencia entre generaciones en el lugar de trabajo.&nbsp;<\/p>\n\n\n\n<p>En tal sentido, Mu\u00f1oz destac\u00f3 que, en un entorno donde conviven distintas generaciones, desde los baby boomers hasta la generaci\u00f3n Z, las organizaciones enfrentan desaf\u00edos relacionados con el uso de la tecnolog\u00eda, los estilos de comunicaci\u00f3n y los valores que definen a cada grupo.<\/p>\n\n\n\n<p>Subray\u00f3 que las empresas deben adaptarse a estos contrastes, entendiendo las fortalezas que cada generaci\u00f3n puede aportar. Explic\u00f3 que, mientras las generaciones m\u00e1s j\u00f3venes tienden a estar m\u00e1s conectadas con las \u00faltimas tecnolog\u00edas, las generaciones mayores aportan una rica experiencia y un enfoque m\u00e1s anal\u00edtico.&nbsp;<\/p>\n\n\n\n<p>El cierre de la jornada estuvo a cargo del argentino Ariel Benedetti, un speaker de Marketing Digital y Marcas con m\u00e1s de diez a\u00f1os de experiencia en los escenarios de Latinoam\u00e9rica, quien habl\u00f3 sobre \u201cReputaci\u00f3n digital para l\u00edderes influyentes\u201d.<\/p>\n\n\n\n<p>Benedetti ofreci\u00f3 recomendaciones para gestionar la reputaci\u00f3n digital, una tarea multifac\u00e9tica que va m\u00e1s all\u00e1 de una simple presencia en redes sociales. Explic\u00f3 que se trata de una estrategia integral donde cada acci\u00f3n, siendo un aspecto cada vez m\u00e1s crucial en el entorno empresarial actual, donde la visibilidad y la influencia online juegan un rol determinante en la percepci\u00f3n p\u00fablica. En su disertaci\u00f3n, recomend\u00f3 diversas estrategias para gestionar eficazmente la marca personal, destacando la importancia de la opini\u00f3n p\u00fablica, el networking, el desarrollo de talentos, la comunicaci\u00f3n digital y la relaci\u00f3n con los stakeholders.<\/p>\n\n\n\n<p>La Expo Cumbre termin\u00f3 con la celebraci\u00f3n de un c\u00f3ctel que sirvi\u00f3 para que los asistentes pudieran continuar socializando y fortaleciendo los lazos de integraci\u00f3n alcanzados durante la jornada de tres d\u00edas.&nbsp;<\/p>\n\n\n\n<p>Katherine Paulino Disla &lt;<a href=\"mailto:katherine.paulino@newlink-group.com\">katherine.paulino@newlink-group.com<\/a>&gt;&nbsp;<\/p>\n\n\n\n<p><\/p>\n","protected":false},"excerpt":{"rendered":"<p>Al participar en la Expo Cumbre Factor de \u00c9xito 2024, Fantino Polanco, viceministro de Desarrollo Industrial del MICM, resalt\u00f3 que, a trav\u00e9s de alianzas estrat\u00e9gicas, el pa\u00eds ha accedido a herramientas especializadas que permiten realizar un diagn\u00f3stico digital de las empresas. PUNTA CANA.-&nbsp; Con miras a continuar adaptando los negocios a las nuevas estrategias tecnol\u00f3gicas, [&hellip;]<\/p>\n","protected":false},"author":7,"featured_media":569988,"comment_status":"closed","ping_status":"closed","sticky":false,"template":"","format":"standard","meta":{"footnotes":""},"categories":[18],"tags":[],"class_list":["post-569656","post","type-post","status-publish","format-standard","has-post-thumbnail","hentry","category-economia"],"_links":{"self":[{"href":"https:\/\/diariodominicano.com\/index.php?rest_route=\/wp\/v2\/posts\/569656","targetHints":{"allow":["GET"]}}],"collection":[{"href":"https:\/\/diariodominicano.com\/index.php?rest_route=\/wp\/v2\/posts"}],"about":[{"href":"https:\/\/diariodominicano.com\/index.php?rest_route=\/wp\/v2\/types\/post"}],"author":[{"embeddable":true,"href":"https:\/\/diariodominicano.com\/index.php?rest_route=\/wp\/v2\/users\/7"}],"replies":[{"embeddable":true,"href":"https:\/\/diariodominicano.com\/index.php?rest_route=%2Fwp%2Fv2%2Fcomments&post=569656"}],"version-history":[{"count":2,"href":"https:\/\/diariodominicano.com\/index.php?rest_route=\/wp\/v2\/posts\/569656\/revisions"}],"predecessor-version":[{"id":570003,"href":"https:\/\/diariodominicano.com\/index.php?rest_route=\/wp\/v2\/posts\/569656\/revisions\/570003"}],"wp:featuredmedia":[{"embeddable":true,"href":"https:\/\/diariodominicano.com\/index.php?rest_route=\/wp\/v2\/media\/569988"}],"wp:attachment":[{"href":"https:\/\/diariodominicano.com\/index.php?rest_route=%2Fwp%2Fv2%2Fmedia&parent=569656"}],"wp:term":[{"taxonomy":"category","embeddable":true,"href":"https:\/\/diariodominicano.com\/index.php?rest_route=%2Fwp%2Fv2%2Fcategories&post=569656"},{"taxonomy":"post_tag","embeddable":true,"href":"https:\/\/diariodominicano.com\/index.php?rest_route=%2Fwp%2Fv2%2Ftags&post=569656"}],"curies":[{"name":"wp","href":"https:\/\/api.w.org\/{rel}","templated":true}]}}