{"id":569543,"date":"2024-10-26T14:48:52","date_gmt":"2024-10-26T18:48:52","guid":{"rendered":"https:\/\/diariodominicano.com\/?p=569543"},"modified":"2024-10-28T23:17:56","modified_gmt":"2024-10-29T03:17:56","slug":"fuerzas-armadas-rd-referentes-en-la-formacion-derechos-humanos-en-latinoamerica","status":"publish","type":"post","link":"https:\/\/diariodominicano.com\/?p=569543","title":{"rendered":"Fuerzas Armadas RD referentes en la formaci\u00f3n Derechos Humanos en Latinoam\u00e9rica"},"content":{"rendered":"\n<p>SANTO DOMINGO.- Las Fuerzas Armadas dominicanas se han consolidado como referente regional en la capacitaci\u00f3n y promoci\u00f3n del respeto a los derechos humanos, gracias a la creaci\u00f3n de programas educativos en el nivel superior que incluyen maestr\u00edas en el \u00e1rea, que han facilitado el egreso de m\u00e1s de 46 mil profesionales civiles y militares.<\/p>\n\n\n\n<p>As\u00ed lo afirma el general de brigada Ambiorix Cepeda Hern\u00e1ndez, ERD, director de la Escuela de Graduados de Derechos Humanos y Derecho Internacional Humanitario (EGDDHHyDIH), de la Universidad Nacional para la Defensa (UNADE), quien dijo la instituci\u00f3n funciona como centro regional de capacitaci\u00f3n, adscrito a la Conferencia de las Fuerzas Armadas Centroamericanas (CFAC), en beneficio de cursantes de pa\u00edses como Guatemala, El Salvador, Honduras, Nicaragua y del pa\u00eds.<\/p>\n\n\n\n<figure class=\"wp-block-gallery has-nested-images columns-default is-cropped wp-block-gallery-1 is-layout-flex wp-block-gallery-is-layout-flex\">\n<figure class=\"wp-block-image size-large\"><img loading=\"lazy\" decoding=\"async\" width=\"1024\" height=\"769\" data-id=\"569552\" src=\"https:\/\/diariodominicano.com\/wp-content\/uploads\/2024\/10\/Fuerzas-Armadas-RD-referentes-en-formacion-Derechos-Humanos-en-Latinoamerica-1024x769.jpeg\" alt=\"\" class=\"wp-image-569552\" srcset=\"https:\/\/diariodominicano.com\/wp-content\/uploads\/2024\/10\/Fuerzas-Armadas-RD-referentes-en-formacion-Derechos-Humanos-en-Latinoamerica-1024x769.jpeg 1024w, https:\/\/diariodominicano.com\/wp-content\/uploads\/2024\/10\/Fuerzas-Armadas-RD-referentes-en-formacion-Derechos-Humanos-en-Latinoamerica-300x225.jpeg 300w, https:\/\/diariodominicano.com\/wp-content\/uploads\/2024\/10\/Fuerzas-Armadas-RD-referentes-en-formacion-Derechos-Humanos-en-Latinoamerica-768x577.jpeg 768w, https:\/\/diariodominicano.com\/wp-content\/uploads\/2024\/10\/Fuerzas-Armadas-RD-referentes-en-formacion-Derechos-Humanos-en-Latinoamerica-1536x1154.jpeg 1536w, https:\/\/diariodominicano.com\/wp-content\/uploads\/2024\/10\/Fuerzas-Armadas-RD-referentes-en-formacion-Derechos-Humanos-en-Latinoamerica-816x613.jpeg 816w, https:\/\/diariodominicano.com\/wp-content\/uploads\/2024\/10\/Fuerzas-Armadas-RD-referentes-en-formacion-Derechos-Humanos-en-Latinoamerica.jpeg 1600w\" sizes=\"auto, (max-width: 1024px) 100vw, 1024px\" \/><\/figure>\n<\/figure>\n\n\n\n<p>\u201cDesde su creaci\u00f3n en el a\u00f1o 2000, ha contado con el liderazgo civil y militar dominicano en esta materia. La movilidad docente es una constante y nuestros instructores se desplazan tambi\u00e9n para asesorar en derechos humanos, a instituciones como el Ej\u00e9rcito de Guatemala, donde emular\u00e1n el modelo de nuestra Escuela para formar a sus miembros\u201d, precis\u00f3.<\/p>\n\n\n\n<figure class=\"wp-block-gallery has-nested-images columns-default is-cropped wp-block-gallery-2 is-layout-flex wp-block-gallery-is-layout-flex\">\n<figure class=\"wp-block-image size-large\"><img loading=\"lazy\" decoding=\"async\" width=\"1024\" height=\"984\" data-id=\"569550\" src=\"https:\/\/diariodominicano.com\/wp-content\/uploads\/2024\/10\/Fuerzas-Armadas-RD-referentes-en-la-formacion-Derechos-Humanos-Latinoamerica-1024x984.jpeg\" alt=\"\" class=\"wp-image-569550\" srcset=\"https:\/\/diariodominicano.com\/wp-content\/uploads\/2024\/10\/Fuerzas-Armadas-RD-referentes-en-la-formacion-Derechos-Humanos-Latinoamerica-1024x984.jpeg 1024w, https:\/\/diariodominicano.com\/wp-content\/uploads\/2024\/10\/Fuerzas-Armadas-RD-referentes-en-la-formacion-Derechos-Humanos-Latinoamerica-300x288.jpeg 300w, https:\/\/diariodominicano.com\/wp-content\/uploads\/2024\/10\/Fuerzas-Armadas-RD-referentes-en-la-formacion-Derechos-Humanos-Latinoamerica-768x738.jpeg 768w, https:\/\/diariodominicano.com\/wp-content\/uploads\/2024\/10\/Fuerzas-Armadas-RD-referentes-en-la-formacion-Derechos-Humanos-Latinoamerica-816x784.jpeg 816w, https:\/\/diariodominicano.com\/wp-content\/uploads\/2024\/10\/Fuerzas-Armadas-RD-referentes-en-la-formacion-Derechos-Humanos-Latinoamerica.jpeg 1170w\" sizes=\"auto, (max-width: 1024px) 100vw, 1024px\" \/><\/figure>\n<\/figure>\n\n\n\n<p>Tambi\u00e9n, refiri\u00f3 que en viajes acad\u00e9micos a Panam\u00e1, Paraguay y Per\u00fa ha contactado con las autoridades educativas militares de esos pa\u00edses, naciones que recientemente se han interesado en el modelo educativo.<\/p>\n\n\n\n<p>\u201cSomos uno de los tres pa\u00edses junto a Colombia y M\u00e9xico, que cuenta con una pista de derechos humanos donde el estudiante, en un ambiente al estilo de laboratorio, pone en pr\u00e1ctica los conocimientos adquiridos en el aula\u201d, coment\u00f3 Cepeda Hern\u00e1ndez.<\/p>\n\n\n\n<figure class=\"wp-block-gallery has-nested-images columns-default is-cropped wp-block-gallery-3 is-layout-flex wp-block-gallery-is-layout-flex\">\n<figure class=\"wp-block-image size-large\"><img loading=\"lazy\" decoding=\"async\" width=\"1024\" height=\"607\" data-id=\"569549\" src=\"https:\/\/diariodominicano.com\/wp-content\/uploads\/2024\/10\/Fuerzas-Armadas-RD-referentes-en-la-formacion-Derechos-Humanos-en-Latinoamerica-1024x607.jpeg\" alt=\"\" class=\"wp-image-569549\" srcset=\"https:\/\/diariodominicano.com\/wp-content\/uploads\/2024\/10\/Fuerzas-Armadas-RD-referentes-en-la-formacion-Derechos-Humanos-en-Latinoamerica-1024x607.jpeg 1024w, https:\/\/diariodominicano.com\/wp-content\/uploads\/2024\/10\/Fuerzas-Armadas-RD-referentes-en-la-formacion-Derechos-Humanos-en-Latinoamerica-300x178.jpeg 300w, https:\/\/diariodominicano.com\/wp-content\/uploads\/2024\/10\/Fuerzas-Armadas-RD-referentes-en-la-formacion-Derechos-Humanos-en-Latinoamerica-768x455.jpeg 768w, https:\/\/diariodominicano.com\/wp-content\/uploads\/2024\/10\/Fuerzas-Armadas-RD-referentes-en-la-formacion-Derechos-Humanos-en-Latinoamerica-816x483.jpeg 816w, https:\/\/diariodominicano.com\/wp-content\/uploads\/2024\/10\/Fuerzas-Armadas-RD-referentes-en-la-formacion-Derechos-Humanos-en-Latinoamerica.jpeg 1170w\" sizes=\"auto, (max-width: 1024px) 100vw, 1024px\" \/><\/figure>\n<\/figure>\n\n\n\n<p>Yulisa Ure\u00f1a, secretaria del C\u00edrculo de egresados de esta Escuela, afirm\u00f3 que las enriquecedoras experiencias en el aula as\u00ed como el intercambio con estudiantes y docentes de alto nivel, se expresa cada vez que se postulan masivamente a las capacitaciones, indicando, que s\u00f3lo \u201cpara el Curso B\u00e1sico en Derechos Humanos, las solicitudes superaron las 6 mil\u201d.<\/p>\n\n\n\n<figure class=\"wp-block-gallery has-nested-images columns-default is-cropped wp-block-gallery-4 is-layout-flex wp-block-gallery-is-layout-flex\">\n<figure class=\"wp-block-image size-large\"><img loading=\"lazy\" decoding=\"async\" width=\"1024\" height=\"999\" data-id=\"569554\" src=\"https:\/\/diariodominicano.com\/wp-content\/uploads\/2024\/10\/Fuerzas-Armadas-RD-referentes-formacion-Derechos-Humanos-en-Latinoamerica-1024x999.jpeg\" alt=\"\" class=\"wp-image-569554\" srcset=\"https:\/\/diariodominicano.com\/wp-content\/uploads\/2024\/10\/Fuerzas-Armadas-RD-referentes-formacion-Derechos-Humanos-en-Latinoamerica-1024x999.jpeg 1024w, https:\/\/diariodominicano.com\/wp-content\/uploads\/2024\/10\/Fuerzas-Armadas-RD-referentes-formacion-Derechos-Humanos-en-Latinoamerica-300x293.jpeg 300w, https:\/\/diariodominicano.com\/wp-content\/uploads\/2024\/10\/Fuerzas-Armadas-RD-referentes-formacion-Derechos-Humanos-en-Latinoamerica-768x749.jpeg 768w, https:\/\/diariodominicano.com\/wp-content\/uploads\/2024\/10\/Fuerzas-Armadas-RD-referentes-formacion-Derechos-Humanos-en-Latinoamerica-816x796.jpeg 816w, https:\/\/diariodominicano.com\/wp-content\/uploads\/2024\/10\/Fuerzas-Armadas-RD-referentes-formacion-Derechos-Humanos-en-Latinoamerica.jpeg 1170w\" sizes=\"auto, (max-width: 1024px) 100vw, 1024px\" \/><\/figure>\n\n\n\n<figure class=\"wp-block-image size-large\"><img loading=\"lazy\" decoding=\"async\" width=\"1024\" height=\"585\" data-id=\"569553\" src=\"https:\/\/diariodominicano.com\/wp-content\/uploads\/2024\/10\/Fuerzas-Armadas-RD-referentes-en-formacion-Derechos-Humanos-Latinoamerica-1024x585.jpeg\" alt=\"\" class=\"wp-image-569553\" srcset=\"https:\/\/diariodominicano.com\/wp-content\/uploads\/2024\/10\/Fuerzas-Armadas-RD-referentes-en-formacion-Derechos-Humanos-Latinoamerica-1024x585.jpeg 1024w, https:\/\/diariodominicano.com\/wp-content\/uploads\/2024\/10\/Fuerzas-Armadas-RD-referentes-en-formacion-Derechos-Humanos-Latinoamerica-300x171.jpeg 300w, https:\/\/diariodominicano.com\/wp-content\/uploads\/2024\/10\/Fuerzas-Armadas-RD-referentes-en-formacion-Derechos-Humanos-Latinoamerica-768x439.jpeg 768w, https:\/\/diariodominicano.com\/wp-content\/uploads\/2024\/10\/Fuerzas-Armadas-RD-referentes-en-formacion-Derechos-Humanos-Latinoamerica-816x466.jpeg 816w, https:\/\/diariodominicano.com\/wp-content\/uploads\/2024\/10\/Fuerzas-Armadas-RD-referentes-en-formacion-Derechos-Humanos-Latinoamerica.jpeg 1132w\" sizes=\"auto, (max-width: 1024px) 100vw, 1024px\" \/><\/figure>\n<\/figure>\n\n\n\n<p>Las declaraciones fueron ofrecidas durante su participaci\u00f3n en el programa radial \u201cJ-5 Interactivo\u201d, que se transmite cada jueves de 10:00 a 11:00 de la ma\u00f1ana por la Radioemisora Cultural \u201cLa Voz de las Fuerzas Armadas\u201d, a trav\u00e9s de los diales 102.7 y 106.9 FM.<\/p>\n\n\n\n<p><strong><em>Departamento de Prensa<\/em><\/strong><\/p>\n\n\n\n<p><em><strong>Direcci\u00f3n de Asuntos Civiles del Estado Mayor Conjunto, J5<\/strong><\/em><\/p>\n\n\n\n<p><em><strong>Ministerio de Defensa de Rep\u00fablica Dominicana<\/strong><\/em><\/p>\n\n\n\n<p>Prensa Mide <a href=\"mailto:prensaj5mide@gmail.com\">prensaj5mide@gmail.com<\/a><\/p>\n\n\n\n<p>#Fuerzas Armadas RD<\/p>\n","protected":false},"excerpt":{"rendered":"<p>SANTO DOMINGO.- Las Fuerzas Armadas dominicanas se han consolidado como referente regional en la capacitaci\u00f3n y promoci\u00f3n del respeto a los derechos humanos, gracias a la creaci\u00f3n de programas educativos en el nivel superior que incluyen maestr\u00edas en el \u00e1rea, que han facilitado el egreso de m\u00e1s de 46 mil profesionales civiles y militares. As\u00ed [&hellip;]<\/p>\n","protected":false},"author":7,"featured_media":569555,"comment_status":"closed","ping_status":"closed","sticky":false,"template":"","format":"standard","meta":{"footnotes":""},"categories":[36],"tags":[660,659],"class_list":["post-569543","post","type-post","status-publish","format-standard","has-post-thumbnail","hentry","category-hombresmujeresycosas","tag-derechos-humanos-en-latinoamerica","tag-fuerzas-armadas-rd"],"_links":{"self":[{"href":"https:\/\/diariodominicano.com\/index.php?rest_route=\/wp\/v2\/posts\/569543","targetHints":{"allow":["GET"]}}],"collection":[{"href":"https:\/\/diariodominicano.com\/index.php?rest_route=\/wp\/v2\/posts"}],"about":[{"href":"https:\/\/diariodominicano.com\/index.php?rest_route=\/wp\/v2\/types\/post"}],"author":[{"embeddable":true,"href":"https:\/\/diariodominicano.com\/index.php?rest_route=\/wp\/v2\/users\/7"}],"replies":[{"embeddable":true,"href":"https:\/\/diariodominicano.com\/index.php?rest_route=%2Fwp%2Fv2%2Fcomments&post=569543"}],"version-history":[{"count":2,"href":"https:\/\/diariodominicano.com\/index.php?rest_route=\/wp\/v2\/posts\/569543\/revisions"}],"predecessor-version":[{"id":569604,"href":"https:\/\/diariodominicano.com\/index.php?rest_route=\/wp\/v2\/posts\/569543\/revisions\/569604"}],"wp:featuredmedia":[{"embeddable":true,"href":"https:\/\/diariodominicano.com\/index.php?rest_route=\/wp\/v2\/media\/569555"}],"wp:attachment":[{"href":"https:\/\/diariodominicano.com\/index.php?rest_route=%2Fwp%2Fv2%2Fmedia&parent=569543"}],"wp:term":[{"taxonomy":"category","embeddable":true,"href":"https:\/\/diariodominicano.com\/index.php?rest_route=%2Fwp%2Fv2%2Fcategories&post=569543"},{"taxonomy":"post_tag","embeddable":true,"href":"https:\/\/diariodominicano.com\/index.php?rest_route=%2Fwp%2Fv2%2Ftags&post=569543"}],"curies":[{"name":"wp","href":"https:\/\/api.w.org\/{rel}","templated":true}]}}