{"id":569524,"date":"2024-10-26T13:32:46","date_gmt":"2024-10-26T17:32:46","guid":{"rendered":"https:\/\/diariodominicano.com\/?p=569524"},"modified":"2024-10-26T23:34:17","modified_gmt":"2024-10-27T03:34:17","slug":"avion-de-pasajeros-arj21-de-fabricacion-china-comenzara-su-operacion-comercial-en-hubei","status":"publish","type":"post","link":"https:\/\/diariodominicano.com\/?p=569524","title":{"rendered":"Avi\u00f3n de pasajeros ARJ21 de fabricaci\u00f3n china comenzar\u00e1 su operaci\u00f3n comercial en Hubei"},"content":{"rendered":"\n<p><em>spanish.news.cn<\/em>|<em>&nbsp;2024-10-26 14:57:40<\/em>|<\/p>\n\n\n\n<p>WUHAN, 25 octubre, 2024 (Xinhua) &#8212; Un avi\u00f3n de pasajeros ARJ21 de fabricaci\u00f3n china es visto en el Aeropuerto Internacional Tianhe de Wuhan, en Wuhan, en la provincia de Hubei, en el centro de China, el 25 de octubre de 2024. El avi\u00f3n de pasajeros ARJ21 ha sido estacionado en el aeropuerto y comenzar\u00e1 su operaci\u00f3n comercial. (Xinhua\/Xiao Yijiu)<\/p>\n\n\n\n<figure class=\"wp-block-image\"><img decoding=\"async\" src=\"https:\/\/spanish.news.cn\/20241026\/7e9646201abe42e0b61e748459c07132\/202410267e9646201abe42e0b61e748459c07132_20241026e9f75b209e8d4cef850efb7ec89ccdf0.jpg\" alt=\"\"\/><\/figure>\n\n\n\n<p>WUHAN, 25 octubre, 2024 (Xinhua) &#8212; Un avi\u00f3n de pasajeros ARJ21 de fabricaci\u00f3n china es visto en el Aeropuerto Internacional Tianhe de Wuhan, en Wuhan, en la provincia de Hubei, en el centro de China, el 25 de octubre de 2024. El avi\u00f3n de pasajeros ARJ21 ha sido estacionado en el aeropuerto y comenzar\u00e1 su operaci\u00f3n comercial. (Xinhua\/Xiao Yijiu)&nbsp;<\/p>\n\n\n\n<figure class=\"wp-block-image\"><img decoding=\"async\" src=\"https:\/\/spanish.news.cn\/20241026\/7e9646201abe42e0b61e748459c07132\/202410267e9646201abe42e0b61e748459c07132_202410261a32dfc0d44843699619b1041c04866e.jpg\" alt=\"\"\/><\/figure>\n\n\n\n<p>WUHAN, 25 octubre, 2024 (Xinhua) &#8212; Imagen del 25 de octubre de 2024 de una vista interior de un avi\u00f3n de pasajeros ARJ21 de fabricaci\u00f3n china en el Aeropuerto Internacional Tianhe de Wuhan, en Wuhan, en la provincia de Hubei, en el centro de China. El avi\u00f3n de pasajeros ARJ21 ha sido estacionado en el aeropuerto y comenzar\u00e1 su operaci\u00f3n comercial. (Xinhua\/Xiao Yijiu)<\/p>\n\n\n\n<p>#WUHAN\u2003#Avi\u00f3n comercial de China\u2003\u2003\u2003\u2003\u2003\u2003\u2003 <\/p>\n","protected":false},"excerpt":{"rendered":"<p>spanish.news.cn|&nbsp;2024-10-26 14:57:40| WUHAN, 25 octubre, 2024 (Xinhua) &#8212; Un avi\u00f3n de pasajeros ARJ21 de fabricaci\u00f3n china es visto en el Aeropuerto Internacional Tianhe de Wuhan, en Wuhan, en la provincia de Hubei, en el centro de China, el 25 de octubre de 2024. El avi\u00f3n de pasajeros ARJ21 ha sido estacionado en el aeropuerto y [&hellip;]<\/p>\n","protected":false},"author":2,"featured_media":569525,"comment_status":"closed","ping_status":"closed","sticky":true,"template":"","format":"standard","meta":{"footnotes":""},"categories":[18,25,23],"tags":[],"class_list":["post-569524","post","type-post","status-publish","format-standard","has-post-thumbnail","hentry","category-economia","category-gente","category-internacional"],"_links":{"self":[{"href":"https:\/\/diariodominicano.com\/index.php?rest_route=\/wp\/v2\/posts\/569524","targetHints":{"allow":["GET"]}}],"collection":[{"href":"https:\/\/diariodominicano.com\/index.php?rest_route=\/wp\/v2\/posts"}],"about":[{"href":"https:\/\/diariodominicano.com\/index.php?rest_route=\/wp\/v2\/types\/post"}],"author":[{"embeddable":true,"href":"https:\/\/diariodominicano.com\/index.php?rest_route=\/wp\/v2\/users\/2"}],"replies":[{"embeddable":true,"href":"https:\/\/diariodominicano.com\/index.php?rest_route=%2Fwp%2Fv2%2Fcomments&post=569524"}],"version-history":[{"count":2,"href":"https:\/\/diariodominicano.com\/index.php?rest_route=\/wp\/v2\/posts\/569524\/revisions"}],"predecessor-version":[{"id":569528,"href":"https:\/\/diariodominicano.com\/index.php?rest_route=\/wp\/v2\/posts\/569524\/revisions\/569528"}],"wp:featuredmedia":[{"embeddable":true,"href":"https:\/\/diariodominicano.com\/index.php?rest_route=\/wp\/v2\/media\/569525"}],"wp:attachment":[{"href":"https:\/\/diariodominicano.com\/index.php?rest_route=%2Fwp%2Fv2%2Fmedia&parent=569524"}],"wp:term":[{"taxonomy":"category","embeddable":true,"href":"https:\/\/diariodominicano.com\/index.php?rest_route=%2Fwp%2Fv2%2Fcategories&post=569524"},{"taxonomy":"post_tag","embeddable":true,"href":"https:\/\/diariodominicano.com\/index.php?rest_route=%2Fwp%2Fv2%2Ftags&post=569524"}],"curies":[{"name":"wp","href":"https:\/\/api.w.org\/{rel}","templated":true}]}}