{"id":569516,"date":"2024-10-26T13:26:16","date_gmt":"2024-10-26T17:26:16","guid":{"rendered":"https:\/\/diariodominicano.com\/?p=569516"},"modified":"2024-10-26T13:26:20","modified_gmt":"2024-10-26T17:26:20","slug":"autoridades-venezolanas-rechazan-acusacion-de-asesinato-de-lider-opositor-local","status":"publish","type":"post","link":"https:\/\/diariodominicano.com\/?p=569516","title":{"rendered":"Autoridades venezolanas rechazan acusaci\u00f3n de asesinato de l\u00edder opositor local"},"content":{"rendered":"\n<p>Edwin Santos, miembro fundador y dirigente en el estado venezolano Apure del partido Voluntad Popular. Cr\u00e9dito: Comando Con Vzla. ARCHIVO<\/p>\n\n\n\n<p>octubre 26, 2024<\/p>\n\n\n\n<ul class=\"wp-block-list\">\n<li><a href=\"https:\/\/www.vozdeamerica.com\/author\/reuters\/riv_i\">Reuters<\/a><\/li>\n<\/ul>\n\n\n\n<p><a href=\"https:\/\/www.vozdeamerica.com\/a\/autoridades-venezolanas-rechazan-acusaci%C3%B3n-de-asesinato-de-lider-opositor-local\/7840145.html#comments\">&nbsp;Vea comentarios<\/a><\/p>\n\n\n\n<p>Las autoridades de Venezuela afirman que un militante opositor muri\u00f3 en accidente vial y rechazan la versi\u00f3n de la oposici\u00f3n, que denunci\u00f3 el viernes el \u00abasesinato\u00bb del dirigente, quien aseguraron estaba bajo arresto<\/p>\n\n\n\n<p>CARACAS \u2014&nbsp;<\/p>\n\n\n\n<p>El l\u00edder local de un partido de la oposici\u00f3n venezolana, Edwin Santos, fue encontrado muerto el viernes por la ma\u00f1ana, una muerte que los cr\u00edticos del gobierno han atribuido a las fuerzas de seguridad del Estado y despu\u00e9s de que fuera detenido, pero las autoridades han dicho que pereci\u00f3 en un accidente.<\/p>\n\n\n\n<p>El partido opositor Voluntad Popular dijo en un comunicado en la red social X que Santos, de 36 a\u00f1os y fundador de la organizaci\u00f3n, estaba desaparecido desde la tarde del mi\u00e9rcoles, despu\u00e9s de viajar en motocicleta a la ciudad de El Pi\u00f1al.<\/p>\n\n\n\n<p>El director del Cuerpo de Investigaciones Cient\u00edficas, Penales y Criminal\u00edsticas, Douglas Rico, dijo m\u00e1s tarde en una publicaci\u00f3n en Instagram que la muerte de Santos hab\u00eda sido el resultado de un accidente de tr\u00e1nsito cuando la motocicleta que conduc\u00eda se estrell\u00f3 contra un \u00e1rbol, lo que le provoc\u00f3 lesiones graves, incluida una fractura en el cr\u00e1neo.<\/p>\n\n\n\n<p>\u00abRechazamos todas las noticias falsas dadas por algunos medios de informaci\u00f3n y voceros, que intentan manipular e informar que el Gobierno Nacional pueda estar detr\u00e1s de este lamentable suceso\u00bb, dijo Rico.<\/p>\n\n\n\n<p>Voluntad Popular hab\u00eda acusado al gobierno de haber asesinado a Santos, miembro del equipo en el fronterizo estado Apure, diciendo que testigos lo hab\u00edan visto cuando fue detenido por funcionarios de seguridad del Estado y que ten\u00edan informaci\u00f3n de que estaba bajo custodia del DGCIM (Direcci\u00f3n General de Contrainteligencia Militar) en Guasdualito, en esa regi\u00f3n.<\/p>\n\n\n\n<p><a href=\"https:\/\/www.vozdeamerica.com\/a\/partido-opositor-venezolano-dice-dirigente-asesinado-tras-ser-detenido-\/7839675.html\"><\/a><\/p>\n\n\n\n<p><a href=\"https:\/\/www.vozdeamerica.com\/a\/partido-opositor-venezolano-dice-dirigente-asesinado-tras-ser-detenido-\/7839675.html\">Tambi\u00e9n lea<\/a><\/p>\n\n\n\n<h4 class=\"wp-block-heading\"><a href=\"https:\/\/www.vozdeamerica.com\/a\/partido-opositor-venezolano-dice-dirigente-asesinado-tras-ser-detenido-\/7839675.html\">Partido opositor venezolano dice que dirigente fue asesinado tras ser detenido<\/a><\/h4>\n\n\n\n<p>La l\u00edder de la oposici\u00f3n venezolana, Mar\u00eda Corina Machado, tambi\u00e9n hizo declaraciones sobre la muerte de Santos y pidi\u00f3 una investigaci\u00f3n imparcial y que se aplique la justicia internacional, ante lo que llam\u00f3 un aumento de los cr\u00edmenes de lesa humanidad en Venezuela.<\/p>\n\n\n\n<p>\u00abAsesinaron a Edwin. Un joven l\u00edder pol\u00edtico y voluntario cat\u00f3lico, padre de dos ni\u00f1os chiquitos\u00bb, dijo. \u00abUn hombre bueno y alegre que amaba su tierra y se entreg\u00f3 a luchar por su democracia\u00bb.<\/p>\n\n\n\n<p>Voluntad Popular, el partido de Leopoldo L\u00f3pez, dijo que Santos hab\u00eda denunciado la situaci\u00f3n de colapso del puente que comunica a los fronterizos estados Apure y T\u00e1chira, y en esa zona fue encontrado sin vida. A\u00f1adi\u00f3 que el pol\u00edtico particip\u00f3 en la organizaci\u00f3n de las elecciones presidenciales de julio.<\/p>\n\n\n\n<p>El grupo de derechos humanos Foro Penal estim\u00f3 esta semana que hay unos 1.953 presos pol\u00edticos en Venezuela, la mayor\u00eda sin sentencia.<\/p>\n\n\n\n<p>La Misi\u00f3n de determinaci\u00f3n de hechos de Naciones Unidas ha acusado al gobierno del presidente Nicol\u00e1s Maduro de reprimir a los opositores tras las elecciones de julio en el pa\u00eds, en las que el mandatario fue declarado ganador por el Consejo Nacional Electoral, pero la oposici\u00f3n dice que gan\u00f3 por una amplia mayor\u00eda.<\/p>\n\n\n\n<p>El gobierno ha dicho que es una se\u00f1al de coerci\u00f3n extranjera y que tiene un s\u00f3lido aparato para la defensa de los derechos humanos.<\/p>\n","protected":false},"excerpt":{"rendered":"<p>Edwin Santos, miembro fundador y dirigente en el estado venezolano Apure del partido Voluntad Popular. Cr\u00e9dito: Comando Con Vzla. ARCHIVO octubre 26, 2024 &nbsp;Vea comentarios Las autoridades de Venezuela afirman que un militante opositor muri\u00f3 en accidente vial y rechazan la versi\u00f3n de la oposici\u00f3n, que denunci\u00f3 el viernes el \u00abasesinato\u00bb del dirigente, quien aseguraron [&hellip;]<\/p>\n","protected":false},"author":2,"featured_media":569517,"comment_status":"closed","ping_status":"closed","sticky":true,"template":"","format":"standard","meta":{"footnotes":""},"categories":[26,23],"tags":[],"class_list":["post-569516","post","type-post","status-publish","format-standard","has-post-thumbnail","hentry","category-efemerides","category-internacional"],"_links":{"self":[{"href":"https:\/\/diariodominicano.com\/index.php?rest_route=\/wp\/v2\/posts\/569516","targetHints":{"allow":["GET"]}}],"collection":[{"href":"https:\/\/diariodominicano.com\/index.php?rest_route=\/wp\/v2\/posts"}],"about":[{"href":"https:\/\/diariodominicano.com\/index.php?rest_route=\/wp\/v2\/types\/post"}],"author":[{"embeddable":true,"href":"https:\/\/diariodominicano.com\/index.php?rest_route=\/wp\/v2\/users\/2"}],"replies":[{"embeddable":true,"href":"https:\/\/diariodominicano.com\/index.php?rest_route=%2Fwp%2Fv2%2Fcomments&post=569516"}],"version-history":[{"count":1,"href":"https:\/\/diariodominicano.com\/index.php?rest_route=\/wp\/v2\/posts\/569516\/revisions"}],"predecessor-version":[{"id":569518,"href":"https:\/\/diariodominicano.com\/index.php?rest_route=\/wp\/v2\/posts\/569516\/revisions\/569518"}],"wp:featuredmedia":[{"embeddable":true,"href":"https:\/\/diariodominicano.com\/index.php?rest_route=\/wp\/v2\/media\/569517"}],"wp:attachment":[{"href":"https:\/\/diariodominicano.com\/index.php?rest_route=%2Fwp%2Fv2%2Fmedia&parent=569516"}],"wp:term":[{"taxonomy":"category","embeddable":true,"href":"https:\/\/diariodominicano.com\/index.php?rest_route=%2Fwp%2Fv2%2Fcategories&post=569516"},{"taxonomy":"post_tag","embeddable":true,"href":"https:\/\/diariodominicano.com\/index.php?rest_route=%2Fwp%2Fv2%2Ftags&post=569516"}],"curies":[{"name":"wp","href":"https:\/\/api.w.org\/{rel}","templated":true}]}}