{"id":56948,"date":"2020-01-30T10:50:09","date_gmt":"2020-01-30T10:50:09","guid":{"rendered":"http:\/\/diariodominicano.ddns.net\/?p=56948"},"modified":"2020-01-30T10:50:09","modified_gmt":"2020-01-30T10:50:09","slug":"el-desfile-nacional-del-carnaval-de-santo-domingo-2020-sera-celebrado-el-8-de-marzo","status":"publish","type":"post","link":"https:\/\/diariodominicano.com\/?p=56948","title":{"rendered":"El Desfile Nacional del Carnaval de Santo Domingo 2020 ser\u00e1 celebrado el 8 de marzo"},"content":{"rendered":"<p><body><\/p>\n<p><img decoding=\"async\" src=\"img3\/carnv1.jpg\" \/>  <\/p>\n<p>Eduardo Tejeda<\/p>\n<\/p>\n<p>Los ministerios de Cultura y Turismo trabajan en la organizaci\u00f3n del magno evento carnavalesco de Rep\u00fablica Dominicana a celebrarse en el malec\u00f3n del Distrito Nacional<\/p>\n<\/p>\n<p>30 de enero 2020.-El Desfile Nacional del Carnaval de Santo Domingo 2020 se celebrar\u00e1 el 8 de marzo, y estar\u00e1 dedicado a la provincia Hermanas Mirabal, en homenaje especial a la mujer dominicana.<\/p>\n<\/p>\n<p>En la organizaci\u00f3n del participan los ministerios de Cultura y de Turismo, seg\u00fan consta en una nota de prensa. Los detalles de la celebraci\u00f3n del magno evento carnavalesco ser\u00e1n ofrecidos por ambas instituciones estatales en una rueda de prensa a efectuarse el 11 de febrero, a las 10 de la ma\u00f1ana, en la sede del Ministerio de Cultura.<\/p>\n<\/p>\n<p>El martes, el ministro de Cultura, arquitecto Eduardo Selman, encabez\u00f3 una reuni\u00f3n con el personal responsable de la organizaci\u00f3n del desfile, en la que fueron conocidos los lineamientos generales a seguir para el montaje.<\/p>\n<\/p>\n<p>En la reuni\u00f3n se trat\u00f3, adem\u00e1s, sobre la elecci\u00f3n del rey y la reina del desfile, y respecto a las personalidades que ser\u00e1n reconocidas en el Premio Felipe Abreu, dedicado a resaltar las figuras sobresalientes del Carnaval Dominicano.<\/p>\n<\/p>\n<p>La coronaci\u00f3n del rey y la reina del Desfile Nacional del Carnaval se realizar\u00e1 el 24 de febrero del 2020, a las 6 de la tarde, en la Galer\u00eda Nacional de Bellas Artes.<\/p>\n<\/p>\n<p>En el encuentro particip\u00f3 Edil\u00ed Pichardo, viceministra para la Identidad Cultural y Ciudadan\u00eda, responsable directa de la organizaci\u00f3n del Desfile Nacional del Carnaval, as\u00ed como los funcionarios de la Direcci\u00f3n de Carnaval.<\/p>\n<\/p>\n<p>Como todos los a\u00f1os, el recorrido de las comparsas, que representar\u00e1n a las provincias del pa\u00eds, se realizar\u00e1 en la avenida George Washington del Distrito Nacional. Al final del desfile ser\u00e1 ofrecido un concierto a cargo de tres destacadas int\u00e9rpretes del merengue.<\/p>\n<\/p>\n<p>El ministro Selman explic\u00f3 en la reuni\u00f3n que el desfile se har\u00e1 en homenaje a la mujer dominicana, por coincidir la fecha de su realizaci\u00f3n con la celebraci\u00f3n del 8 de marzo, D\u00eda Internacional de la Mujer.<\/p>\n<\/p>\n<p>30 de enero del 2020<\/p>\n<\/p>\n<p>Direcci\u00f3n de Comunicaciones<\/p>\n<p>Ministerio de Cultura de la Rep\u00fablica Dominicana<\/p>\n<h6> 2020-01-30 10:50:09 <\/h6>\n<p><!--\n<link rel=\"stylesheet\" href=\"css\/bootstrap.min.css\">\n\n\n<ul class=\"pagination\">\n\t    \n\t\n\n<li >\n\t<a href='?page_no=881'>Previous<\/a>\n\t<\/li>\n\n\n       \n    \n\n<li><a href='?page_no=1'>1<\/a><\/li>\n\n\n\n<li><a href='?page_no=2'>2<\/a><\/li>\n\n\n\n<li><a>...<\/a><\/li>\n\n\n\n<li><a href='?page_no=880'>880<\/a><\/li>\n\n\n\n<li><a href='?page_no=881'>881<\/a><\/li>\n\n\n\n<li class='active'><a>882<\/a><\/li>\n\n\n\n<li><a href='?page_no=883'>883<\/a><\/li>\n\n\n\n<li><a href='?page_no=884'>884<\/a><\/li>\n\n\n\n<li><a>...<\/a><\/li>\n\n\n\n<li><a href='?page_no=22911'>22911<\/a><\/li>\n\n\n\n<li><a href='?page_no=22912'>22912<\/a><\/li>\n\n    \n\t\n\n<li >\n\t<a href='?page_no=883'>Next<\/a>\n\t<\/li>\n\n\n    \n\n<li><a href='?page_no=22912'>Last &rsaquo;&rsaquo;<\/a><\/li>\n\n<\/ul>\n\n\n--><br \/>\n<\/body><\/p>\n","protected":false},"excerpt":{"rendered":"<p>Eduardo Tejeda Los ministerios de Cultura y Turismo trabajan en la organizaci\u00f3n del magno evento carnavalesco de Rep\u00fablica Dominicana a celebrarse en el malec\u00f3n del Distrito Nacional 30 de enero 2020.-El Desfile Nacional del Carnaval de Santo Domingo 2020 se celebrar\u00e1 el 8 de marzo, y estar\u00e1 dedicado a la provincia Hermanas Mirabal, en homenaje [&hellip;]<\/p>\n","protected":false},"author":3,"featured_media":0,"comment_status":"open","ping_status":"open","sticky":false,"template":"","format":"standard","meta":{"footnotes":""},"categories":[21],"tags":[],"class_list":["post-56948","post","type-post","status-publish","format-standard","hentry","category-cultura"],"_links":{"self":[{"href":"https:\/\/diariodominicano.com\/index.php?rest_route=\/wp\/v2\/posts\/56948","targetHints":{"allow":["GET"]}}],"collection":[{"href":"https:\/\/diariodominicano.com\/index.php?rest_route=\/wp\/v2\/posts"}],"about":[{"href":"https:\/\/diariodominicano.com\/index.php?rest_route=\/wp\/v2\/types\/post"}],"author":[{"embeddable":true,"href":"https:\/\/diariodominicano.com\/index.php?rest_route=\/wp\/v2\/users\/3"}],"replies":[{"embeddable":true,"href":"https:\/\/diariodominicano.com\/index.php?rest_route=%2Fwp%2Fv2%2Fcomments&post=56948"}],"version-history":[{"count":0,"href":"https:\/\/diariodominicano.com\/index.php?rest_route=\/wp\/v2\/posts\/56948\/revisions"}],"wp:attachment":[{"href":"https:\/\/diariodominicano.com\/index.php?rest_route=%2Fwp%2Fv2%2Fmedia&parent=56948"}],"wp:term":[{"taxonomy":"category","embeddable":true,"href":"https:\/\/diariodominicano.com\/index.php?rest_route=%2Fwp%2Fv2%2Fcategories&post=56948"},{"taxonomy":"post_tag","embeddable":true,"href":"https:\/\/diariodominicano.com\/index.php?rest_route=%2Fwp%2Fv2%2Ftags&post=56948"}],"curies":[{"name":"wp","href":"https:\/\/api.w.org\/{rel}","templated":true}]}}