{"id":569454,"date":"2024-10-25T23:31:48","date_gmt":"2024-10-26T03:31:48","guid":{"rendered":"https:\/\/diariodominicano.com\/?p=569454"},"modified":"2024-10-25T23:34:46","modified_gmt":"2024-10-26T03:34:46","slug":"bolivia-y-paraguay-enfrentados-en-el-chaco-2-de-2","status":"publish","type":"post","link":"https:\/\/diariodominicano.com\/?p=569454","title":{"rendered":"BOLIVIA Y PARAGUAY ENFRENTADOS EN EL CHACO (2 de 2)"},"content":{"rendered":"\n<p><strong>POR TE\u00d3FILO LAPPOT ROBLES<\/strong><\/p>\n\n\n\n<p>Diariodominicano.com<\/p>\n\n\n\n<p>La Guerra del Chaco Boreal empez\u00f3, dicho antes, el d\u00eda 9 de septiembre de 1932. Fue declarada oficialmente el 10 de mayo de 1933 por el Congreso de Paraguay. Las armas cesaron de rugir el 12 de junio de 1935.<\/p>\n\n\n\n<p>Un detalle a se\u00f1alar aqu\u00ed es que el parque militar con que contaban los soldados en ese conflicto armado inclu\u00eda escopetas con munici\u00f3n de posta, que usaban principalmente los ind\u00edgenas guaran\u00edes improvisados como combatientes.<\/p>\n\n\n\n<p>Aunque se ha escrito que la discordia de entonces entre Bolivia y Paraguay fue por cuestiones de l\u00edmites fronterizos, el baremo para saber qu\u00e9 fue lo que en el fondo provoc\u00f3 dicha guerra nunca se ha podido fijar, aunque desde que la misma termin\u00f3 se han realizado m\u00faltiples conversaciones, protocolos sobre colocaci\u00f3n de postes de piedra para delimitaci\u00f3n geogr\u00e1fica, acuerdos de amistad, tratados de paz, etc.<\/p>\n\n\n\n<p><\/p>\n\n\n\n<p>El 21 de julio de 1938, hace ahora 86 a\u00f1os, se firm\u00f3 en la capital de Argentina un acuerdo de respeto mutuo entre los pa\u00edses beligerantes. Se decidi\u00f3 que las tres cuartas partes del Chaco Boreal eran de Paraguay y la otra cuarta parte de Bolivia.<\/p>\n\n\n\n<p>Los puntos esenciales del aludido pacto se convirtieron en un mecanismo legal con categor\u00eda de Doctrina de alcance internacional con el nombre de su principal gestor, el a la saz\u00f3n canciller argentino y eminente jurista Carlos Saavedra Lamas.<\/p>\n\n\n\n<p>\u201cLa guerra del Chaco ha sido uno de los m\u00e1s tristes episodios de enfrentamientos entre pa\u00edses hermanos en el siglo XX. La historia particular&nbsp; de Bolivia y Paraguay hace que la guerra en cuesti\u00f3n adquiera una dimensi\u00f3n tr\u00e1gica sin ejemplo\u201d.<\/p>\n\n\n\n<p>As\u00ed explic\u00f3 ese hecho sangriento del pasado sudamericano, en la introducci\u00f3n de un ensayo titulado La Guerra del Chaco, un catedr\u00e1tico de Derecho Internacional en la Universidad de la Rioja, Argentina. (<strong>In Iure<\/strong>. Revista Cient\u00edfica Semestral. Pp 82-104.Volumen I, 2018. Luis Francisco As\u00eds Dasmaco).<\/p>\n\n\n\n<p><strong>El fracaso de los jefes militares bolivianos<\/strong><\/p>\n\n\n\n<p>Todos los altos oficiales militares que dirigieron las tropas bolivianas en los combates de la guerra de El Chaco fracasaron.<\/p>\n\n\n\n<p>Los primeros fueron los generales Filiberto Osorio y Carlos Quintanilla y el coronel David Toro, quienes apenas soportaron meses.<\/p>\n\n\n\n<p>A ellos les sigui\u00f3 el general Jos\u00e9 Leonardo Lanza, cuya direcci\u00f3n operativa de las unidades b\u00e9licas se desvaneci\u00f3 en unos sesenta d\u00edas. Fue sustituido por un curtido militar alem\u00e1n, nacionalizado boliviano y veterano de la primera guerra mundial, de nombre Hans Anton Kundt, quien m\u00e1s de una vez estuvo al frente del Ej\u00e9rcito de ese pa\u00eds del altiplano andino.<\/p>\n\n\n\n<p>A pesar de su fama de entrenador de soldados el general Kundt tuvo una accidentada y desastrosa direcci\u00f3n en el a\u00f1o (entre diciembre de 1932 y ese mismo mes del a\u00f1o siguiente) que estuvo al frente de las tropas bolivianas en la referida conflagraci\u00f3n de El Chaco. Hundi\u00f3 las expectativas que sobre sus ejecutorias ten\u00eda el presidente Daniel Domingo Salamanca.<\/p>\n\n\n\n<p>Finalmente, durante 18 meses, el general&nbsp; Enrique Pe\u00f1aranda encabez\u00f3 a los combatientes bolivianos. Le toc\u00f3 hacer la rendici\u00f3n ante Paraguay.<\/p>\n\n\n\n<p>De Pe\u00f1aranda se ha escrito que ten\u00eda una extra\u00f1a dualidad: Practicaba lo que se denomin\u00f3 \u201ccamarader\u00eda de rancho\u201d cuando estaba sosegado, pero bajo la ira actuaba con \u201cintolerancia cuartelar\u00eda\u201d. Tambi\u00e9n se le defini\u00f3 como un hombre \u201csin car\u00e1cter ni iniciativa propia\u201d, al decir del historiador boliviano Roberto Querejazu Calvo.<\/p>\n\n\n\n<p><strong>Estigarribia en El Chaco<\/strong><\/p>\n\n\n\n<p>El general Jos\u00e9 F\u00e9lix Estigarribia Insaurralde, egresado con honores de la prestigiosa escuela francesa de Saint Sire, fue comandante en jefe del Ej\u00e9rcito de Paraguay desde el 15 de agosto de 1932 hasta el 17 de febrero de 1936, cubriendo en esa elevada posici\u00f3n todo el per\u00edodo que abarc\u00f3 la guerra de El Chaco Boreal; territorio donde estableci\u00f3 su Cuartel General de principio a fin de aquella contienda.<\/p>\n\n\n\n<p>En la historia paraguaya \u00e9l est\u00e1 instalado entre los inmortales de esa naci\u00f3n, obviamente no en el sentido biol\u00f3gico sino mitol\u00f3gico de dicha palabra. Ello a pesar del humo cargado de sulfuro de algunos que adversan su memoria.<\/p>\n\n\n\n<p>\u201c\u2026Estigarribia fue el mejor indudablemente en la guerra y tambi\u00e9n en la paz. Es el h\u00e9roe que cumpli\u00f3 su juramento de \u201cvencer o morir por la Patria\u2026\u201dAs\u00ed lo describi\u00f3 hace 8 a\u00f1os quien fuera presidente de la Academia Militar de Paraguay. (<strong>ABC<\/strong>.10-sept.-2016.Pedro Antonio Acu\u00f1a Soley).<\/p>\n\n\n\n<p>Fue una t\u00edpica paradoja latinoamericana que luego de ser el principal art\u00edfice militar del triunfo paraguayo frente a Bolivia en El Chaco fue apresado, encarcelado y desterrado de su pa\u00eds. Esa inquina fue por retaliaci\u00f3n pol\u00edtica inconsistente.<\/p>\n\n\n\n<p>Ejerciendo la presidencia de la Rep\u00fablica muri\u00f3 en un accidente a\u00e9reo ocurrido el 7 de septiembre de 1940. Ten\u00eda52 a\u00f1os de edad.&nbsp;<\/p>\n\n\n\n<p>En su \u00faltima etapa como gobernante ejerci\u00f3 de facto porque la Constituci\u00f3n no estaba en vigencia para entonces, principalmente porque las convulsiones pol\u00edticas manten\u00edan en estado de crispaci\u00f3n insoportable a la sociedad paraguaya, lo cual llev\u00f3 a Estigarribia a proclamar en forma imperativa, meses antes de su sorpresiva muerte, que \u201cnuestra naci\u00f3n est\u00e1 al borde de la anarqu\u00eda\u201d.<\/p>\n\n\n\n<p>Fue ascendido a Mariscal al d\u00eda siguiente de su tr\u00e1gico fallecimiento, mediante un Decreto-Ley marcado con el n\u00famero 2984, firmado por su sustituto inmediato el general Higinio Morinigo Mart\u00ednez.<\/p>\n\n\n\n<p>En su diario el m\u00e1ximo h\u00e9roe guerrero de los hechos armados del Chaco hizo anotaciones que se convirtieron en doctrina militar en Paraguay. Una de sus jaculatorias preferidas al arengar a las tropas era: \u201cEl que pega el primer zarpazo gana, y el que tome los nudos de los caminos y los pozos y lagunas de agua para abastecerse sobrevive\u201d.<\/p>\n\n\n\n<p>Organiz\u00f3 a los combatientes paraguayos en 20 regimientos de infanter\u00eda y 10 de caballer\u00eda, dependientes de varias Divisiones con misiones t\u00e1cticas y estrat\u00e9gicas en El Chaco Boreal.<\/p>\n\n\n\n<p>Dirigi\u00f3 parte de las tropas como si fueran batallones fluviales. Dec\u00eda que se trataba de \u201cla guerra de las v\u00edas de comunicaciones\u201d. Concentraba soldados en puntos espec\u00edficos y luego los pon\u00eda en movimiento a conveniencia.<\/p>\n\n\n\n<p>Imparti\u00f3 muchas veces \u00f3rdenes para que se hicieran operaciones de envolvimiento de los soldados enemigos y se abriera fuego graneado donde los bolivianos crearan formaciones de tenazas.<\/p>\n\n\n\n<p>Como jefe militar le daba prioridad a la acci\u00f3n ofensiva, por encima de la t\u00e1ctica defensiva, la cual s\u00f3lo utilizaba ocasionalmente.<\/p>\n\n\n\n<p>Junto al general Estigarribia tambi\u00e9n hicieron un formidable trabajo de direcci\u00f3n marcial sus principales ayudantes: Francisco Brizuela, Eugenio&nbsp; Garay, Luis Irraz\u00e1bal y Rafael Franco, este \u00faltimo era apodado Le\u00f3n Cojo, un magn\u00edfico estratega y&nbsp; hombre de gran honestidad. Luego de la guerra fue presidente de Paraguay.<\/p>\n\n\n\n<p>El periodista, abogado y pol\u00edtico Eusebio Ayala, igualmente llamado \u201cel Presidente de la Victoria\u201d, por haber ejercido la primera magistratura de Paraguay durante el per\u00edodo de la guerra del Chaco, ponder\u00f3 (como constan en muchos de sus escritos) las elevadas condiciones de militar patri\u00f3tico que identificaban al general Estigarribia.<\/p>\n\n\n\n<p>\u00a0\u201cLas concepciones estrat\u00e9gicas, t\u00e1cticas y log\u00edsticas del general Estigarribia, asentadas sobre los m\u00e1s puros principios de guerra, llegaron a adquirir su sello caracter\u00edstico e inconfundible\u201d. Esas frases laudatorias las hizo un experto en ciencias militares e historiador paraguayo en una biograf\u00eda. (<strong>Jos\u00e9 F\u00e9lix Estigarribia<\/strong>. Editorial El Lector, 2011).<\/p>\n\n\n\n<p>teofilo lappot<\/p>\n\n\n\n<p>teofilo lappot (De tus contactos de Google)<\/p>\n\n\n\n<p><a href=\"mailto:teofilolappot@gmail.com\" target=\"_blank\" rel=\"noreferrer noopener\">teofilolappot@gmail.com<\/a><\/p>\n\n\n\n<p>#Bolivia y Paraguay\u2003\u2003\u2003\u2003\u2003\u2003#Ja Guerra dek Chaco<\/p>\n","protected":false},"excerpt":{"rendered":"<p>POR TE\u00d3FILO LAPPOT ROBLES Diariodominicano.com La Guerra del Chaco Boreal empez\u00f3, dicho antes, el d\u00eda 9 de septiembre de 1932. Fue declarada oficialmente el 10 de mayo de 1933 por el Congreso de Paraguay. Las armas cesaron de rugir el 12 de junio de 1935. Un detalle a se\u00f1alar aqu\u00ed es que el parque militar [&hellip;]<\/p>\n","protected":false},"author":2,"featured_media":525185,"comment_status":"closed","ping_status":"closed","sticky":true,"template":"","format":"standard","meta":{"footnotes":""},"categories":[21,26,27],"tags":[],"class_list":["post-569454","post","type-post","status-publish","format-standard","has-post-thumbnail","hentry","category-cultura","category-efemerides","category-portada"],"_links":{"self":[{"href":"https:\/\/diariodominicano.com\/index.php?rest_route=\/wp\/v2\/posts\/569454","targetHints":{"allow":["GET"]}}],"collection":[{"href":"https:\/\/diariodominicano.com\/index.php?rest_route=\/wp\/v2\/posts"}],"about":[{"href":"https:\/\/diariodominicano.com\/index.php?rest_route=\/wp\/v2\/types\/post"}],"author":[{"embeddable":true,"href":"https:\/\/diariodominicano.com\/index.php?rest_route=\/wp\/v2\/users\/2"}],"replies":[{"embeddable":true,"href":"https:\/\/diariodominicano.com\/index.php?rest_route=%2Fwp%2Fv2%2Fcomments&post=569454"}],"version-history":[{"count":2,"href":"https:\/\/diariodominicano.com\/index.php?rest_route=\/wp\/v2\/posts\/569454\/revisions"}],"predecessor-version":[{"id":569457,"href":"https:\/\/diariodominicano.com\/index.php?rest_route=\/wp\/v2\/posts\/569454\/revisions\/569457"}],"wp:featuredmedia":[{"embeddable":true,"href":"https:\/\/diariodominicano.com\/index.php?rest_route=\/wp\/v2\/media\/525185"}],"wp:attachment":[{"href":"https:\/\/diariodominicano.com\/index.php?rest_route=%2Fwp%2Fv2%2Fmedia&parent=569454"}],"wp:term":[{"taxonomy":"category","embeddable":true,"href":"https:\/\/diariodominicano.com\/index.php?rest_route=%2Fwp%2Fv2%2Fcategories&post=569454"},{"taxonomy":"post_tag","embeddable":true,"href":"https:\/\/diariodominicano.com\/index.php?rest_route=%2Fwp%2Fv2%2Ftags&post=569454"}],"curies":[{"name":"wp","href":"https:\/\/api.w.org\/{rel}","templated":true}]}}