{"id":569427,"date":"2024-10-25T22:53:42","date_gmt":"2024-10-26T02:53:42","guid":{"rendered":"https:\/\/diariodominicano.com\/?p=569427"},"modified":"2024-10-25T22:54:27","modified_gmt":"2024-10-26T02:54:27","slug":"biden-se-disculpa-con-pueblos-originarios-por-el-pecado-de-internados-del-gobierno","status":"publish","type":"post","link":"https:\/\/diariodominicano.com\/?p=569427","title":{"rendered":"Biden se disculpa con pueblos originarios por el \u201cpecado\u201d de internados del gobierno"},"content":{"rendered":"\n<p>El presidente Joe Biden da un discurso en la Escuela Comunitaria Gila Crossing, en Laveen, Arizona, el 25 de octubre de 2024. (AP Foto\/Rick Scuteri).<\/p>\n\n\n\n<p>octubre 25, 2024<\/p>\n\n\n\n<ul class=\"wp-block-list\">\n<li><a href=\"https:\/\/www.vozdeamerica.com\/author\/associated-press\/v_kyr\">Associated Press<\/a><\/li>\n<\/ul>\n\n\n\n<ul class=\"wp-block-list\">\n<li><a href=\"https:\/\/facebook.com\/sharer.php?u=https%3a%2f%2fwww.vozdeamerica.com%2fa%2fbiden-disculpa-pueblos-originarios-pecado-internados-gobierno-%2f7839589.html\" target=\"_blank\" rel=\"noreferrer noopener\"><\/a><\/li>\n\n\n\n<li><a href=\"https:\/\/twitter.com\/share?url=https%3a%2f%2fwww.vozdeamerica.com%2fa%2fbiden-disculpa-pueblos-originarios-pecado-internados-gobierno-%2f7839589.html&amp;text=Biden+se+disculpa+con+pueblos+originarios+por+el+%e2%80%9cpecado%e2%80%9d+de+internados+del+gobierno\" target=\"_blank\" rel=\"noreferrer noopener\"><\/a><\/li>\n\n\n\n<li><\/li>\n\n\n\n<li><a href=\"mailto:?body=https%3a%2f%2fwww.vozdeamerica.com%2fa%2fbiden-disculpa-pueblos-originarios-pecado-internados-gobierno-%2f7839589.html&amp;subject=Biden%20se%20disculpa%20con%20pueblos%20originarios%20por%20el%20%E2%80%9Cpecado%E2%80%9D%20de%20internados%20del%20gobierno\"><\/a><\/li>\n<\/ul>\n\n\n\n<p><a href=\"https:\/\/www.vozdeamerica.com\/a\/biden-disculpa-pueblos-originarios-pecado-internados-gobierno-\/7839589.html#comments\">&nbsp;Vea comentarios<\/a><\/p>\n\n\n\n<p>El presidente de EEUU, Joe Biden, se disculp\u00f3 el viernes en un discurso con pueblos originarios por el \u201cpecado\u201d de actos que separaron a menores de sus familias en internados que eran administrados por el gobierno.<\/p>\n\n\n\n<p>LAVEEN VILLAGE, EEUU \u2014&nbsp;<\/p>\n\n\n\n<p>El presidente estadounidense Joe Biden se disculp\u00f3 formalmente el viernes con los pueblos originarios por el \u201cpecado\u201d de un sistema de internados administrado por el gobierno que durante d\u00e9cadas separ\u00f3 por la fuerza a los ni\u00f1os de sus padres, calific\u00e1ndolo como una \u201cmancha en la historia de Estados Unidos\u201d.<\/p>\n\n\n\n<p>\u201cEs un pecado en nuestra alma\u201d, dijo Biden en su primera visita presidencial a un territorio ind\u00edgena, con la voz llena de ira y emoci\u00f3n. \u201cFrancamente, no hay excusa para que esta disculpa haya tardado 50 a\u00f1os\u201d.<\/p>\n\n\n\n<p>Fue un momento de contrici\u00f3n y frustraci\u00f3n, mientras el presidente buscaba reconocer uno de los \u201ccap\u00edtulos m\u00e1s horribles\u201d de la historia nacional. Biden habl\u00f3 de los abusos y muertes de ni\u00f1os ind\u00edgenas que resultaron de las pol\u00edticas del gobierno federal.<\/p>\n\n\n\n<p>\u201cMe disculpo formalmente como presidente de Estados Unidos de Am\u00e9rica por lo que hicimos\u201d, dijo Biden.<\/p>\n\n\n\n<p>\u201cLa pol\u00edtica federal de internados indios, el dolor que ha causado, s\u00f3lo ser\u00e1 una marca significativa de verg\u00fcenza, una mancha en nuestra historia. Durante demasiado tiempo, todo esto sucedi\u00f3 pr\u00e1cticamente sin atenci\u00f3n p\u00fablica, sin que se escribiera sobre ello en nuestros libros de historia, sin que se ense\u00f1ara en nuestras escuelas\u201d.<\/p>\n\n\n\n<p>Los dem\u00f3cratas esperan que la visita de Biden a las tierras de la comunidad ind\u00edgena del r\u00edo Gila, en las afueras del \u00e1rea metropolitana de Phoenix, tambi\u00e9n brinde un impulso al esfuerzo de participaci\u00f3n de la vicepresidenta Kamala Harris en un estado en disputa.<\/p>\n\n\n\n<p>El momento le dio a Biden una oportunidad m\u00e1s completa de destacar su apoyo y el de Harris a los pueblos originarios, un grupo que hist\u00f3ricamente ha favorecido a los dem\u00f3cratas, en un estado que \u00e9l gan\u00f3 por solo 10.000 votos en 2020.<\/p>\n\n\n\n<p>Se espera que la contienda entre Harris y el expresidente Donald Trump sea igualmente re\u00f1ida, y ambas campa\u00f1as est\u00e1n haciendo todo lo posible para ganar votos.<\/p>\n\n\n\n<p>Los analistas dicen que Biden podr\u00eda ayudar a Harris para atraer votantes de los pueblos nativos, un grupo que ha quedado rezagado de otros en las tasas de participaci\u00f3n.<\/p>\n","protected":false},"excerpt":{"rendered":"<p>El presidente Joe Biden da un discurso en la Escuela Comunitaria Gila Crossing, en Laveen, Arizona, el 25 de octubre de 2024. (AP Foto\/Rick Scuteri). octubre 25, 2024 &nbsp;Vea comentarios El presidente de EEUU, Joe Biden, se disculp\u00f3 el viernes en un discurso con pueblos originarios por el \u201cpecado\u201d de actos que separaron a menores [&hellip;]<\/p>\n","protected":false},"author":2,"featured_media":569428,"comment_status":"closed","ping_status":"closed","sticky":true,"template":"","format":"standard","meta":{"footnotes":""},"categories":[21,36,26,23],"tags":[],"class_list":["post-569427","post","type-post","status-publish","format-standard","has-post-thumbnail","hentry","category-cultura","category-hombresmujeresycosas","category-efemerides","category-internacional"],"_links":{"self":[{"href":"https:\/\/diariodominicano.com\/index.php?rest_route=\/wp\/v2\/posts\/569427","targetHints":{"allow":["GET"]}}],"collection":[{"href":"https:\/\/diariodominicano.com\/index.php?rest_route=\/wp\/v2\/posts"}],"about":[{"href":"https:\/\/diariodominicano.com\/index.php?rest_route=\/wp\/v2\/types\/post"}],"author":[{"embeddable":true,"href":"https:\/\/diariodominicano.com\/index.php?rest_route=\/wp\/v2\/users\/2"}],"replies":[{"embeddable":true,"href":"https:\/\/diariodominicano.com\/index.php?rest_route=%2Fwp%2Fv2%2Fcomments&post=569427"}],"version-history":[{"count":2,"href":"https:\/\/diariodominicano.com\/index.php?rest_route=\/wp\/v2\/posts\/569427\/revisions"}],"predecessor-version":[{"id":569431,"href":"https:\/\/diariodominicano.com\/index.php?rest_route=\/wp\/v2\/posts\/569427\/revisions\/569431"}],"wp:featuredmedia":[{"embeddable":true,"href":"https:\/\/diariodominicano.com\/index.php?rest_route=\/wp\/v2\/media\/569428"}],"wp:attachment":[{"href":"https:\/\/diariodominicano.com\/index.php?rest_route=%2Fwp%2Fv2%2Fmedia&parent=569427"}],"wp:term":[{"taxonomy":"category","embeddable":true,"href":"https:\/\/diariodominicano.com\/index.php?rest_route=%2Fwp%2Fv2%2Fcategories&post=569427"},{"taxonomy":"post_tag","embeddable":true,"href":"https:\/\/diariodominicano.com\/index.php?rest_route=%2Fwp%2Fv2%2Ftags&post=569427"}],"curies":[{"name":"wp","href":"https:\/\/api.w.org\/{rel}","templated":true}]}}