{"id":569369,"date":"2024-10-25T16:21:41","date_gmt":"2024-10-25T20:21:41","guid":{"rendered":"https:\/\/diariodominicano.com\/?p=569369"},"modified":"2024-10-25T21:43:11","modified_gmt":"2024-10-26T01:43:11","slug":"fundacion-puntacana-y-ministerio-de-educacion-inauguran-centro-educativo-minerva-mirabal-en-veron","status":"publish","type":"post","link":"https:\/\/diariodominicano.com\/?p=569369","title":{"rendered":"Fundaci\u00f3n Puntacana y Educaci\u00f3n inauguran Centro Educativo Minerva Mirabal en Ver\u00f3n"},"content":{"rendered":"\n<p><em>La escuela actualmente opera con 340 estudiantes de grado b\u00e1sico, que van desde el primero al sexto grado de primaria.<\/em><\/p>\n\n\n\n<p><strong>VER\u00d3N, La Altagracia. \u2013 &nbsp;<\/strong>La Fundaci\u00f3n Puntacana y el Ministerio de Educaci\u00f3n, en alianza estrat\u00e9gica con la Junta de Distrito Municipal Ver\u00f3n-Punta Cana, Reiner Meutsch Stiftung FLY &amp; HELP, Frankfurter Oktoberfest y RTL &#8211; Wir helfen Kindern inauguraron el Centro Educativo Minerva Mirabal en Ver\u00f3n.<\/p>\n\n\n\n<p>El acto inaugural cont\u00f3 con la presencia del se\u00f1or Frank Rainieri, fundador de Grupo Puntacana y presidente de Fundaci\u00f3n Puntacana; la se\u00f1ora Hayd\u00e9e Rainieri, miembro del consejo de directores de Grupo Puntacana; Frank de Oleo, viceministro de Acreditaci\u00f3n y Certificaci\u00f3n Docente del Ministerio de Educaci\u00f3n (MINERD); Martina Pep\u00e9n Santana, gobernadora Provincial de La Altagracia; Ram\u00f3n Ram\u00edrez (Manolito), alcalde de Ver\u00f3n;&nbsp;Esteban Garrido, director regional de Educaci\u00f3n; y Paul Beswick, director Fundaci\u00f3n Grupo Puntacana.<\/p>\n\n\n\n<figure class=\"wp-block-image\"><img decoding=\"async\" src=\"https:\/\/diariodominicano.com\/wp-content\/uploads\/2024\/10\/Haydee-Rainieri-Petra-Cruz-y-Frank-Rainieri-1024x683.jpg\" alt=\"\"\/><\/figure>\n\n\n\n<p>Asimismo, participaron el se\u00f1or Rolf Eckstein de Fly &amp; Help; Kai Mann de Frankfurter Oktoberfest; Petra Cruz de la Oficina de Promoci\u00f3n Tur\u00edstica del Ministerio de Turismo en Alemania, profesorado del Centro Educativo, medios locales e internacionales.<\/p>\n\n\n\n<p>\u201cGrupo Puntacana est\u00e1 involucrado totalmente en el desarrollo de nuestro pa\u00eds y de nuestro pueblo. Nosotros queremos agradecer a Dios, devolviendo un poco de lo mucho que \u00c9l nos ha dado y por eso nos hemos enfocado en la educaci\u00f3n y la salud, a trav\u00e9s de nuestra Fundaci\u00f3n. Todav\u00eda tenemos un largo camino por recorrer en el \u00e1rea de educaci\u00f3n, y seguimos trabajando a trav\u00e9s de alianzas estrat\u00e9gicas para que el ma\u00f1ana de nuestra zona sea mucho mejor\u201d, afirm\u00f3&nbsp;<a>Hayd\u00e9e Rainieri, miembro del Consejo de Directores de Grupo Puntacana.<\/a><\/p>\n\n\n\n<p>Rainieri agreg\u00f3 que: \u201cEn el coraz\u00f3n de cualquier sociedad exitosa y resiliente, la educaci\u00f3n desempe\u00f1a un papel fundamental y un pilar esencial en su desarrollo. En esta ocasi\u00f3n, celebramos la sinergia de alianzas estrat\u00e9gicas con el firme prop\u00f3sito de impulsar el acceso a la educaci\u00f3n de calidad y contribuir al desarrollo de futuras generaciones\u201d.<\/p>\n\n\n\n<p>El viceministro de Acreditaci\u00f3n y Certificaci\u00f3n Docente del Ministerio de Educaci\u00f3n (MINERD), Frank de Oleo, expres\u00f3 que \u201cEsta alianza pone de manifiesto lo que es tambi\u00e9n la responsabilidad social.&nbsp;Tiene significaci\u00f3n porque revela lo que se puede lograr a trav\u00e9s de la Alianza p\u00fablica y privada. A trav\u00e9s de la educaci\u00f3n es que se logra sentar las bases del desarrollo que seguir\u00e1n impulsando a esta regi\u00f3n y a la Rep\u00fablica Dominicana\u201d.<\/p>\n\n\n\n<figure class=\"wp-block-image\"><img decoding=\"async\" src=\"https:\/\/diariodominicano.com\/wp-content\/uploads\/2024\/10\/Inauguracion-CEMM-1024x425.jpg\" alt=\"\"\/><\/figure>\n\n\n\n<p>Mientras que, Ram\u00f3n Ram\u00edrez (Manolito), alcalde de Ver\u00f3n, resalt\u00f3 que las alianzas estrat\u00e9gicas como estas buscan el desarrollo de los pueblos y el crecimiento de la comunidad. \u201cEl Ayuntamiento de Ver\u00f3n est\u00e1 honrado de aportar los terrenos para una iniciativa como esta tan importante para nuestra comunidad que fortalezca a nuestros ni\u00f1os, y que podamos tener hombres y mujeres capacitados en un ma\u00f1ana\u201d, puntualiz\u00f3.<\/p>\n\n\n\n<figure class=\"wp-block-image\"><img decoding=\"async\" src=\"https:\/\/diariodominicano.com\/wp-content\/uploads\/2024\/10\/Visita-Escuela-Minerva-Mirabal-1024x767.jpg\" alt=\"\"\/><\/figure>\n\n\n\n<p><strong>Sobre Fundaci\u00f3n Puntacana<\/strong><\/p>\n\n\n\n<p>La Fundaci\u00f3n Puntacana es la organizaci\u00f3n sin fines de lucro a trav\u00e9s de la cual Grupo Puntacana crea oportunidades de bienestar a favor de los habitantes de la zona y promueve soluciones innovadoras para la preservaci\u00f3n del ecosistema de la regi\u00f3n.<\/p>\n\n\n\n<p>Sus innovadoras iniciativas ambientales y ecol\u00f3gicas, que incluyen un Centro de Sustentabilidad dedicado a la investigaci\u00f3n, programas de restauraci\u00f3n de corales, preservaci\u00f3n de especies marinas y protecci\u00f3n de animales en extinci\u00f3n, son reconocidas y extrapoladas a nivel nacional e internacional.<\/p>\n\n\n\n<p>Para m\u00e1s informaci\u00f3n:&nbsp;<a>https:\/\/puntacana.org\/es\/<\/a><\/p>\n\n\n\n<p><strong>Lujan Acevedo<\/strong><\/p>\n\n\n\n<p> Relaciones P\u00fablicas<strong><br><\/strong>Lujan Eduardo Acevedo S\u00e1nchez <a href=\"mailto:lujan@cicom.do\">lujan@cicom.do<\/a><strong><br><\/strong><\/p>\n","protected":false},"excerpt":{"rendered":"<p>La escuela actualmente opera con 340 estudiantes de grado b\u00e1sico, que van desde el primero al sexto grado de primaria. VER\u00d3N, La Altagracia. \u2013 &nbsp;La Fundaci\u00f3n Puntacana y el Ministerio de Educaci\u00f3n, en alianza estrat\u00e9gica con la Junta de Distrito Municipal Ver\u00f3n-Punta Cana, Reiner Meutsch Stiftung FLY &amp; HELP, Frankfurter Oktoberfest y RTL &#8211; Wir [&hellip;]<\/p>\n","protected":false},"author":7,"featured_media":569370,"comment_status":"closed","ping_status":"closed","sticky":true,"template":"","format":"standard","meta":{"footnotes":""},"categories":[36],"tags":[616,614,615,617],"class_list":["post-569369","post","type-post","status-publish","format-standard","has-post-thumbnail","hentry","category-hombresmujeresycosas","tag-centro-educativo-minerva-mirabal","tag-fundacion-puntacana","tag-ministerio-de-educacion","tag-veron"],"_links":{"self":[{"href":"https:\/\/diariodominicano.com\/index.php?rest_route=\/wp\/v2\/posts\/569369","targetHints":{"allow":["GET"]}}],"collection":[{"href":"https:\/\/diariodominicano.com\/index.php?rest_route=\/wp\/v2\/posts"}],"about":[{"href":"https:\/\/diariodominicano.com\/index.php?rest_route=\/wp\/v2\/types\/post"}],"author":[{"embeddable":true,"href":"https:\/\/diariodominicano.com\/index.php?rest_route=\/wp\/v2\/users\/7"}],"replies":[{"embeddable":true,"href":"https:\/\/diariodominicano.com\/index.php?rest_route=%2Fwp%2Fv2%2Fcomments&post=569369"}],"version-history":[{"count":3,"href":"https:\/\/diariodominicano.com\/index.php?rest_route=\/wp\/v2\/posts\/569369\/revisions"}],"predecessor-version":[{"id":569379,"href":"https:\/\/diariodominicano.com\/index.php?rest_route=\/wp\/v2\/posts\/569369\/revisions\/569379"}],"wp:featuredmedia":[{"embeddable":true,"href":"https:\/\/diariodominicano.com\/index.php?rest_route=\/wp\/v2\/media\/569370"}],"wp:attachment":[{"href":"https:\/\/diariodominicano.com\/index.php?rest_route=%2Fwp%2Fv2%2Fmedia&parent=569369"}],"wp:term":[{"taxonomy":"category","embeddable":true,"href":"https:\/\/diariodominicano.com\/index.php?rest_route=%2Fwp%2Fv2%2Fcategories&post=569369"},{"taxonomy":"post_tag","embeddable":true,"href":"https:\/\/diariodominicano.com\/index.php?rest_route=%2Fwp%2Fv2%2Ftags&post=569369"}],"curies":[{"name":"wp","href":"https:\/\/api.w.org\/{rel}","templated":true}]}}