{"id":569347,"date":"2024-10-25T15:57:04","date_gmt":"2024-10-25T19:57:04","guid":{"rendered":"https:\/\/diariodominicano.com\/?p=569347"},"modified":"2024-10-25T15:57:13","modified_gmt":"2024-10-25T19:57:13","slug":"xi-congreso-cooperativismo-dominicano-aboga-por-democracia-y-sostenibilidad","status":"publish","type":"post","link":"https:\/\/diariodominicano.com\/?p=569347","title":{"rendered":"XI Congreso Cooperativismo Dominicano aboga por democracia y sostenibilidad"},"content":{"rendered":"\n<p>Acuden 300 delegados de cooperativas nacionales y de Espa\u00f1a, Cuba, Puerto Rico, El Salvador, Honduras y Curazao. Anuncia que ONU declara 2025 como el A\u00f1o Internacional de las Cooperativas. similarmente a como aconteci\u00f3 en 2012<\/p>\n\n\n\n<p>Servicios de Acento<\/p>\n\n\n\n<p><strong>PUNTA CANA. <\/strong>Rep\u00fablica Dominicana.<strong> <\/strong>El sector cooperativo dominicano proclam\u00f3 que la democracia y el liderazgo son herramientas m\u00e1s sociales hacia la sostenibilidad y para contar con cooperativas econ\u00f3micamente viables y que se constituyan que sean faros de esperanza, justicia y equidad.&nbsp;<\/p>\n\n\n\n<p>La consideraci\u00f3n la expresa en el discurso principal del XI Congreso Cooperativo Nacional y el VIII Internacional, la presidente del Consejo Nacional de Cooperativas, licenciada Eufracia G\u00f3mez Morillo.<\/p>\n\n\n\n<p>Los dos congresos cooperativos se desarrollan en Centro de Convenciones del Hotel Barcel\u00f3 B\u00e1varo Beach, en Punta Cana, del 24 al 27 del mes de octubre de 2024.<\/p>\n\n\n\n<p>La dirigente cooperativista anunci\u00f3 que el 2025 ser\u00e1 declarado por la&nbsp;Organizaci\u00f3n de las Naciones Unidas como el A\u00f1o Internacional de las Cooperativas,&nbsp;similarmente a la proclama de 2012, oportunidad en que se desarroll\u00f3 una agenda global de eventos en torno a la utilidad social del sector cooperativo.<\/p>\n\n\n\n<figure class=\"wp-block-gallery has-nested-images columns-default is-cropped wp-block-gallery-1 is-layout-flex wp-block-gallery-is-layout-flex\">\n<figure class=\"wp-block-image size-large\"><img loading=\"lazy\" decoding=\"async\" width=\"1024\" height=\"682\" data-id=\"569359\" src=\"https:\/\/diariodominicano.com\/wp-content\/uploads\/2024\/10\/Alcha-Belassir-Khayati-de-la-Direccion-de-Economia-Social-del-Ministerio-de-Trabajo-1024x682.jpg\" alt=\"\" class=\"wp-image-569359\" srcset=\"https:\/\/diariodominicano.com\/wp-content\/uploads\/2024\/10\/Alcha-Belassir-Khayati-de-la-Direccion-de-Economia-Social-del-Ministerio-de-Trabajo-1024x682.jpg 1024w, https:\/\/diariodominicano.com\/wp-content\/uploads\/2024\/10\/Alcha-Belassir-Khayati-de-la-Direccion-de-Economia-Social-del-Ministerio-de-Trabajo-300x200.jpg 300w, https:\/\/diariodominicano.com\/wp-content\/uploads\/2024\/10\/Alcha-Belassir-Khayati-de-la-Direccion-de-Economia-Social-del-Ministerio-de-Trabajo-768x512.jpg 768w, https:\/\/diariodominicano.com\/wp-content\/uploads\/2024\/10\/Alcha-Belassir-Khayati-de-la-Direccion-de-Economia-Social-del-Ministerio-de-Trabajo-816x544.jpg 816w, https:\/\/diariodominicano.com\/wp-content\/uploads\/2024\/10\/Alcha-Belassir-Khayati-de-la-Direccion-de-Economia-Social-del-Ministerio-de-Trabajo.jpg 1280w\" sizes=\"auto, (max-width: 1024px) 100vw, 1024px\" \/><\/figure>\n<\/figure>\n\n\n\n<p>Con motivo de esa conmemoraci\u00f3n, Naciones Unidas llamar\u00e1 a los pa\u00edses\u00a0a reflexionar y actuar sobre el rol de las cooperativas en el desarrollo de los sectores poblacionales m\u00e1s vulnerables.<\/p>\n\n\n\n<p>Al inaugurar los dos congresos cooperativos, G\u00f3mez Morillo sostuvo que la democracia es el coraz\u00f3n del cooperativo y que no se trata solo se trata de tomar decisiones colectivas, sino de empoderar a cada miembro para que tenga voz y voto en el rumbo de nuestra cooperativa. La oraci\u00f3n para encomendar a Dios los encuentros fue pronunciada por Anaisa P\u00e9rez, dirigente cooperativista.<\/p>\n\n\n\n<p><em>\u201cAl fomentar una cultura de inclusi\u00f3n y participaci\u00f3n, no s\u00f3lo fortalecemos nuestras cooperativas, sino que tambi\u00e9n promovemos un sentido de pertenencia. Cuando cada miembro se siente escuchado y valorado, la cohesi\u00f3n y la confianza se consolidan, lo que nos permite enfrentar cualquier reto con determinaci\u00f3n y unidad\u00bb<\/em>&nbsp;dijo G\u00f3mez Morillo.<\/p>\n\n\n\n<p>Sostuvo que la democracia efectiva necesita un liderazgo que inspire y movilice y que sea transformador, que no busca el poder por s\u00ed mismo, sino que se dedica a servir y potenciar a los dem\u00e1s y consider\u00f3 que un l\u00edder en el contexto cooperativo debe ser un facilitador, un mentor, un defensor de la equidad y la justicia.<\/p>\n\n\n\n<figure class=\"wp-block-gallery has-nested-images columns-default is-cropped wp-block-gallery-2 is-layout-flex wp-block-gallery-is-layout-flex\">\n<figure class=\"wp-block-image size-large\"><img loading=\"lazy\" decoding=\"async\" width=\"1024\" height=\"682\" data-id=\"569360\" src=\"https:\/\/diariodominicano.com\/wp-content\/uploads\/2024\/10\/Asistentes-a-los-Congresos-del-Cooperativismo-Dominiano-qu-se-desarrollan-en-Punta-Cana-1024x682.jpg\" alt=\"\" class=\"wp-image-569360\" srcset=\"https:\/\/diariodominicano.com\/wp-content\/uploads\/2024\/10\/Asistentes-a-los-Congresos-del-Cooperativismo-Dominiano-qu-se-desarrollan-en-Punta-Cana-1024x682.jpg 1024w, https:\/\/diariodominicano.com\/wp-content\/uploads\/2024\/10\/Asistentes-a-los-Congresos-del-Cooperativismo-Dominiano-qu-se-desarrollan-en-Punta-Cana-300x200.jpg 300w, https:\/\/diariodominicano.com\/wp-content\/uploads\/2024\/10\/Asistentes-a-los-Congresos-del-Cooperativismo-Dominiano-qu-se-desarrollan-en-Punta-Cana-768x512.jpg 768w, https:\/\/diariodominicano.com\/wp-content\/uploads\/2024\/10\/Asistentes-a-los-Congresos-del-Cooperativismo-Dominiano-qu-se-desarrollan-en-Punta-Cana-816x544.jpg 816w, https:\/\/diariodominicano.com\/wp-content\/uploads\/2024\/10\/Asistentes-a-los-Congresos-del-Cooperativismo-Dominiano-qu-se-desarrollan-en-Punta-Cana.jpg 1280w\" sizes=\"auto, (max-width: 1024px) 100vw, 1024px\" \/><\/figure>\n\n\n\n<figure class=\"wp-block-image size-large\"><img loading=\"lazy\" decoding=\"async\" width=\"1024\" height=\"461\" data-id=\"569358\" src=\"https:\/\/diariodominicano.com\/wp-content\/uploads\/2024\/10\/Panoramica-de-los-congresos-cooperativos-que-se-desarrollan-en-Punta-Cana-1024x461.jpg\" alt=\"\" class=\"wp-image-569358\" srcset=\"https:\/\/diariodominicano.com\/wp-content\/uploads\/2024\/10\/Panoramica-de-los-congresos-cooperativos-que-se-desarrollan-en-Punta-Cana-1024x461.jpg 1024w, https:\/\/diariodominicano.com\/wp-content\/uploads\/2024\/10\/Panoramica-de-los-congresos-cooperativos-que-se-desarrollan-en-Punta-Cana-300x135.jpg 300w, https:\/\/diariodominicano.com\/wp-content\/uploads\/2024\/10\/Panoramica-de-los-congresos-cooperativos-que-se-desarrollan-en-Punta-Cana-768x346.jpg 768w, https:\/\/diariodominicano.com\/wp-content\/uploads\/2024\/10\/Panoramica-de-los-congresos-cooperativos-que-se-desarrollan-en-Punta-Cana-816x367.jpg 816w, https:\/\/diariodominicano.com\/wp-content\/uploads\/2024\/10\/Panoramica-de-los-congresos-cooperativos-que-se-desarrollan-en-Punta-Cana.jpg 1448w\" sizes=\"auto, (max-width: 1024px) 100vw, 1024px\" \/><\/figure>\n<\/figure>\n\n\n\n<p>Advirti\u00f3 que las cooperativas no pueden lograr sus objetivos a largo plazo sin un compromiso genuino con el bienestar de nuestras comunidades y del planeta. <em>\u201cEs responsabilidad de los l\u00edderes cooperativos promover pr\u00e1cticas sostenibles, no solo en t\u00e9rminos econ\u00f3micos, sino tambi\u00e9n sociales y ambientales\u201d, <\/em>argument\u00f3 la presidenta de CONACOOP.<\/p>\n\n\n\n<p><strong>RD&nbsp; a Estrategia Europea de Econom\u00eda Social<\/strong><\/p>\n\n\n\n<p>La conferencia inaugural de los dos Congresos Cooperativos estuvo a cargo de la licenciada Alcha Belassir Khayati, de la Direcci\u00f3n de Econom\u00eda Social del &nbsp;Ministerio de Trabajo y Econom\u00eda Social de Espa\u00f1a cre\u00f3 una Secretar\u00eda de Estado espec\u00edfica para la Econom\u00eda Social, dijo que su pa\u00eds aprob\u00f3 la primera Estrategia Espa\u00f1ola de la Econom\u00eda Social (2017-2023) en la Uni\u00f3n Europea, para fortalecer y expandir el sector.<\/p>\n\n\n\n<p>Atribuy\u00f3 la creaci\u00f3n de esa red a la capacidad cooperativa para crear empleo decente, fomentar la inclusi\u00f3n social y contribuir al desarrollo sostenible. Dicha estrategia se ha renovado recientemente con la Estrategia Espa\u00f1ola de Econom\u00eda Social 2023-2027.<\/p>\n\n\n\n<p>Y anunci\u00f3 que se han iniciado los contactos, con el senador Julito Fulcar, para integrar Rep\u00fablica Dominicana a la&nbsp;Red Iberoamericana de Fomento de la Econom\u00eda Social y Solidaria&nbsp;(RIFESS) que integran Brasil, Colombia, Espa\u00f1a y M\u00e9xico, Chile, Costa Rica, Guatemala, Paraguay. Explic\u00f3 que ha se trabaja para ampliarla adem\u00e1s red con invitaci\u00f3n cursada a Argentina, Panam\u00e1 y Ecuador, adem\u00e1s de la naci\u00f3n del Caribe.<\/p>\n\n\n\n<p>Maritza L\u00f3pez de Ortiz, presidenta- administradora del IDECOOP dijo que lleg\u00f3 hace un mes y 21 d\u00edas al Instituto Dominicano de Desarroll\u00f3 y Cr\u00e9dito Cooperativo y que tiene como meta transformarlo de la Cenicienta que percibe es, en una princesa con la capacidad de dar apoyo efectivo al crecimiento de un sector cooperativo fuerte, transparente con apego pleno a las mejores pr\u00e1cticas financieras y sociales para el beneficio de cerca de dos millones de asociados que agrupa el sector.<\/p>\n\n\n\n<p>Record\u00f3 &nbsp; que este viernes 25 de octubre, el IDECOOP cumple 61 a\u00f1os de haber sido fundado, con motivo de lo cual se afianza en los principios que le dieron origen.<\/p>\n\n\n\n<p>Mar\u00eda Isabel P\u00e9rez, presidenta de la Fundaci\u00f3n Banreservas, dijo que esa instituci\u00f3n del Banco de todos los dominicanos, ha trazado una l\u00ednea de apoyo al sector cooperativo dominicano por tener conciencia del potencial de desarrollo que implica para los sectores vulnerables.<\/p>\n\n\n\n<p>P\u00e9rez sostuvo ante los directivos y socios cooperativistas que concurren a estos eventos bianuales, que la Fundaci\u00f3n ha fijado como una de sus \u00e1reas preferentes de incidencia para proyectos en de las cooperativas por su transparencia y cumplimento.<\/p>\n\n\n\n<p>El doctor Miguel Polanco Wessin, l\u00edder de la Cooperativa El Progreso, de Yamas\u00e1, y asesor del Poder Ejecutivo en el \u00e1rea de cooperativas, destac\u00f3 el avance que ha tenido el cooperativismo dominicano por ante los organismos internacionales del sector al ser elegidos en cargos de principal\u00eda.<\/p>\n\n\n\n<p>Se refer\u00eda a la elecci\u00f3n como presidenta de la Confederaci\u00f3n de Cooperativas del Caribe, Centro y Suram\u00e9rica (CCC-CA), de Eufracia G\u00f3mez Morillo, de C\u00e1stulo Vida, como nuevo presidente de la Confederaci\u00f3n Latinoamericana de Cooperativas de Ahorro y Cr\u00e9dito (COLAC) y de Xiomara N\u00fa\u00f1ez de C\u00e9spedes, como segunda vicepresidenta de la Alianza Cooperativa Internacional-(Americas).<\/p>\n\n\n\n<p>Polanco Wessin destac\u00f3 que el cooperativismo dominicano se encuentra fortalecido al m\u00e1s alto nivel y que cada vez es mayor el n\u00famero de dominicanos que se integra a una cooperativa.<\/p>\n\n\n\n<p>Jos\u00e9 Enrique N\u00fa\u00f1ez, miembro del Consejo de directores de la CCC-CA y de la Cooperativa Chorotega, agradeci\u00f3 la convocatoria que hace el CONACOOP a las cooperativas hermanas de la regi\u00f3n Centroamericana y del Caribe, es un llamado que fortalece las relaciones establecidas hace a\u00f1os de intercambio productivo de experiencias.<\/p>\n\n\n\n<p>N\u00fa\u00f1ez destac\u00f3 que el sector cooperativo dominicano es referente internacional del sector latinoamericano y que, desde Honduras, los hombres y mujeres de Cooperativa Chorotega tambi\u00e9n aportan su esfuerzo y talento para mejorar la condici\u00f3n de vida de los hondure\u00f1os.<\/p>\n\n\n\n<p>Dagoberto Morillo, presidente de la Federaci\u00f3n de Cooperativas de la&nbsp; Regi\u00f3n Este, ofreci\u00f3 la bienvenida a los asistentes a los congresos y resalt\u00f3 la importancia de la unidad del sector y la necesidad de impulsar la democracia y la sostenibilidad como normas gu\u00edas del sector.&nbsp;&nbsp;Jose Rafael Paula Sosa &lt;<a href=\"mailto:joserafael.sosa@gmail.com\">joserafael.sosa@gmail.com<\/a>&gt;<\/p>\n","protected":false},"excerpt":{"rendered":"<p>Acuden 300 delegados de cooperativas nacionales y de Espa\u00f1a, Cuba, Puerto Rico, El Salvador, Honduras y Curazao. Anuncia que ONU declara 2025 como el A\u00f1o Internacional de las Cooperativas. similarmente a como aconteci\u00f3 en 2012 Servicios de Acento PUNTA CANA. Rep\u00fablica Dominicana. El sector cooperativo dominicano proclam\u00f3 que la democracia y el liderazgo son herramientas [&hellip;]<\/p>\n","protected":false},"author":7,"featured_media":569361,"comment_status":"closed","ping_status":"closed","sticky":false,"template":"","format":"standard","meta":{"footnotes":""},"categories":[18],"tags":[611],"class_list":["post-569347","post","type-post","status-publish","format-standard","has-post-thumbnail","hentry","category-economia","tag-xi-congreso-cooperativismo-dominicano"],"_links":{"self":[{"href":"https:\/\/diariodominicano.com\/index.php?rest_route=\/wp\/v2\/posts\/569347","targetHints":{"allow":["GET"]}}],"collection":[{"href":"https:\/\/diariodominicano.com\/index.php?rest_route=\/wp\/v2\/posts"}],"about":[{"href":"https:\/\/diariodominicano.com\/index.php?rest_route=\/wp\/v2\/types\/post"}],"author":[{"embeddable":true,"href":"https:\/\/diariodominicano.com\/index.php?rest_route=\/wp\/v2\/users\/7"}],"replies":[{"embeddable":true,"href":"https:\/\/diariodominicano.com\/index.php?rest_route=%2Fwp%2Fv2%2Fcomments&post=569347"}],"version-history":[{"count":1,"href":"https:\/\/diariodominicano.com\/index.php?rest_route=\/wp\/v2\/posts\/569347\/revisions"}],"predecessor-version":[{"id":569362,"href":"https:\/\/diariodominicano.com\/index.php?rest_route=\/wp\/v2\/posts\/569347\/revisions\/569362"}],"wp:featuredmedia":[{"embeddable":true,"href":"https:\/\/diariodominicano.com\/index.php?rest_route=\/wp\/v2\/media\/569361"}],"wp:attachment":[{"href":"https:\/\/diariodominicano.com\/index.php?rest_route=%2Fwp%2Fv2%2Fmedia&parent=569347"}],"wp:term":[{"taxonomy":"category","embeddable":true,"href":"https:\/\/diariodominicano.com\/index.php?rest_route=%2Fwp%2Fv2%2Fcategories&post=569347"},{"taxonomy":"post_tag","embeddable":true,"href":"https:\/\/diariodominicano.com\/index.php?rest_route=%2Fwp%2Fv2%2Ftags&post=569347"}],"curies":[{"name":"wp","href":"https:\/\/api.w.org\/{rel}","templated":true}]}}