{"id":569289,"date":"2024-10-25T12:40:25","date_gmt":"2024-10-25T16:40:25","guid":{"rendered":"https:\/\/diariodominicano.com\/?p=569289"},"modified":"2024-10-25T12:40:34","modified_gmt":"2024-10-25T16:40:34","slug":"ecuador-enfrenta-apagones-de-hasta-14-horas-diarias-por-crisis-electrica","status":"publish","type":"post","link":"https:\/\/diariodominicano.com\/?p=569289","title":{"rendered":"Ecuador enfrenta apagones de hasta 14 horas diarias por crisis el\u00e9ctrica"},"content":{"rendered":"\n<p>diariodominicano.com<\/p>\n\n\n\n<p>QUITO, 25 oct (Xinhua) &#8212; A partir de hoy, los ecuatorianos sufrir\u00e1n severos cortes en el suministro de electricidad de hasta 14 horas diarias tras agravarse la crisis energ\u00e9tica que enfrenta el pa\u00eds debido a una sequ\u00eda extrema, inform\u00f3 la ministra encargada de Energ\u00eda , In\u00e9s Manzano. \u00abEnfrentamos una crisis din\u00e1mica y sin precedentes que nos obliga a adaptarnos a escenarios cambiantes\u00bb, dijo la funcionaria mediante un video difundido este viernes en redes sociales. A\u00f1adi\u00f3 que, ante esta situaci\u00f3n, \u00abhemos tomado la dolorosa, pero responsable, decisi\u00f3n de modificar el plan de racionamientos, aumentando de ocho a 14 horas diarias, y que tendr\u00e1 una evaluaci\u00f3n el d\u00eda domingo (27 de octubre)\u00bb. Manzano precis\u00f3 que el principal problema son los caudales deprimidos, en l\u00edmites hist\u00f3ricos, de las centrales hidroel\u00e9ctricas como Mazar y Coca Codo Sinclair, que cubren el 72 por ciento de la demanda energ\u00e9tica del pa\u00eds sudamericano. \u00abTomamos esta dura decisi\u00f3n basada en la dif\u00edcil situaci\u00f3n clim\u00e1tica. Toda Sudam\u00e9rica se enfrenta a una sequ\u00eda sin precedentes y Ecuador no es la excepci\u00f3n. Varios pa\u00edses tienen cortes de electricidad y todos hemos visto con asombro las im\u00e1genes de un seco r\u00edo Amazonas\u00bb, expuso . El anuncio del aumento de horas de cortes de luz se dio luego de una reuni\u00f3n de un comit\u00e9 asesor de energ\u00eda, creado por el Gobierno, al que la v\u00edspera el presidente de Ecuador, Daniel Noboa, pidi\u00f3 tomar decisiones inmediatas para paliar la crisis. Los apagones de hasta 14 horas diarias rigen desde hoy y, pasadas las 00:30 locales (05:30 GMT), las empresas de distribuci\u00f3n el\u00e9ctrica empezaron a difundir la nueva planificaci\u00f3n en sus p\u00e1ginas de internet. Los apagones se aplican en Ecuador desde el 23 de septiembre debido a la peor sequ\u00eda de las \u00faltimas seis d\u00e9cadas, que ha afectado a los embalses de las centrales hidroel\u00e9ctricas del pa\u00eds, ya la suspensi\u00f3n del suministro de electricidad procedente de Colombia. Los cortes de luz duraron, entonces, hasta 12 horas diarias. Y fueron disminuyendo paulatinamente a ocho hasta el jueves de esta semana, situaci\u00f3n que afect\u00f3 no solo a los hogares, sino tambi\u00e9n al sector industrial y productivo.<\/p>\n","protected":false},"excerpt":{"rendered":"<p>diariodominicano.com QUITO, 25 oct (Xinhua) &#8212; A partir de hoy, los ecuatorianos sufrir\u00e1n severos cortes en el suministro de electricidad de hasta 14 horas diarias tras agravarse la crisis energ\u00e9tica que enfrenta el pa\u00eds debido a una sequ\u00eda extrema, inform\u00f3 la ministra encargada de Energ\u00eda , In\u00e9s Manzano. \u00abEnfrentamos una crisis din\u00e1mica y sin precedentes [&hellip;]<\/p>\n","protected":false},"author":5,"featured_media":569290,"comment_status":"closed","ping_status":"closed","sticky":true,"template":"","format":"standard","meta":{"footnotes":""},"categories":[23,27],"tags":[],"class_list":["post-569289","post","type-post","status-publish","format-standard","has-post-thumbnail","hentry","category-internacional","category-portada"],"_links":{"self":[{"href":"https:\/\/diariodominicano.com\/index.php?rest_route=\/wp\/v2\/posts\/569289","targetHints":{"allow":["GET"]}}],"collection":[{"href":"https:\/\/diariodominicano.com\/index.php?rest_route=\/wp\/v2\/posts"}],"about":[{"href":"https:\/\/diariodominicano.com\/index.php?rest_route=\/wp\/v2\/types\/post"}],"author":[{"embeddable":true,"href":"https:\/\/diariodominicano.com\/index.php?rest_route=\/wp\/v2\/users\/5"}],"replies":[{"embeddable":true,"href":"https:\/\/diariodominicano.com\/index.php?rest_route=%2Fwp%2Fv2%2Fcomments&post=569289"}],"version-history":[{"count":1,"href":"https:\/\/diariodominicano.com\/index.php?rest_route=\/wp\/v2\/posts\/569289\/revisions"}],"predecessor-version":[{"id":569291,"href":"https:\/\/diariodominicano.com\/index.php?rest_route=\/wp\/v2\/posts\/569289\/revisions\/569291"}],"wp:featuredmedia":[{"embeddable":true,"href":"https:\/\/diariodominicano.com\/index.php?rest_route=\/wp\/v2\/media\/569290"}],"wp:attachment":[{"href":"https:\/\/diariodominicano.com\/index.php?rest_route=%2Fwp%2Fv2%2Fmedia&parent=569289"}],"wp:term":[{"taxonomy":"category","embeddable":true,"href":"https:\/\/diariodominicano.com\/index.php?rest_route=%2Fwp%2Fv2%2Fcategories&post=569289"},{"taxonomy":"post_tag","embeddable":true,"href":"https:\/\/diariodominicano.com\/index.php?rest_route=%2Fwp%2Fv2%2Ftags&post=569289"}],"curies":[{"name":"wp","href":"https:\/\/api.w.org\/{rel}","templated":true}]}}