{"id":569280,"date":"2024-10-25T11:47:32","date_gmt":"2024-10-25T15:47:32","guid":{"rendered":"https:\/\/diariodominicano.com\/?p=569280"},"modified":"2024-10-25T11:47:41","modified_gmt":"2024-10-25T15:47:41","slug":"tormenta-tropical-trami-deja-81-muertos-y-20-desaparecidos-en-filipinas","status":"publish","type":"post","link":"https:\/\/diariodominicano.com\/?p=569280","title":{"rendered":"Tormenta tropical Trami deja 81 muertos y 20 desaparecidos en Filipinas"},"content":{"rendered":"\n<p>diariodominicano.com<\/p>\n\n\n\n<p>MANILA, 25 oct (Xinhua) &#8212; La cifra de muertos por las inundaciones masivas y corrimientos de tierra a causa de la tormenta tropical Trami, que azot\u00f3 Filipinas esta semana, se ha elevado a 81, mientras que alrededor de 20 personas a\u00fan permanecen desaparecidas , inform\u00f3 hoy las autoridades. Seg\u00fan precis\u00f3 la Polic\u00eda, 47 de las muertes se registraron en la provincia de Batangas, al sur de Manila, y 28 en la regi\u00f3n de Bicol. Tambi\u00e9n se inform\u00f3 de cuatro procesos relacionados con Trami en diferentes \u00e1reas del centro y sur del pa\u00eds. Este viernes por la tarde, la Guardia Costera Filipina inform\u00f3 que su personal hab\u00eda recuperado los cad\u00e1veres de un ni\u00f1o de nueve a\u00f1os y un beb\u00e9 de tan solo un mes. Trami, el und\u00e9cimo tif\u00f3n que ha golpeado a Filipinas este a\u00f1o, arras\u00f3 la isla de Luz\u00f3n, provocando estragos en las regiones de Bicol y Calabarz\u00f3n. El Consejo Nacional de Gesti\u00f3n y Reducci\u00f3n del Riesgo de Desastres dijo que la tormenta afect\u00f3 a m\u00e1s de 2,6 millones de personas en al menos 15 regiones de Filipinas.<\/p>\n","protected":false},"excerpt":{"rendered":"<p>diariodominicano.com MANILA, 25 oct (Xinhua) &#8212; La cifra de muertos por las inundaciones masivas y corrimientos de tierra a causa de la tormenta tropical Trami, que azot\u00f3 Filipinas esta semana, se ha elevado a 81, mientras que alrededor de 20 personas a\u00fan permanecen desaparecidas , inform\u00f3 hoy las autoridades. Seg\u00fan precis\u00f3 la Polic\u00eda, 47 de [&hellip;]<\/p>\n","protected":false},"author":5,"featured_media":569281,"comment_status":"closed","ping_status":"closed","sticky":true,"template":"","format":"standard","meta":{"footnotes":""},"categories":[23,27],"tags":[],"class_list":["post-569280","post","type-post","status-publish","format-standard","has-post-thumbnail","hentry","category-internacional","category-portada"],"_links":{"self":[{"href":"https:\/\/diariodominicano.com\/index.php?rest_route=\/wp\/v2\/posts\/569280","targetHints":{"allow":["GET"]}}],"collection":[{"href":"https:\/\/diariodominicano.com\/index.php?rest_route=\/wp\/v2\/posts"}],"about":[{"href":"https:\/\/diariodominicano.com\/index.php?rest_route=\/wp\/v2\/types\/post"}],"author":[{"embeddable":true,"href":"https:\/\/diariodominicano.com\/index.php?rest_route=\/wp\/v2\/users\/5"}],"replies":[{"embeddable":true,"href":"https:\/\/diariodominicano.com\/index.php?rest_route=%2Fwp%2Fv2%2Fcomments&post=569280"}],"version-history":[{"count":1,"href":"https:\/\/diariodominicano.com\/index.php?rest_route=\/wp\/v2\/posts\/569280\/revisions"}],"predecessor-version":[{"id":569282,"href":"https:\/\/diariodominicano.com\/index.php?rest_route=\/wp\/v2\/posts\/569280\/revisions\/569282"}],"wp:featuredmedia":[{"embeddable":true,"href":"https:\/\/diariodominicano.com\/index.php?rest_route=\/wp\/v2\/media\/569281"}],"wp:attachment":[{"href":"https:\/\/diariodominicano.com\/index.php?rest_route=%2Fwp%2Fv2%2Fmedia&parent=569280"}],"wp:term":[{"taxonomy":"category","embeddable":true,"href":"https:\/\/diariodominicano.com\/index.php?rest_route=%2Fwp%2Fv2%2Fcategories&post=569280"},{"taxonomy":"post_tag","embeddable":true,"href":"https:\/\/diariodominicano.com\/index.php?rest_route=%2Fwp%2Fv2%2Ftags&post=569280"}],"curies":[{"name":"wp","href":"https:\/\/api.w.org\/{rel}","templated":true}]}}