{"id":56925,"date":"2020-11-02T11:10:17","date_gmt":"2020-11-02T11:10:17","guid":{"rendered":"http:\/\/diariodominicano.ddns.net\/?p=56925"},"modified":"2020-11-02T11:10:17","modified_gmt":"2020-11-02T11:10:17","slug":"dia-de-los-fieles-difuntos-papa-francisco-pide-rezar-por-las-victimas-del-covid-19","status":"publish","type":"post","link":"https:\/\/diariodominicano.com\/?p=56925","title":{"rendered":"D\u00eda de los fieles difuntos: Papa Francisco pide rezar por las v\u00edctimas del COVID-19"},"content":{"rendered":"<p><body><\/p>\n<p><img decoding=\"async\" src=\"img3\/PapaCementerioNe2-11-20.jpg\" \/>  <\/p>\n<p><span class=\"text1noticias\"> diariodominicano.com<\/span><\/p>\n<p><span class=\"text1noticias\"> <\/span><\/p>\n<p><span class=\"text1noticias\">Redacci\u00f3n ACI Prensa<\/span><\/p>\n<p><span class=\"text1noticias\"> <\/span><\/p>\n<p><span class=\"text1noticias\">Vaticano, 2 de noviembre de 2020.- En el d\u00eda de la conmemoraci\u00f3n de todos los fieles difuntos, el Papa Francisco anim\u00f3 a rezar por quienes han fallecido, especialmente por las v\u00edctimas del COVID-19.<\/span><\/p>\n<p><span class=\"text1noticias\"> <\/span><\/p>\n<p><span class=\"text1noticias\">El Santo Padre pidi\u00f3 recordar en la oraci\u00f3n este 2 de noviembre, a trav\u00e9s de un mensaje de su cuenta oficial de Twitter @Pontifex_es, a quienes \u00abhan muerto solos, sin la caricia de sus seres queridos\u00bb.<\/span><\/p>\n<p><span class=\"text1noticias\"> <\/span><\/p>\n<p><span class=\"text1noticias\">Adem\u00e1s, el Papa solicit\u00f3 rezar \u00abpor todas las personas que han dado la vida por servir a los enfermos\u00bb.<\/span><\/p>\n<p><span class=\"text1noticias\"> <\/span><\/p>\n<p><span class=\"text1noticias\">Este a\u00f1o, el Vaticano facilit\u00f3 la obtenci\u00f3n de la indulgencia plenaria en la fiesta de Todos los Santos y en el d\u00eda de los Fieles Difuntos.<\/span><\/p>\n<p><span class=\"text1noticias\"> <\/span><\/p>\n<p><span class=\"text1noticias\">Por medio de un Decreto firmado por el Penitenciario Mayor, Cardenal Mauro Piacenza, con mandato del Papa Francisco, la Santa Sede ampli\u00f3 las indulgencias plenarias a todo el mes de noviembre.<\/span><\/p>\n<p><span class=\"text1noticias\"> <\/span><\/p>\n<p><span class=\"text1noticias\">\u00abLa indulgencia plenaria el 2 de noviembre, establecida con ocasi\u00f3n de la conmemoraci\u00f3n de Todos los Fieles Difuntos para los que visiten piadosamente una iglesia u oratorio y reciten all\u00ed el Padre Nuestro y el Credo, puede ser transferida no s\u00f3lo al domingo anterior o posterior o al d\u00eda de la solemnidad de Todos los Santos, sino tambi\u00e9n a otro d\u00eda del mes de noviembre, libremente elegido por cada uno de los fieles\u00bb, indic\u00f3 el Decreto. <\/span><\/p>\n<p><span class=\"text1noticias\"> <\/span><\/p>\n<p><span class=\"text1noticias\">En 2019, el Santo Padre presidi\u00f3 la Eucarist\u00eda en las catacumbas de Priscila de Roma, en donde destac\u00f3 que \u00abla identidad del cristiano es esta, la de las bienaventuranzas, no hay otra. \u00a1Si t\u00fa haces esto, si t\u00fa vives as\u00ed, t\u00fa eres cristiano!\u00bb, exclam\u00f3 el Papa, quien agreg\u00f3 que no sirve de nada pertenecer a una asociaci\u00f3n o a un movimiento, si no se viven las bienaventuranzas. \u00abO t\u00fa vives as\u00ed o no eres cristiano. Simplemente, lo ha dicho el Se\u00f1or\u00bb.<\/span><\/p>\n<p><span class=\"text1noticias\"> <\/span><\/p>\n<p><span class=\"text1noticias\">Este a\u00f1o, el Pont\u00edfice presidir\u00e1 la Misa por los difuntos en forma privada, sin presencia de fieles debido a las medidas sanitarias adoptadas para evitar contagios del COVID-19.<\/span><\/p>\n<p><span class=\"text1noticias\"> <\/span><\/p>\n<p><span class=\"text1noticias\">La Misa ser\u00e1 en el Campo Santo Teut\u00f3nico, cementerio que se encuentra en el interior de los muros de la Ciudad del Vaticano, a las 04:00 p.m. (hora local). Al finalizar rezar\u00e1 brevemente en las Grutas Vaticanas, localizadas debajo de la Bas\u00edlica de San Pedro en donde se encuentran las tumbas de varios Papas, all\u00ed rezar\u00e1 por los Pont\u00edfice<\/span>s difuntos.<\/p>\n<h6> 2020-11-02 11:10:17 <\/h6>\n<p><!--\n<link rel=\"stylesheet\" href=\"css\/bootstrap.min.css\">\n\n\n<ul class=\"pagination\">\n\t    \n\t\n\n<li >\n\t<a href='?page_no=87'>Previous<\/a>\n\t<\/li>\n\n\n       \n    \n\n<li><a href='?page_no=1'>1<\/a><\/li>\n\n\n\n<li><a href='?page_no=2'>2<\/a><\/li>\n\n\n\n<li><a>...<\/a><\/li>\n\n\n\n<li><a href='?page_no=86'>86<\/a><\/li>\n\n\n\n<li><a href='?page_no=87'>87<\/a><\/li>\n\n\n\n<li class='active'><a>88<\/a><\/li>\n\n\n\n<li><a href='?page_no=89'>89<\/a><\/li>\n\n\n\n<li><a href='?page_no=90'>90<\/a><\/li>\n\n\n\n<li><a>...<\/a><\/li>\n\n\n\n<li><a href='?page_no=22911'>22911<\/a><\/li>\n\n\n\n<li><a href='?page_no=22912'>22912<\/a><\/li>\n\n    \n\t\n\n<li >\n\t<a href='?page_no=89'>Next<\/a>\n\t<\/li>\n\n\n    \n\n<li><a href='?page_no=22912'>Last &rsaquo;&rsaquo;<\/a><\/li>\n\n<\/ul>\n\n\n--><br \/>\n<\/body><\/p>\n","protected":false},"excerpt":{"rendered":"<p>diariodominicano.com Redacci\u00f3n ACI Prensa Vaticano, 2 de noviembre de 2020.- En el d\u00eda de la conmemoraci\u00f3n de todos los fieles difuntos, el Papa Francisco anim\u00f3 a rezar por quienes han fallecido, especialmente por las v\u00edctimas del COVID-19. El Santo Padre pidi\u00f3 recordar en la oraci\u00f3n este 2 de noviembre, a trav\u00e9s de un mensaje de [&hellip;]<\/p>\n","protected":false},"author":3,"featured_media":0,"comment_status":"open","ping_status":"open","sticky":false,"template":"","format":"standard","meta":{"footnotes":""},"categories":[21],"tags":[],"class_list":["post-56925","post","type-post","status-publish","format-standard","hentry","category-cultura"],"_links":{"self":[{"href":"https:\/\/diariodominicano.com\/index.php?rest_route=\/wp\/v2\/posts\/56925","targetHints":{"allow":["GET"]}}],"collection":[{"href":"https:\/\/diariodominicano.com\/index.php?rest_route=\/wp\/v2\/posts"}],"about":[{"href":"https:\/\/diariodominicano.com\/index.php?rest_route=\/wp\/v2\/types\/post"}],"author":[{"embeddable":true,"href":"https:\/\/diariodominicano.com\/index.php?rest_route=\/wp\/v2\/users\/3"}],"replies":[{"embeddable":true,"href":"https:\/\/diariodominicano.com\/index.php?rest_route=%2Fwp%2Fv2%2Fcomments&post=56925"}],"version-history":[{"count":0,"href":"https:\/\/diariodominicano.com\/index.php?rest_route=\/wp\/v2\/posts\/56925\/revisions"}],"wp:attachment":[{"href":"https:\/\/diariodominicano.com\/index.php?rest_route=%2Fwp%2Fv2%2Fmedia&parent=56925"}],"wp:term":[{"taxonomy":"category","embeddable":true,"href":"https:\/\/diariodominicano.com\/index.php?rest_route=%2Fwp%2Fv2%2Fcategories&post=56925"},{"taxonomy":"post_tag","embeddable":true,"href":"https:\/\/diariodominicano.com\/index.php?rest_route=%2Fwp%2Fv2%2Ftags&post=56925"}],"curies":[{"name":"wp","href":"https:\/\/api.w.org\/{rel}","templated":true}]}}