{"id":569195,"date":"2024-10-25T00:30:44","date_gmt":"2024-10-25T04:30:44","guid":{"rendered":"https:\/\/diariodominicano.com\/?p=569195"},"modified":"2024-10-25T00:30:46","modified_gmt":"2024-10-25T04:30:46","slug":"presentaran-en-paterson-nj-expo-dominicana-feria-inmobiliaria","status":"publish","type":"post","link":"https:\/\/diariodominicano.com\/?p=569195","title":{"rendered":"Presentar\u00e1n en Paterson-NJ \u201cExpo Dominicana Feria Inmobiliaria\u201d"},"content":{"rendered":"\n<p><strong>Por Ram\u00f3n Mercedes<\/strong><\/p>\n\n\n\n<p><strong>NUEVA JERSEY.-<\/strong>&nbsp;Este fin de semana se llevar\u00e1 a cabo en la ciudad de Paterson \u201cExpo Dominicana Feria Inmobiliaria\u201d, para aquellos interesados en adquirir propiedades en la Rep\u00fablica Dominicana.<\/p>\n\n\n\n<p>Durante el evento, \u201cGold Reef Properties\u201d estar\u00e1 exhibiendo sus destacados proyectos inmobiliarios en \u201cPunta Cana\u201d y \u201cPlaya Nueva Romana\u201d, y los asistentes podr\u00e1n conocer de primera mano las oportunidades de inversi\u00f3n que ofrecen estos desarrollos modernos y sostenibles, ubicados en dos de las zonas m\u00e1s exclusivas y en crecimiento de la RD.<\/p>\n\n\n\n<p>Dicha Feria se celebrar\u00e1 los d\u00edas 26 y 27 de octubre, en el Hotel Marriott, ubicado en 138 de la avenida New Padhle Ave, Saddle Brook, New Jersey. Abierto al p\u00fablico desde las 10:00 a.m.&nbsp;&nbsp;hasta las 7:00 p.m.<\/p>\n\n\n\n<p>Asimismo, los asistentes tendr\u00e1n la oportunidad de recibir asesor\u00edas gratis de mano del experto en Derecho Inmobiliario, abogado Liemier Laba Gabriel, con m\u00e1s de 20 a\u00f1os de experiencia.&nbsp;<\/p>\n\n\n\n<p>Laba, con maestr\u00eda en derecho inmobiliario, especialidad en terreno, viviendas, apartamentos, alquileres, compras, ventas y administraci\u00f3n de propiedades, traz\u00f3 las pautas para que las personas no se dejen enga\u00f1ar al intentar adquirir un inmueble en dominicana.<\/p>\n","protected":false},"excerpt":{"rendered":"<p>Por Ram\u00f3n Mercedes NUEVA JERSEY.-&nbsp;Este fin de semana se llevar\u00e1 a cabo en la ciudad de Paterson \u201cExpo Dominicana Feria Inmobiliaria\u201d, para aquellos interesados en adquirir propiedades en la Rep\u00fablica Dominicana. Durante el evento, \u201cGold Reef Properties\u201d estar\u00e1 exhibiendo sus destacados proyectos inmobiliarios en \u201cPunta Cana\u201d y \u201cPlaya Nueva Romana\u201d, y los asistentes podr\u00e1n conocer [&hellip;]<\/p>\n","protected":false},"author":28,"featured_media":569196,"comment_status":"closed","ping_status":"closed","sticky":true,"template":"","format":"standard","meta":{"footnotes":""},"categories":[18],"tags":[],"class_list":["post-569195","post","type-post","status-publish","format-standard","has-post-thumbnail","hentry","category-economia"],"_links":{"self":[{"href":"https:\/\/diariodominicano.com\/index.php?rest_route=\/wp\/v2\/posts\/569195","targetHints":{"allow":["GET"]}}],"collection":[{"href":"https:\/\/diariodominicano.com\/index.php?rest_route=\/wp\/v2\/posts"}],"about":[{"href":"https:\/\/diariodominicano.com\/index.php?rest_route=\/wp\/v2\/types\/post"}],"author":[{"embeddable":true,"href":"https:\/\/diariodominicano.com\/index.php?rest_route=\/wp\/v2\/users\/28"}],"replies":[{"embeddable":true,"href":"https:\/\/diariodominicano.com\/index.php?rest_route=%2Fwp%2Fv2%2Fcomments&post=569195"}],"version-history":[{"count":1,"href":"https:\/\/diariodominicano.com\/index.php?rest_route=\/wp\/v2\/posts\/569195\/revisions"}],"predecessor-version":[{"id":569197,"href":"https:\/\/diariodominicano.com\/index.php?rest_route=\/wp\/v2\/posts\/569195\/revisions\/569197"}],"wp:featuredmedia":[{"embeddable":true,"href":"https:\/\/diariodominicano.com\/index.php?rest_route=\/wp\/v2\/media\/569196"}],"wp:attachment":[{"href":"https:\/\/diariodominicano.com\/index.php?rest_route=%2Fwp%2Fv2%2Fmedia&parent=569195"}],"wp:term":[{"taxonomy":"category","embeddable":true,"href":"https:\/\/diariodominicano.com\/index.php?rest_route=%2Fwp%2Fv2%2Fcategories&post=569195"},{"taxonomy":"post_tag","embeddable":true,"href":"https:\/\/diariodominicano.com\/index.php?rest_route=%2Fwp%2Fv2%2Ftags&post=569195"}],"curies":[{"name":"wp","href":"https:\/\/api.w.org\/{rel}","templated":true}]}}