{"id":568972,"date":"2024-10-24T13:20:10","date_gmt":"2024-10-24T17:20:10","guid":{"rendered":"https:\/\/diariodominicano.com\/?p=568972"},"modified":"2024-10-24T20:23:12","modified_gmt":"2024-10-25T00:23:12","slug":"presidente-abinader-designa-director-general-de-informacion-y-defensa-de-los-afiliados-y-ratifica-tesorero-de-la-seguridad-social","status":"publish","type":"post","link":"https:\/\/diariodominicano.com\/?p=568972","title":{"rendered":"Banreservas celebra su 83 Aniversario con el mayor aumento de capital de toda su historia"},"content":{"rendered":"\n<p>De izquierda a derecha: Ysidro Garc\u00eda, vicepresidente ejecutivo senior de Negocios; Noelia Garc\u00eda de Pereyra, presidenta del Voluntariado Banreservas; Samuel Pereyra, presidente ejecutivo de Banreservas; Fraysis Moronta, vicepresidenta ejecutiva senior de Capital Humano, Tecnolog\u00eda, Procesos y Operaciones; Francisco Jos\u00e9 El\u00edas, vicepresidente ejecutivo senior de Subsidiarias; y Jos\u00e9 Manuel Almonte, vicepresidente ejecutivo senior administrativo, durante la misa del 83\u02da aniversario de Banreservas en la Catedral Primada de Am\u00e9rica.<\/p>\n\n\n\n<p><em>Cuenta con RD$1.2 trillones en activos y el \u00edndice de morosidad m\u00e1s bajo de toda la banca nacional<\/em><\/p>\n\n\n\n<p>Diariodominicano.com<\/p>\n\n\n\n<p>El Banco de Reservas arrib\u00f3 este jueves a sus 83 a\u00f1os de fundado con el mayor aumento de capital de toda su historia; m\u00e1s de RD$1.2 trillones en activos y como el n\u00famero uno en dep\u00f3sitos de la banca m\u00faltiple, adem\u00e1s de contar con una cartera de cr\u00e9dito en favor de todos los sectores productivos de la naci\u00f3n ascendente a RD$563,665 millones.<\/p>\n\n\n\n<figure class=\"wp-block-image size-large\"><img loading=\"lazy\" decoding=\"async\" width=\"1024\" height=\"681\" src=\"https:\/\/diariodominicano.com\/wp-content\/uploads\/2024\/10\/2-5-1024x681.jpg\" alt=\"\" class=\"wp-image-569106\" srcset=\"https:\/\/diariodominicano.com\/wp-content\/uploads\/2024\/10\/2-5-1024x681.jpg 1024w, https:\/\/diariodominicano.com\/wp-content\/uploads\/2024\/10\/2-5-300x200.jpg 300w, https:\/\/diariodominicano.com\/wp-content\/uploads\/2024\/10\/2-5-768x511.jpg 768w, https:\/\/diariodominicano.com\/wp-content\/uploads\/2024\/10\/2-5-1536x1022.jpg 1536w, https:\/\/diariodominicano.com\/wp-content\/uploads\/2024\/10\/2-5-2048x1362.jpg 2048w, https:\/\/diariodominicano.com\/wp-content\/uploads\/2024\/10\/2-5-816x543.jpg 816w\" sizes=\"auto, (max-width: 1024px) 100vw, 1024px\" \/><\/figure>\n\n\n\n<figure class=\"wp-block-image size-large\"><img loading=\"lazy\" decoding=\"async\" width=\"1024\" height=\"681\" src=\"https:\/\/diariodominicano.com\/wp-content\/uploads\/2024\/10\/3-1-1024x681.jpg\" alt=\"\" class=\"wp-image-569108\" srcset=\"https:\/\/diariodominicano.com\/wp-content\/uploads\/2024\/10\/3-1-1024x681.jpg 1024w, https:\/\/diariodominicano.com\/wp-content\/uploads\/2024\/10\/3-1-300x200.jpg 300w, https:\/\/diariodominicano.com\/wp-content\/uploads\/2024\/10\/3-1-768x511.jpg 768w, https:\/\/diariodominicano.com\/wp-content\/uploads\/2024\/10\/3-1-1536x1022.jpg 1536w, https:\/\/diariodominicano.com\/wp-content\/uploads\/2024\/10\/3-1-2048x1362.jpg 2048w, https:\/\/diariodominicano.com\/wp-content\/uploads\/2024\/10\/3-1-816x543.jpg 816w\" sizes=\"auto, (max-width: 1024px) 100vw, 1024px\" \/><\/figure>\n\n\n\n<p><strong>Desde la izquierda, el ministro de Defensa, teniente general Carlos Antonio Fern\u00e1ndez Onofre; Noelia Garc\u00eda de Pereyra, presidenta del Voluntariado Banreservas; y Samuel Pereyra, presidente ejecutivo de la instituci\u00f3n financiera.<\/strong><\/p>\n\n\n\n<figure class=\"wp-block-image size-large\"><img loading=\"lazy\" decoding=\"async\" width=\"683\" height=\"1024\" src=\"https:\/\/diariodominicano.com\/wp-content\/uploads\/2024\/10\/4-1-683x1024.jpg\" alt=\"\" class=\"wp-image-569110\" srcset=\"https:\/\/diariodominicano.com\/wp-content\/uploads\/2024\/10\/4-1-683x1024.jpg 683w, https:\/\/diariodominicano.com\/wp-content\/uploads\/2024\/10\/4-1-200x300.jpg 200w, https:\/\/diariodominicano.com\/wp-content\/uploads\/2024\/10\/4-1-768x1152.jpg 768w, https:\/\/diariodominicano.com\/wp-content\/uploads\/2024\/10\/4-1-1024x1536.jpg 1024w, https:\/\/diariodominicano.com\/wp-content\/uploads\/2024\/10\/4-1-1365x2048.jpg 1365w, https:\/\/diariodominicano.com\/wp-content\/uploads\/2024\/10\/4-1-816x1224.jpg 816w, https:\/\/diariodominicano.com\/wp-content\/uploads\/2024\/10\/4-1-scaled.jpg 1707w\" sizes=\"auto, (max-width: 683px) 100vw, 683px\" \/><\/figure>\n\n\n\n<p>Samuel Pereyra, presidente ejecutivo de Banreservas, durante la misa del 83\u02da aniversario de Banreservas en la Catedral Primada de Am\u00e9rica.<\/p>\n\n\n\n<p>La afirmaci\u00f3n la hizo Samuel Pereyra, presidente ejecutivo de la entidad bancaria, al resaltar que adem\u00e1s de esos logros, Banreservas tiene en la actualidad una morosidad de apenas 0.9%, muy por debajo de todo el sistema financiero nacional, que fue de 1.35%.<\/p>\n\n\n\n<p>Al referirse al incremento de capital del Banco, dijo: \u201cEste hito destaca un notable crecimiento, desde los 10 mil millones de pesos en 2020, a 39 mil millones en enero de 2022, y, m\u00e1s recientemente, a 76 mil millones en agosto de 2024\u201d.<\/p>\n\n\n\n<p>\u201cEste aumento, que representa una extraordinaria expansi\u00f3n del 660% desde los 10 mil millones iniciales, ha sido posible gracias a la reciente modificaci\u00f3n de la Ley N\u00famero 13-24, que actualiza la Ley Org\u00e1nica del Banco, as\u00ed como a la capitalizaci\u00f3n de las utilidades generadas en los \u00faltimos a\u00f1os. Esta modificaci\u00f3n permitir\u00e1 ampliar significativamente las capacidades de capitalizaci\u00f3n y fortalecer la posici\u00f3n financiera de la instituci\u00f3n\u201d, subray\u00f3.<\/p>\n\n\n\n<p>Pereyra habl\u00f3 en la Misa de Acci\u00f3n de Gracias por el 83 Aniversario de Banreservas, fundado el 24 octubre de 1941. El oficio religioso fue celebrado en la Catedral Primada de Am\u00e9rica por el reverendo padre Milciades Florentino, vicario episcopal de administraci\u00f3n de la Arquidi\u00f3cesis de Santo Domingo.<\/p>\n\n\n\n<p>El presidente ejecutivo de Banreservas refiri\u00f3 que los logros alcanzados en los \u00faltimos cuatro a\u00f1os de gesti\u00f3n han sido posibles \u201cpor el esfuerzo de las sucesivas generaciones de hombres y mujeres que nos precedieron en estas tareas, y que en la actualidad contin\u00faa el eficiente equipo que me acompa\u00f1a, con entusiasmo, su valioso trabajo\u201d.<\/p>\n\n\n\n<p>Tambi\u00e9n resalt\u00f3 la labor comprometida del Consejo de Directores del Banco; y la fidelidad de sus clientes, as\u00ed como el correcto manejo de la pol\u00edtica econ\u00f3mica que impulsa el presidente Luis Abinader.<\/p>\n\n\n\n<p>Refiri\u00f3 que, como producto de los importantes logros alcanzados, al igual que en a\u00f1os anterior, el Banco de Reservas ha sido premiado en diversas categor\u00edas en el 2024, por las m\u00e1s importantes revisas internacionales especializadas en banca y finanzas.<\/p>\n\n\n\n<p><strong>Vicepresidencia de Relaciones P\u00fablicas. 24 de octubre, 2024.<\/strong><strong><\/strong><\/p>\n\n\n\n<p>#Banreservas\u2003\u2003\u2003\u2003\u2003\u2003\u2003#83 aniversario\u2003\u2003\u2003#Samuel Pereyra <\/p>\n\n\n\n<p>Diariodominicano.com<\/p>\n\n\n\n<p><\/p>\n","protected":false},"excerpt":{"rendered":"<p>De izquierda a derecha: Ysidro Garc\u00eda, vicepresidente ejecutivo senior de Negocios; Noelia Garc\u00eda de Pereyra, presidenta del Voluntariado Banreservas; Samuel Pereyra, presidente ejecutivo de Banreservas; Fraysis Moronta, vicepresidenta ejecutiva senior de Capital Humano, Tecnolog\u00eda, Procesos y Operaciones; Francisco Jos\u00e9 El\u00edas, vicepresidente ejecutivo senior de Subsidiarias; y Jos\u00e9 Manuel Almonte, vicepresidente ejecutivo senior administrativo, durante la [&hellip;]<\/p>\n","protected":false},"author":5,"featured_media":569102,"comment_status":"closed","ping_status":"closed","sticky":true,"template":"","format":"standard","meta":{"footnotes":""},"categories":[18,27],"tags":[],"class_list":["post-568972","post","type-post","status-publish","format-standard","has-post-thumbnail","hentry","category-economia","category-portada"],"_links":{"self":[{"href":"https:\/\/diariodominicano.com\/index.php?rest_route=\/wp\/v2\/posts\/568972","targetHints":{"allow":["GET"]}}],"collection":[{"href":"https:\/\/diariodominicano.com\/index.php?rest_route=\/wp\/v2\/posts"}],"about":[{"href":"https:\/\/diariodominicano.com\/index.php?rest_route=\/wp\/v2\/types\/post"}],"author":[{"embeddable":true,"href":"https:\/\/diariodominicano.com\/index.php?rest_route=\/wp\/v2\/users\/5"}],"replies":[{"embeddable":true,"href":"https:\/\/diariodominicano.com\/index.php?rest_route=%2Fwp%2Fv2%2Fcomments&post=568972"}],"version-history":[{"count":7,"href":"https:\/\/diariodominicano.com\/index.php?rest_route=\/wp\/v2\/posts\/568972\/revisions"}],"predecessor-version":[{"id":569116,"href":"https:\/\/diariodominicano.com\/index.php?rest_route=\/wp\/v2\/posts\/568972\/revisions\/569116"}],"wp:featuredmedia":[{"embeddable":true,"href":"https:\/\/diariodominicano.com\/index.php?rest_route=\/wp\/v2\/media\/569102"}],"wp:attachment":[{"href":"https:\/\/diariodominicano.com\/index.php?rest_route=%2Fwp%2Fv2%2Fmedia&parent=568972"}],"wp:term":[{"taxonomy":"category","embeddable":true,"href":"https:\/\/diariodominicano.com\/index.php?rest_route=%2Fwp%2Fv2%2Fcategories&post=568972"},{"taxonomy":"post_tag","embeddable":true,"href":"https:\/\/diariodominicano.com\/index.php?rest_route=%2Fwp%2Fv2%2Ftags&post=568972"}],"curies":[{"name":"wp","href":"https:\/\/api.w.org\/{rel}","templated":true}]}}