{"id":568969,"date":"2024-10-24T13:01:16","date_gmt":"2024-10-24T17:01:16","guid":{"rendered":"https:\/\/diariodominicano.com\/?p=568969"},"modified":"2024-10-24T13:01:25","modified_gmt":"2024-10-24T17:01:25","slug":"estallido-de-coche-bomba-se-registra-en-inmediaciones-de-estacion-de-policia-en-el-centro-de-mexico","status":"publish","type":"post","link":"https:\/\/diariodominicano.com\/?p=568969","title":{"rendered":"Estallido de coche bomba se registra en inmediaciones de estaci\u00f3n de polic\u00eda en el centro de M\u00e9xico"},"content":{"rendered":"\n<p>diariodominicano.com<\/p>\n\n\n\n<p>M\u00c9XICO, 24 oct (Xinhua) &#8212; Un atentado con coche bomba se registr\u00f3 la ma\u00f1ana de hoy jueves a metros de las instalaciones de Seguridad P\u00fablica, en el municipio de Ac\u00e1mbaro, perteneciente al central estado de Guanajuato, estallido que dej\u00f3 varios polic\u00edas heridos y Da\u00f1os materiales, pero sin que se haya informado hasta ahora de v\u00edctimas mortales, confirmaron las autoridades locales. La Direcci\u00f3n de Seguridad P\u00fablica de Ac\u00e1mbaro detall\u00f3 que el incidente se registr\u00f3 despu\u00e9s de las 06:00 hora local (12:00 GMT) y caus\u00f3 da\u00f1os materiales al edificio de la corporaci\u00f3n policial, as\u00ed como a casas aleda\u00f1as y autom\u00f3viles. \u00abAtentado con coche bomba al exterior del edificio de seguridad p\u00fablica de Ac\u00e1mbaro, se encuentran tres polic\u00edas lesionados, de los cuales es una femenina que fue trasladada grave a un hospital y dos masculinos con lesiones superficiales que no requirieron traslado a ning\u00fan nosocomio, da\u00f1os materiales al edificio, cuatro casas aleda\u00f1as y siete veh\u00edculos civiles No hay civiles lesionados\u00bb, difundi\u00f3 la instituci\u00f3n. Elementos de Protecci\u00f3n Civil y de Bomberos acudieron al lugar para controlar el fuego que se gener\u00f3, sin conocerse hasta ahora si el atentado fue contra la corporaci\u00f3n policial. El lugar se encuentra fuertemente resguardado por elementos de la Polic\u00eda Municipal, la Guardia Nacional y el Ej\u00e9rcito para permitir las indagatorias correspondientes e iniciar una carpeta de investigaci\u00f3n.<\/p>\n","protected":false},"excerpt":{"rendered":"<p>diariodominicano.com M\u00c9XICO, 24 oct (Xinhua) &#8212; Un atentado con coche bomba se registr\u00f3 la ma\u00f1ana de hoy jueves a metros de las instalaciones de Seguridad P\u00fablica, en el municipio de Ac\u00e1mbaro, perteneciente al central estado de Guanajuato, estallido que dej\u00f3 varios polic\u00edas heridos y Da\u00f1os materiales, pero sin que se haya informado hasta ahora de [&hellip;]<\/p>\n","protected":false},"author":5,"featured_media":568970,"comment_status":"closed","ping_status":"closed","sticky":true,"template":"","format":"standard","meta":{"footnotes":""},"categories":[23,27],"tags":[],"class_list":["post-568969","post","type-post","status-publish","format-standard","has-post-thumbnail","hentry","category-internacional","category-portada"],"_links":{"self":[{"href":"https:\/\/diariodominicano.com\/index.php?rest_route=\/wp\/v2\/posts\/568969","targetHints":{"allow":["GET"]}}],"collection":[{"href":"https:\/\/diariodominicano.com\/index.php?rest_route=\/wp\/v2\/posts"}],"about":[{"href":"https:\/\/diariodominicano.com\/index.php?rest_route=\/wp\/v2\/types\/post"}],"author":[{"embeddable":true,"href":"https:\/\/diariodominicano.com\/index.php?rest_route=\/wp\/v2\/users\/5"}],"replies":[{"embeddable":true,"href":"https:\/\/diariodominicano.com\/index.php?rest_route=%2Fwp%2Fv2%2Fcomments&post=568969"}],"version-history":[{"count":1,"href":"https:\/\/diariodominicano.com\/index.php?rest_route=\/wp\/v2\/posts\/568969\/revisions"}],"predecessor-version":[{"id":568971,"href":"https:\/\/diariodominicano.com\/index.php?rest_route=\/wp\/v2\/posts\/568969\/revisions\/568971"}],"wp:featuredmedia":[{"embeddable":true,"href":"https:\/\/diariodominicano.com\/index.php?rest_route=\/wp\/v2\/media\/568970"}],"wp:attachment":[{"href":"https:\/\/diariodominicano.com\/index.php?rest_route=%2Fwp%2Fv2%2Fmedia&parent=568969"}],"wp:term":[{"taxonomy":"category","embeddable":true,"href":"https:\/\/diariodominicano.com\/index.php?rest_route=%2Fwp%2Fv2%2Fcategories&post=568969"},{"taxonomy":"post_tag","embeddable":true,"href":"https:\/\/diariodominicano.com\/index.php?rest_route=%2Fwp%2Fv2%2Ftags&post=568969"}],"curies":[{"name":"wp","href":"https:\/\/api.w.org\/{rel}","templated":true}]}}