{"id":568906,"date":"2024-10-24T00:10:07","date_gmt":"2024-10-24T04:10:07","guid":{"rendered":"https:\/\/diariodominicano.com\/?p=568906"},"modified":"2024-10-24T00:18:10","modified_gmt":"2024-10-24T04:18:10","slug":"exportaciones-de-latinoamerica-y-el-caribe-se-recuperan-tras-caer-por-contraccion-del-comercio-mundial-dice-cepal","status":"publish","type":"post","link":"https:\/\/diariodominicano.com\/?p=568906","title":{"rendered":"Exportaciones de Latinoam\u00e9rica y el Caribe se recuperan tras caer por contracci\u00f3n del comercio mundial, dice CEPAL"},"content":{"rendered":"\n<p><em>spanish.news.cn<\/em>|<em>&nbsp;2024-10-24 05:44:30<\/em>|<\/p>\n\n\n\n<p>Personas participan durante la presentaci\u00f3n del informe anual Perspectivas del Comercio Internacional de Am\u00e9rica Latina y el Caribe, denominado este a\u00f1o \u00abReconfiguraci\u00f3n del comercio mundial y opciones para la recuperaci\u00f3n regional\u00bb, en la sede de la Comisi\u00f3n Econ\u00f3mica para Am\u00e9rica Latina y el Caribe (CEPAL), en Santiago, capital de Chile, el 23 de octubre de 2024. Las exportaciones de bienes y servicios de la regi\u00f3n latinoamericana y caribe\u00f1a se recuperar\u00e1n en 2024, despu\u00e9s de caer el a\u00f1o anterior en un contexto de contracci\u00f3n del comercio mundial, se\u00f1al\u00f3 el mi\u00e9rcoles la CEPAL. (Xinhua\/Jorge Villegas)<\/p>\n\n\n\n<p>SANTIAGO, 23 oct (Xinhua) &#8212; Las exportaciones de bienes y servicios de la regi\u00f3n latinoamericana y caribe\u00f1a se recuperar\u00e1n en 2024, despu\u00e9s de caer el a\u00f1o anterior en un contexto de contracci\u00f3n del comercio mundial, se\u00f1al\u00f3 hoy mi\u00e9rcoles la Comisi\u00f3n Econ\u00f3mica para Am\u00e9rica Latina y el Caribe (CEPAL).<\/p>\n\n\n\n<p>El organismo dio cuenta de esto en su informe anual Perspectivas del Comercio Internacional de Am\u00e9rica Latina y el Caribe, denominado este a\u00f1o \u00abReconfiguraci\u00f3n del comercio mundial y opciones para la recuperaci\u00f3n regional\u00bb.<\/p>\n\n\n\n<p>Durante la presentaci\u00f3n del documento, el secretario ejecutivo de la CEPAL, Jos\u00e9 Manuel Salazar-Xirinachs, detall\u00f3 que en comparaci\u00f3n al mismo periodo de 2023, en el primer semestre, las exportaciones regionales de bienes crecieron un 4 por ciento, mientras que las de servicios se desaceleraron de 18 a 11 por ciento, \u00abaunque es un crecimiento todav\u00eda muy significativo\u00bb.<\/p>\n\n\n\n<p>En tanto, a\u00f1adi\u00f3, las importaciones regionales de bienes y servicios crecieron s\u00f3lo 1 por ciento, respectivamente, en el primer semestre.<\/p>\n\n\n\n<p>\u00abEllo evidencia la debilidad de la demanda, en un contexto de persistente bajo crecimiento, en el cual se estima que el producto regional crecer\u00eda a 1,8 por ciento este a\u00f1o\u00bb, dijo Salazar-Xirinachs.<\/p>\n\n\n\n<p>De acuerdo con el documento, las categor\u00edas de exportaciones de bienes m\u00e1s din\u00e1micas en el periodo analizado fueron los productos agr\u00edcolas y agropecuarios, as\u00ed como la miner\u00eda y el petr\u00f3leo, que avanzaron igualmente en valor, en contraste con las exportaciones de manufacturas, que mostraron un estancamiento mantenido desde la primera mitad de 2023.<\/p>\n\n\n\n<p>Respecto al comercio intrarregional, el secretario ejecutivo alert\u00f3 sobre la ca\u00edda en el intercambio a causa del bajo crecimiento de la regi\u00f3n, lo que \u00abes especialmente grave, ya que se trata de un comercio muy intensivo en manufacturas\u00bb.<\/p>\n\n\n\n<p>En el caso de los servicios, los m\u00e1s requeridos fueron los de transportes y viajes. El transporte fue impulsado por un mayor movimiento de las exportaciones de bienes, mientras que los viajes aumentaron a causa de la recuperaci\u00f3n del turismo receptivo.<\/p>\n\n\n\n<p>A pesar del remonte de las exportaciones regionales de bienes y servicios, el informe advirti\u00f3 sobre el persistente reto de la diversificaci\u00f3n y el conocimiento.<\/p>\n\n\n\n<p>\u00abLa complejidad de este desaf\u00edo es a\u00fan mayor en un contexto mundial en que las tensiones geopol\u00edticas y el creciente proteccionismo ponen en entredicho el tipo de globalizaci\u00f3n que ha prevalecido en las \u00faltimas d\u00e9cadas\u00bb, indic\u00f3 el texto.<\/p>\n\n\n\n<p>En esa l\u00ednea, Salazar-Xirinachs inst\u00f3 a los pa\u00edses a implementar \u00abpol\u00edticas de desarrollo productivo con un enfoque de cl\u00fasters, basadas en una estrecha colaboraci\u00f3n p\u00fablico-privada y en un esfuerzo sostenido en el tiempo\u00bb. Esto representa \u00abun mecanismo id\u00f3neo para avanzar\u00bb, as\u00ed como \u00abpara posicionar competitivamente a la regi\u00f3n frente a la reconfiguraci\u00f3n en curso de las cadenas globales de valor\u00bb.<\/p>\n\n\n\n<p>Seg\u00fan el informe, el valor de las exportaciones de bienes este a\u00f1o crecer\u00e1 un 4 por ciento, como resultado de la expansi\u00f3n del volumen de 5 por ciento y una ca\u00edda en los precios de 1 por ciento, mientras que el valor de los servicios tendr\u00e1 un alza de dos d\u00edgitos por cuarto a\u00f1o consecutivo.<\/p>\n\n\n\n<p>Por otro lado, en el caso de las importaciones de bienes, se proyecta un incremento de 4 por ciento en volumen y una baja de 2 por ciento en precios, lo que resultar\u00eda en un incremento del valor de 2 por ciento, al tiempo que la internaci\u00f3n de servicios crecer\u00eda en 1 por ciento, en l\u00ednea con el escaso dinamismo de la actividad econ\u00f3mica en esta zona.<\/p>\n\n\n\n<p>Por subregiones, se proyecta que las mayores expansiones de las exportaciones de bienes se produzcan en Am\u00e9rica del Sur, empujadas por la soya, ma\u00edz y trigo, as\u00ed como en el Caribe, a ra\u00edz del notable aumento del volumen de los env\u00edos de petr\u00f3leo de Guyana a Surinam.<\/p>\n\n\n\n<p>Hasta el momento, los principales destinos para las exportaciones de bienes de la regi\u00f3n son China y Estados Unidos, con alzas previstas para este a\u00f1o, entre otros pa\u00edses de Asia y de la Uni\u00f3n Europea.<\/p>\n\n\n\n<p>En relaci\u00f3n con el comercio mundial, se espera que cierre el a\u00f1o con un crecimiento entre 1,5 y 2 por ciento, dado el crecimiento de los env\u00edos en China, India y Estados Unidos.<\/p>\n\n\n\n<p>La CEPAL dio cuenta a nivel global sobre cambios \u00abimportantes\u00bb en los patrones geogr\u00e1ficos del comercio global, con una reconfiguraci\u00f3n ocasionada por el conflicto entre Rusia y Ucrania, las rivalidades geopol\u00edticas, las expresiones proteccionistas y las nuevas pol\u00edticas industriales.<\/p>\n\n\n\n<figure class=\"wp-block-image\"><img decoding=\"async\" src=\"https:\/\/spanish.xinhuanet.com\/20241024\/4f664d09f435488ba5cdec506a8c779c\/eceebdf7d3fb49ab9593d3ec90c720b6.jpg\" alt=\"\"\/><\/figure>\n\n\n\n<p>El secretario ejecutivo de la Comisi\u00f3n Econ\u00f3mica para Am\u00e9rica Latina y el Caribe (CEPAL), Jos\u00e9 Manuel Salazar-Xirinachs (c), participa durante la presentaci\u00f3n del informe anual Perspectivas del Comercio Internacional de Am\u00e9rica Latina y el Caribe, denominado este a\u00f1o \u00abReconfiguraci\u00f3n del comercio mundial y opciones para la recuperaci\u00f3n regional\u00bb, en la sede de la CEPAL, en Santiago, capital de Chile, el 23 de octubre de 2024. Las exportaciones de bienes y servicios de la regi\u00f3n latinoamericana y caribe\u00f1a se recuperar\u00e1n en 2024, despu\u00e9s de caer el a\u00f1o anterior en un contexto de contracci\u00f3n del comercio mundial, se\u00f1al\u00f3 el mi\u00e9rcoles la CEPAL. (Xinhua\/Jorge Villegas)<\/p>\n\n\n\n<figure class=\"wp-block-image\"><img decoding=\"async\" src=\"https:\/\/spanish.xinhuanet.com\/20241024\/4f664d09f435488ba5cdec506a8c779c\/fe89dd26e7cd4ef790c0c5ad33b73c29.jpg\" alt=\"\"\/><\/figure>\n\n\n\n<p>El secretario ejecutivo de la Comisi\u00f3n Econ\u00f3mica para Am\u00e9rica Latina y el Caribe (CEPAL), Jos\u00e9 Manuel Salazar-Xirinachs (c), participa durante la presentaci\u00f3n del informe anual Perspectivas del Comercio Internacional de Am\u00e9rica Latina y el Caribe, denominado este a\u00f1o \u00abReconfiguraci\u00f3n del comercio mundial y opciones para la recuperaci\u00f3n regional\u00bb, en la sede de la CEPAL, en Santiago, capital de Chile, el 23 de octubre de 2024. Las exportaciones de bienes y servicios de la regi\u00f3n latinoamericana y caribe\u00f1a se recuperar\u00e1n en 2024, despu\u00e9s de caer el a\u00f1o anterior en un contexto de contracci\u00f3n del comercio mundial, se\u00f1al\u00f3 el mi\u00e9rcoles la CEPAL. (Xinhua\/Jorge Villegas)<\/p>\n\n\n\n<figure class=\"wp-block-image\"><img decoding=\"async\" src=\"https:\/\/spanish.xinhuanet.com\/20241024\/4f664d09f435488ba5cdec506a8c779c\/cdffac749296492a944adc81205a3a6f.jpg\" alt=\"\"\/><\/figure>\n\n\n\n<p>El secretario ejecutivo de la Comisi\u00f3n Econ\u00f3mica para Am\u00e9rica Latina y el Caribe (CEPAL), Jos\u00e9 Manuel Salazar-Xirinachs (3-d-atr\u00e1s), participa durante la presentaci\u00f3n del informe anual Perspectivas del Comercio Internacional de Am\u00e9rica Latina y el Caribe, denominado este a\u00f1o \u00abReconfiguraci\u00f3n del comercio mundial y opciones para la recuperaci\u00f3n regional\u00bb, en la sede de la CEPAL, en Santiago, capital de Chile, el 23 de octubre de 2024. Las exportaciones de bienes y servicios de la regi\u00f3n latinoamericana y caribe\u00f1a se recuperar\u00e1n en 2024, despu\u00e9s de caer el a\u00f1o anterior en un contexto de contracci\u00f3n del comercio mundial, se\u00f1al\u00f3 el mi\u00e9rcoles la CEPAL. (Xinhua\/Jorge Villegas)<\/p>\n\n\n\n<figure class=\"wp-block-image\"><img decoding=\"async\" src=\"https:\/\/spanish.xinhuanet.com\/20241024\/4f664d09f435488ba5cdec506a8c779c\/7c999b1338624be2a6c3e4fca6567324.jpg\" alt=\"\"\/><\/figure>\n\n\n\n<p>El secretario ejecutivo de la Comisi\u00f3n Econ\u00f3mica para Am\u00e9rica Latina y el Caribe (CEPAL), Jos\u00e9 Manuel Salazar-Xirinachs, participa durante la presentaci\u00f3n del informe anual Perspectivas del Comercio Internacional de Am\u00e9rica Latina y el Caribe, denominado este a\u00f1o \u00abReconfiguraci\u00f3n del comercio mundial y opciones para la recuperaci\u00f3n regional\u00bb, en la sede de la CEPAL, en Santiago, capital de Chile, el 23 de octubre de 2024. Las exportaciones de bienes y servicios de la regi\u00f3n latinoamericana y caribe\u00f1a se recuperar\u00e1n en 2024, despu\u00e9s de caer el a\u00f1o anterior en un contexto de contracci\u00f3n del comercio mundial, se\u00f1al\u00f3 el mi\u00e9rcoles la CEPAL. (Xinhua\/Jorge Villegas)<\/p>\n\n\n\n<figure class=\"wp-block-image\"><img decoding=\"async\" src=\"https:\/\/spanish.xinhuanet.com\/20241024\/4f664d09f435488ba5cdec506a8c779c\/ddf02726c6df437e861d46744c9c52f8.jpg\" alt=\"\"\/><\/figure>\n\n\n\n<p>El secretario ejecutivo de la Comisi\u00f3n Econ\u00f3mica para Am\u00e9rica Latina y el Caribe (CEPAL), Jos\u00e9 Manuel Salazar-Xirinachs, participa durante la presentaci\u00f3n del informe anual Perspectivas del Comercio Internacional de Am\u00e9rica Latina y el Caribe, denominado este a\u00f1o \u00abReconfiguraci\u00f3n del comercio mundial y opciones para la recuperaci\u00f3n regional\u00bb, en la sede de la CEPAL, en Santiago, capital de Chile, el 23 de octubre de 2024. Las exportaciones de bienes y servicios de la regi\u00f3n latinoamericana y caribe\u00f1a se recuperar\u00e1n en 2024, despu\u00e9s de caer el a\u00f1o anterior en un contexto de contracci\u00f3n del comercio mundial, se\u00f1al\u00f3 el mi\u00e9rcoles la CEPAL. (Xinhua\/Jorge Villegas)<\/p>\n\n\n\n<p>#CEPAL<\/p>\n\n\n\n<p>#Diariodominicano.com\u2003\u2003\u2003 <\/p>\n\n\n\n<p><a href=\"https:\/\/www.facebook.com\/sharer\/sharer.php?u=https:\/\/spanish.xinhuanet.com\/20241024\/4f664d09f435488ba5cdec506a8c779c\/c.html\" target=\"_blank\" rel=\"noreferrer noopener\"><\/a>&nbsp;<a href=\"https:\/\/twitter.com\/intent\/tweet?text=Exportaciones%20de%20Latinoam%C3%A9rica%20y%20el%20Caribe%20se%20recuperan%20tras%20caer%20por%20contracci%C3%B3n%20del%20comercio%20mundial,%20dice%20CEPAL&amp;url=https:\/\/spanish.xinhuanet.com\/20241024\/4f664d09f435488ba5cdec506a8c779c\/c.html\" target=\"_blank\" rel=\"noreferrer noopener\"><\/a>&nbsp;<a target=\"_blank\" href=\"https:\/\/service.weibo.com\/share\/share.php?title=Exportaciones%20de%20Latinoam%C3%A9rica%20y%20el%20Caribe%20se%20recuperan%20tras%20caer%20por%20contracci%C3%B3n%20del%20comercio%20mundial,%20dice%20CEPAL&amp;url=https:\/\/spanish.xinhuanet.com\/20241024\/4f664d09f435488ba5cdec506a8c779c\/c.html\" rel=\"noreferrer noopener\"><\/a>&nbsp;<a><\/a><\/p>\n\n\n\n<figure class=\"wp-block-image\"><img decoding=\"async\" src=\"https:\/\/imgs.news.cn\/res\/xhwimg\/spanish\/20170522\/img\/jc-xfa.png\" alt=\"\"\/><\/figure>\n","protected":false},"excerpt":{"rendered":"<p>spanish.news.cn|&nbsp;2024-10-24 05:44:30| Personas participan durante la presentaci\u00f3n del informe anual Perspectivas del Comercio Internacional de Am\u00e9rica Latina y el Caribe, denominado este a\u00f1o \u00abReconfiguraci\u00f3n del comercio mundial y opciones para la recuperaci\u00f3n regional\u00bb, en la sede de la Comisi\u00f3n Econ\u00f3mica para Am\u00e9rica Latina y el Caribe (CEPAL), en Santiago, capital de Chile, el 23 de [&hellip;]<\/p>\n","protected":false},"author":28,"featured_media":568907,"comment_status":"closed","ping_status":"closed","sticky":true,"template":"","format":"standard","meta":{"footnotes":""},"categories":[36,18,27],"tags":[],"class_list":["post-568906","post","type-post","status-publish","format-standard","has-post-thumbnail","hentry","category-hombresmujeresycosas","category-economia","category-portada"],"_links":{"self":[{"href":"https:\/\/diariodominicano.com\/index.php?rest_route=\/wp\/v2\/posts\/568906","targetHints":{"allow":["GET"]}}],"collection":[{"href":"https:\/\/diariodominicano.com\/index.php?rest_route=\/wp\/v2\/posts"}],"about":[{"href":"https:\/\/diariodominicano.com\/index.php?rest_route=\/wp\/v2\/types\/post"}],"author":[{"embeddable":true,"href":"https:\/\/diariodominicano.com\/index.php?rest_route=\/wp\/v2\/users\/28"}],"replies":[{"embeddable":true,"href":"https:\/\/diariodominicano.com\/index.php?rest_route=%2Fwp%2Fv2%2Fcomments&post=568906"}],"version-history":[{"count":2,"href":"https:\/\/diariodominicano.com\/index.php?rest_route=\/wp\/v2\/posts\/568906\/revisions"}],"predecessor-version":[{"id":568909,"href":"https:\/\/diariodominicano.com\/index.php?rest_route=\/wp\/v2\/posts\/568906\/revisions\/568909"}],"wp:featuredmedia":[{"embeddable":true,"href":"https:\/\/diariodominicano.com\/index.php?rest_route=\/wp\/v2\/media\/568907"}],"wp:attachment":[{"href":"https:\/\/diariodominicano.com\/index.php?rest_route=%2Fwp%2Fv2%2Fmedia&parent=568906"}],"wp:term":[{"taxonomy":"category","embeddable":true,"href":"https:\/\/diariodominicano.com\/index.php?rest_route=%2Fwp%2Fv2%2Fcategories&post=568906"},{"taxonomy":"post_tag","embeddable":true,"href":"https:\/\/diariodominicano.com\/index.php?rest_route=%2Fwp%2Fv2%2Ftags&post=568906"}],"curies":[{"name":"wp","href":"https:\/\/api.w.org\/{rel}","templated":true}]}}