{"id":568890,"date":"2024-10-23T23:48:24","date_gmt":"2024-10-24T03:48:24","guid":{"rendered":"https:\/\/diariodominicano.com\/?p=568890"},"modified":"2024-10-23T23:49:02","modified_gmt":"2024-10-24T03:49:02","slug":"condenan-a-30-anos-de-prision-a-un-hombre-que-nino-e-hirio-a-la-madre-de-la-criatura","status":"publish","type":"post","link":"https:\/\/diariodominicano.com\/?p=568890","title":{"rendered":"Condenan a  30 a\u00f1os de prisi\u00f3n a un hombre que mat\u00f3  ni\u00f1o e hiri\u00f3 a la madre de la criatura"},"content":{"rendered":"\n<p>SANTO DOMINGO ESTE, Rep\u00fablica Dominicana.\u2013 La Fiscal\u00eda de Santo Domingo Este y Norte logr\u00f3 una condena de 30 a\u00f1os de prisi\u00f3n en contra de un hombre, de nacionalidad haitiana, que le quit\u00f3 la vida a un menor de ocho a\u00f1os e hiri\u00f3 a la madre de este en un hecho ocurrido el pasado 19 de diciembre de 2023.\u00a0<\/p>\n\n\n\n<p>La condena le fue impuesta a Dieulifene Pierre, por los miembros del Primer Tribunal Colegiado que preside la jueza Elizabeth Esperanza Rodr\u00edguez Espinal, e integran Flor E. Batista Polo y Jos\u00e9 Leonel Asencio Quezada, por los hechos cometidos en perjuicio del hoy occiso y su madre, nombres que se omiten por razones legales.<\/p>\n\n\n\n<p>El expediente instrumentado por el fiscal investigador Francisco Gonz\u00e1lez, relata que el hecho ocurri\u00f3 cuando la madre del menor rechaz\u00f3 la propuesta del hoy condenado de que le permitiera tener relaciones sexuales con el infante.<\/p>\n\n\n\n<p>Tras la negativa, el agresor tom\u00f3 un machete, con el que la agredi\u00f3, ocasion\u00e1ndole fractura articular tipo 2, tenodesis de tend\u00f3n rutilan con limitaci\u00f3n funcional y cicatriz en la rodilla, como consta en el certificado m\u00e9dico legal No.77599.&nbsp;<\/p>\n\n\n\n<p>Luego alcanz\u00f3 al ni\u00f1o a quien propin\u00f3 varios machetazos en diferentes partes del cuerpo, ocasionando as\u00ed su muerte.<\/p>\n\n\n\n<p>El expediente tambi\u00e9n indica que Dieulifene Pierre trat\u00f3 de fugarse, pero la comunidad que se percat\u00f3 de lo sucedido y lo interceptaron, impidiendo que dejara el lugar.<\/p>\n\n\n\n<p>En el juicio, el Ministerio P\u00fablico, representado por los fiscales litigantes Evelyn Pe\u00f1a y Alexis Casado, mostr\u00f3 ante el tribunal suficientes elementos de pruebas que demuestran la responsabilidad penal del hoy condenado, por violaci\u00f3n a los art\u00edculos 309-1, 295 y 304 del C\u00f3digo Penal Dominicano y los art\u00edculos 83 y 86 de la Ley 631-16, sobre el control de armas, municiones y materiales relacionados.<\/p>\n\n\n\n<p>La condena deber\u00e1 ser cumplida por el procesado en el Centro de Correcci\u00f3n y Rehabilitaci\u00f3n Najayo Hombres, en San Crist\u00f3bal.<\/p>\n\n\n\n<p>.<\/p>\n\n\n\n<p><strong>Direcci\u00f3n General de Comunicaci\u00f3n, Prensa, y RRPP<\/strong><strong><\/strong><\/p>\n\n\n\n<p>Ministerio P\u00fablico.&nbsp;R.D.<\/p>\n\n\n\n<p>&nbsp;&nbsp;&nbsp;&nbsp;&nbsp;&nbsp;&nbsp;&nbsp;&nbsp;&nbsp;&nbsp;&nbsp;&nbsp;&nbsp;&nbsp;&nbsp;&nbsp;&nbsp;&nbsp;&nbsp;&nbsp;&nbsp;&nbsp;&nbsp;&nbsp;&nbsp;&nbsp;&nbsp;&nbsp;&nbsp;&nbsp;&nbsp;&nbsp;&nbsp;&nbsp;&nbsp;&nbsp;&nbsp;&nbsp;&nbsp;&nbsp;&nbsp;&nbsp;&nbsp;&nbsp;&nbsp;&nbsp;&nbsp;&nbsp;&nbsp;&nbsp;&nbsp;&nbsp;&nbsp;&nbsp;&nbsp;&nbsp;&nbsp;&nbsp;&nbsp;&nbsp;&nbsp;&nbsp;&nbsp;&nbsp;&nbsp;&nbsp;&nbsp;&nbsp;&nbsp;&nbsp;&nbsp;&nbsp;&nbsp;&nbsp;&nbsp;&nbsp;&nbsp;&nbsp;&nbsp;&nbsp;&nbsp;&nbsp;&nbsp;&nbsp;&nbsp;&nbsp;&nbsp;&nbsp;&nbsp;&nbsp;&nbsp;&nbsp;&nbsp;&nbsp;&nbsp;&nbsp;&nbsp;&nbsp;&nbsp;&nbsp;&nbsp;&nbsp;&nbsp;&nbsp;&nbsp;&nbsp;&nbsp;&nbsp;&nbsp;&nbsp;&nbsp;&nbsp;&nbsp;&nbsp;&nbsp;&nbsp;&nbsp;&nbsp;&nbsp;&nbsp;&nbsp;&nbsp;&nbsp;&nbsp;&nbsp;&nbsp;&nbsp;&nbsp;&nbsp;&nbsp;&nbsp;&nbsp;&nbsp;&nbsp;&nbsp;&nbsp;&nbsp;&nbsp;&nbsp;&nbsp;&nbsp;&nbsp;&nbsp;&nbsp;&nbsp;&nbsp;&nbsp;&nbsp;&nbsp;&nbsp;&nbsp;&nbsp;&nbsp;&nbsp;&nbsp;&nbsp;&nbsp;&nbsp;&nbsp;&nbsp;&nbsp;&nbsp;&nbsp;&nbsp;&nbsp;&nbsp;&nbsp;&nbsp;&nbsp;&nbsp;&nbsp;&nbsp;&nbsp;&nbsp;&nbsp;&nbsp;&nbsp;&nbsp;&nbsp;&nbsp;&nbsp;&nbsp;&nbsp;&nbsp;&nbsp;&nbsp;&nbsp;&nbsp;&nbsp;&nbsp;&nbsp;&nbsp;&nbsp;&nbsp;&nbsp;&nbsp;&nbsp;&nbsp;&nbsp;&nbsp;&nbsp;&nbsp;&nbsp;&nbsp;&nbsp;&nbsp;&nbsp;&nbsp;&nbsp;&nbsp;&nbsp;&nbsp;&nbsp;&nbsp;&nbsp;&nbsp;&nbsp;&nbsp;&nbsp;&nbsp;&nbsp;&nbsp;&nbsp;&nbsp;&nbsp;&nbsp;&nbsp;&nbsp;&nbsp;&nbsp;&nbsp;&nbsp;&nbsp;&nbsp;&nbsp;&nbsp;&nbsp;&nbsp;&nbsp;&nbsp;&nbsp;&nbsp;&nbsp;&nbsp;&nbsp;&nbsp;&nbsp;&nbsp;&nbsp;&nbsp;&nbsp; Mi\u00e9rcoles, 23 de octubre de 2024<\/p>\n","protected":false},"excerpt":{"rendered":"<p>SANTO DOMINGO ESTE, Rep\u00fablica Dominicana.\u2013 La Fiscal\u00eda de Santo Domingo Este y Norte logr\u00f3 una condena de 30 a\u00f1os de prisi\u00f3n en contra de un hombre, de nacionalidad haitiana, que le quit\u00f3 la vida a un menor de ocho a\u00f1os e hiri\u00f3 a la madre de este en un hecho ocurrido el pasado 19 de [&hellip;]<\/p>\n","protected":false},"author":28,"featured_media":329468,"comment_status":"closed","ping_status":"closed","sticky":false,"template":"","format":"standard","meta":{"footnotes":""},"categories":[24,27],"tags":[],"class_list":["post-568890","post","type-post","status-publish","format-standard","has-post-thumbnail","hentry","category-justicia-y-derecho","category-portada"],"_links":{"self":[{"href":"https:\/\/diariodominicano.com\/index.php?rest_route=\/wp\/v2\/posts\/568890","targetHints":{"allow":["GET"]}}],"collection":[{"href":"https:\/\/diariodominicano.com\/index.php?rest_route=\/wp\/v2\/posts"}],"about":[{"href":"https:\/\/diariodominicano.com\/index.php?rest_route=\/wp\/v2\/types\/post"}],"author":[{"embeddable":true,"href":"https:\/\/diariodominicano.com\/index.php?rest_route=\/wp\/v2\/users\/28"}],"replies":[{"embeddable":true,"href":"https:\/\/diariodominicano.com\/index.php?rest_route=%2Fwp%2Fv2%2Fcomments&post=568890"}],"version-history":[{"count":2,"href":"https:\/\/diariodominicano.com\/index.php?rest_route=\/wp\/v2\/posts\/568890\/revisions"}],"predecessor-version":[{"id":568892,"href":"https:\/\/diariodominicano.com\/index.php?rest_route=\/wp\/v2\/posts\/568890\/revisions\/568892"}],"wp:featuredmedia":[{"embeddable":true,"href":"https:\/\/diariodominicano.com\/index.php?rest_route=\/wp\/v2\/media\/329468"}],"wp:attachment":[{"href":"https:\/\/diariodominicano.com\/index.php?rest_route=%2Fwp%2Fv2%2Fmedia&parent=568890"}],"wp:term":[{"taxonomy":"category","embeddable":true,"href":"https:\/\/diariodominicano.com\/index.php?rest_route=%2Fwp%2Fv2%2Fcategories&post=568890"},{"taxonomy":"post_tag","embeddable":true,"href":"https:\/\/diariodominicano.com\/index.php?rest_route=%2Fwp%2Fv2%2Ftags&post=568890"}],"curies":[{"name":"wp","href":"https:\/\/api.w.org\/{rel}","templated":true}]}}