{"id":568795,"date":"2024-10-23T20:13:37","date_gmt":"2024-10-24T00:13:37","guid":{"rendered":"https:\/\/diariodominicano.com\/?p=568795"},"modified":"2024-10-24T02:10:35","modified_gmt":"2024-10-24T06:10:35","slug":"imponen-20-anos-de-prision-a-hombre-acusado-de-violar-sexualmente-a-una-hija-adolescente-en-sdo","status":"publish","type":"post","link":"https:\/\/diariodominicano.com\/?p=568795","title":{"rendered":"Imponen 20 a\u00f1os de prisi\u00f3n a hombre acusado de violar sexualmente a una hija adolescente en SDO"},"content":{"rendered":"\n<p><strong>Santo Domingo (RD), mi\u00e9rcoles, 23 de octubre de 2024.<\/strong>&nbsp;El Ministerio P\u00fablico de Santo Domingo Oeste logr\u00f3 que un tribunal de esta jurisdicci\u00f3n condene a 20 a\u00f1os de prisi\u00f3n a un hombre acusado de violaci\u00f3n sexual, en perjuicio de su hija de 12 a\u00f1os de edad, en un hecho ocurrido en la comunidad Batey Bienvenido, de esta demarcaci\u00f3n.<\/p>\n\n\n\n<figure class=\"wp-block-gallery has-nested-images columns-default is-cropped wp-block-gallery-1 is-layout-flex wp-block-gallery-is-layout-flex\">\n<figure class=\"wp-block-image size-large\"><img loading=\"lazy\" decoding=\"async\" width=\"683\" height=\"1024\" data-id=\"568872\" src=\"https:\/\/diariodominicano.com\/wp-content\/uploads\/2024\/10\/ELI06136-1-683x1024.jpg\" alt=\"\" class=\"wp-image-568872\" srcset=\"https:\/\/diariodominicano.com\/wp-content\/uploads\/2024\/10\/ELI06136-1-683x1024.jpg 683w, https:\/\/diariodominicano.com\/wp-content\/uploads\/2024\/10\/ELI06136-1-200x300.jpg 200w, https:\/\/diariodominicano.com\/wp-content\/uploads\/2024\/10\/ELI06136-1-768x1152.jpg 768w, https:\/\/diariodominicano.com\/wp-content\/uploads\/2024\/10\/ELI06136-1-1024x1536.jpg 1024w, https:\/\/diariodominicano.com\/wp-content\/uploads\/2024\/10\/ELI06136-1-1365x2048.jpg 1365w, https:\/\/diariodominicano.com\/wp-content\/uploads\/2024\/10\/ELI06136-1-816x1224.jpg 816w, https:\/\/diariodominicano.com\/wp-content\/uploads\/2024\/10\/ELI06136-1-scaled.jpg 1707w\" sizes=\"auto, (max-width: 683px) 100vw, 683px\" \/><\/figure>\n\n\n\n<figure class=\"wp-block-image size-large\"><img loading=\"lazy\" decoding=\"async\" width=\"1024\" height=\"683\" data-id=\"568870\" src=\"https:\/\/diariodominicano.com\/wp-content\/uploads\/2024\/10\/ELI06324-1024x683.jpg\" alt=\"\" class=\"wp-image-568870\" srcset=\"https:\/\/diariodominicano.com\/wp-content\/uploads\/2024\/10\/ELI06324-1024x683.jpg 1024w, https:\/\/diariodominicano.com\/wp-content\/uploads\/2024\/10\/ELI06324-300x200.jpg 300w, https:\/\/diariodominicano.com\/wp-content\/uploads\/2024\/10\/ELI06324-768x512.jpg 768w, https:\/\/diariodominicano.com\/wp-content\/uploads\/2024\/10\/ELI06324-1536x1024.jpg 1536w, https:\/\/diariodominicano.com\/wp-content\/uploads\/2024\/10\/ELI06324-2048x1365.jpg 2048w, https:\/\/diariodominicano.com\/wp-content\/uploads\/2024\/10\/ELI06324-816x544.jpg 816w\" sizes=\"auto, (max-width: 1024px) 100vw, 1024px\" \/><\/figure>\n\n\n\n<figure class=\"wp-block-image size-large\"><img loading=\"lazy\" decoding=\"async\" width=\"1024\" height=\"683\" data-id=\"568868\" src=\"https:\/\/diariodominicano.com\/wp-content\/uploads\/2024\/10\/ELI06111-1-1024x683.jpg\" alt=\"\" class=\"wp-image-568868\" srcset=\"https:\/\/diariodominicano.com\/wp-content\/uploads\/2024\/10\/ELI06111-1-1024x683.jpg 1024w, https:\/\/diariodominicano.com\/wp-content\/uploads\/2024\/10\/ELI06111-1-300x200.jpg 300w, https:\/\/diariodominicano.com\/wp-content\/uploads\/2024\/10\/ELI06111-1-768x512.jpg 768w, https:\/\/diariodominicano.com\/wp-content\/uploads\/2024\/10\/ELI06111-1-1536x1024.jpg 1536w, https:\/\/diariodominicano.com\/wp-content\/uploads\/2024\/10\/ELI06111-1-2048x1365.jpg 2048w, https:\/\/diariodominicano.com\/wp-content\/uploads\/2024\/10\/ELI06111-1-816x544.jpg 816w\" sizes=\"auto, (max-width: 1024px) 100vw, 1024px\" \/><\/figure>\n<\/figure>\n\n\n\n<p>Las fiscales litigantes Vilma M\u00e9ndez y Sugely M. Valdez, presentaron ante el Cuarto Tribunal Colegiado de Santo Domingo Oeste, presidido por el juez Julio de los Santos Morlan e integrado por Leonarda Quezada Bel\u00e9n y Clara Yoselin Rivera Franco, suficientes elementos probatorios que demuestran la culpabilidad del acusado, cuyo nombre se omite para proteger la identidad de la v\u00edctima.<\/p>\n\n\n\n<p>El expediente acusatorio se\u00f1ala que es el propio procesado quien acudi\u00f3 a la Unidad de Atenci\u00f3n Integral a la Violencia de G\u00e9nero, Intrafamiliar y Delitos Sexuales a presentar la denuncia de que su hija adolescente hab\u00eda sido violada sexualmente por un desconocido. <\/p>\n\n\n\n<p><\/p>\n\n\n\n<p>Nota de prensa: Popular y PACAM promueven bienestar de mujeres emprendedoras<\/p>\n\n\n\n<p>Sin embargo, cuando la v\u00edctima fue entrevistada por la psic\u00f3loga forense se\u00f1al\u00f3 que su padre es el responsable de abusarla sexualmente desde que ella ten\u00eda siete a\u00f1os de edad.<\/p>\n\n\n\n<p>El documento judicial, instrumentado por la fiscal investigadora, Olivia Sosa, detalla que para cometer los hechos el procesado amenazaba a la adolescente con quitarle la vida a ella y a su madre, en caso de que le contara lo sucedido a su progenitora.<\/p>\n\n\n\n<p>El tribunal hall\u00f3 culpable al condenado de violar los art\u00edculos 331, 332-1 y 309-2 del C\u00f3digo Penal Dominicano y 396 del C\u00f3digo para el Sistema de Protecci\u00f3n y los Derechos Fundamentales de Ni\u00f1os, Ni\u00f1as y Adolescentes (Ley 136-03), y orden\u00f3 que cumpla los 20 a\u00f1os de prisi\u00f3n en el Centro de Privaci\u00f3n de Libertad (CPL) La Victoria, ubicado en Santo Domingo Norte.<\/p>\n\n\n\n<p><strong>Direcci\u00f3n General de Comunicaci\u00f3n, Prensa y RRPP&nbsp;<\/strong><strong><\/strong><\/p>\n\n\n\n<p><strong>Ministerio P\u00fablico RD<\/strong><\/p>\n","protected":false},"excerpt":{"rendered":"<p>Santo Domingo (RD), mi\u00e9rcoles, 23 de octubre de 2024.&nbsp;El Ministerio P\u00fablico de Santo Domingo Oeste logr\u00f3 que un tribunal de esta jurisdicci\u00f3n condene a 20 a\u00f1os de prisi\u00f3n a un hombre acusado de violaci\u00f3n sexual, en perjuicio de su hija de 12 a\u00f1os de edad, en un hecho ocurrido en la comunidad Batey Bienvenido, de [&hellip;]<\/p>\n","protected":false},"author":7,"featured_media":456880,"comment_status":"closed","ping_status":"closed","sticky":false,"template":"","format":"standard","meta":{"footnotes":""},"categories":[24],"tags":[],"class_list":["post-568795","post","type-post","status-publish","format-standard","has-post-thumbnail","hentry","category-justicia-y-derecho"],"_links":{"self":[{"href":"https:\/\/diariodominicano.com\/index.php?rest_route=\/wp\/v2\/posts\/568795","targetHints":{"allow":["GET"]}}],"collection":[{"href":"https:\/\/diariodominicano.com\/index.php?rest_route=\/wp\/v2\/posts"}],"about":[{"href":"https:\/\/diariodominicano.com\/index.php?rest_route=\/wp\/v2\/types\/post"}],"author":[{"embeddable":true,"href":"https:\/\/diariodominicano.com\/index.php?rest_route=\/wp\/v2\/users\/7"}],"replies":[{"embeddable":true,"href":"https:\/\/diariodominicano.com\/index.php?rest_route=%2Fwp%2Fv2%2Fcomments&post=568795"}],"version-history":[{"count":2,"href":"https:\/\/diariodominicano.com\/index.php?rest_route=\/wp\/v2\/posts\/568795\/revisions"}],"predecessor-version":[{"id":568914,"href":"https:\/\/diariodominicano.com\/index.php?rest_route=\/wp\/v2\/posts\/568795\/revisions\/568914"}],"wp:featuredmedia":[{"embeddable":true,"href":"https:\/\/diariodominicano.com\/index.php?rest_route=\/wp\/v2\/media\/456880"}],"wp:attachment":[{"href":"https:\/\/diariodominicano.com\/index.php?rest_route=%2Fwp%2Fv2%2Fmedia&parent=568795"}],"wp:term":[{"taxonomy":"category","embeddable":true,"href":"https:\/\/diariodominicano.com\/index.php?rest_route=%2Fwp%2Fv2%2Fcategories&post=568795"},{"taxonomy":"post_tag","embeddable":true,"href":"https:\/\/diariodominicano.com\/index.php?rest_route=%2Fwp%2Fv2%2Ftags&post=568795"}],"curies":[{"name":"wp","href":"https:\/\/api.w.org\/{rel}","templated":true}]}}