{"id":568745,"date":"2024-10-23T17:40:10","date_gmt":"2024-10-23T21:40:10","guid":{"rendered":"https:\/\/diariodominicano.com\/?p=568745"},"modified":"2024-10-23T17:42:31","modified_gmt":"2024-10-23T21:42:31","slug":"el-cobrador-impugna-la-ley-de-reforma-constitucional","status":"publish","type":"post","link":"https:\/\/diariodominicano.com\/?p=568745","title":{"rendered":"El Cobrador impugna la ley de reforma constitucional"},"content":{"rendered":"\n<p>En v\u00edspera de la proclamaci\u00f3n y publicaci\u00f3n de la nueva Constituci\u00f3n de la Rep\u00fablica, el ciudadano dominicano y excandidato presidencial, <strong>Roque Alejandro Espaillat Tav\u00e1rez<\/strong>&nbsp;(El Cobrador) interpuso una acci\u00f3n directa de inconstitucionalidad (ADI) donde se le pide al Tribunal Constitucional que se declare la inconstitucionalidad de los arts. 1, y 3 de la Ley 61-24 que declara la necesidad de reformar la Constituci\u00f3n de la Rep\u00fablica por violar el Art. 272. P\u00e1rrafo III de la misma, que establece que solo si el resultado del referendo es afirmativo se puede proclamar y publicar la reforma con los textos reformados por la Asamblea Nacional Revisora.<\/p>\n\n\n\n<p>El accionante se\u00f1ala en su demanda que la propia Asamblea Nacional Revisora reconoci\u00f3 que el procedimiento de reforma, por modificar &nbsp;o a\u00f1adir al contenido del art. 268 de la Constituci\u00f3n (la cl\u00e1usula petra), ameritaba del refendo aprobatorio para cumplir con el mandato del art. 267 de la Carta Magna, en el sentido de que \u201c La reforma s\u00f3lo podr\u00e1 hacerse en la forma que la misma Constituci\u00f3n indica\u201d.<\/p>\n\n\n\n<p>En otro orden, la instancia le pide al Tribunal Constitucional que haga una distinci\u00f3n o t\u00e9cnica del distinguishing por la ultraactividad y la posibilidad de someter al control leyes que como en el caso de la especie (Ley 61-24) tienen un car\u00e1cter transitorio. <br>La Peque\u00f1a <\/p>\n\n\n\n<figure class=\"wp-block-image size-full is-resized\"><img loading=\"lazy\" decoding=\"async\" width=\"530\" height=\"653\" src=\"https:\/\/diariodominicano.com\/wp-content\/uploads\/2024\/10\/El-Cobrador-impugna-la-ley-de-reforma-constitucional.-.png\" alt=\"\" class=\"wp-image-568754\" style=\"width:617px;height:auto\" srcset=\"https:\/\/diariodominicano.com\/wp-content\/uploads\/2024\/10\/El-Cobrador-impugna-la-ley-de-reforma-constitucional.-.png 530w, https:\/\/diariodominicano.com\/wp-content\/uploads\/2024\/10\/El-Cobrador-impugna-la-ley-de-reforma-constitucional.--243x300.png 243w\" sizes=\"auto, (max-width: 530px) 100vw, 530px\" \/><\/figure>\n","protected":false},"excerpt":{"rendered":"<p>En v\u00edspera de la proclamaci\u00f3n y publicaci\u00f3n de la nueva Constituci\u00f3n de la Rep\u00fablica, el ciudadano dominicano y excandidato presidencial, Roque Alejandro Espaillat Tav\u00e1rez&nbsp;(El Cobrador) interpuso una acci\u00f3n directa de inconstitucionalidad (ADI) donde se le pide al Tribunal Constitucional que se declare la inconstitucionalidad de los arts. 1, y 3 de la Ley 61-24 que [&hellip;]<\/p>\n","protected":false},"author":7,"featured_media":568755,"comment_status":"closed","ping_status":"closed","sticky":false,"template":"","format":"standard","meta":{"footnotes":""},"categories":[24],"tags":[560],"class_list":["post-568745","post","type-post","status-publish","format-standard","has-post-thumbnail","hentry","category-justicia-y-derecho","tag-el-cobrador"],"_links":{"self":[{"href":"https:\/\/diariodominicano.com\/index.php?rest_route=\/wp\/v2\/posts\/568745","targetHints":{"allow":["GET"]}}],"collection":[{"href":"https:\/\/diariodominicano.com\/index.php?rest_route=\/wp\/v2\/posts"}],"about":[{"href":"https:\/\/diariodominicano.com\/index.php?rest_route=\/wp\/v2\/types\/post"}],"author":[{"embeddable":true,"href":"https:\/\/diariodominicano.com\/index.php?rest_route=\/wp\/v2\/users\/7"}],"replies":[{"embeddable":true,"href":"https:\/\/diariodominicano.com\/index.php?rest_route=%2Fwp%2Fv2%2Fcomments&post=568745"}],"version-history":[{"count":2,"href":"https:\/\/diariodominicano.com\/index.php?rest_route=\/wp\/v2\/posts\/568745\/revisions"}],"predecessor-version":[{"id":568758,"href":"https:\/\/diariodominicano.com\/index.php?rest_route=\/wp\/v2\/posts\/568745\/revisions\/568758"}],"wp:featuredmedia":[{"embeddable":true,"href":"https:\/\/diariodominicano.com\/index.php?rest_route=\/wp\/v2\/media\/568755"}],"wp:attachment":[{"href":"https:\/\/diariodominicano.com\/index.php?rest_route=%2Fwp%2Fv2%2Fmedia&parent=568745"}],"wp:term":[{"taxonomy":"category","embeddable":true,"href":"https:\/\/diariodominicano.com\/index.php?rest_route=%2Fwp%2Fv2%2Fcategories&post=568745"},{"taxonomy":"post_tag","embeddable":true,"href":"https:\/\/diariodominicano.com\/index.php?rest_route=%2Fwp%2Fv2%2Ftags&post=568745"}],"curies":[{"name":"wp","href":"https:\/\/api.w.org\/{rel}","templated":true}]}}