{"id":56870,"date":"2020-02-02T22:57:00","date_gmt":"2020-02-02T22:57:00","guid":{"rendered":"http:\/\/diariodominicano.ddns.net\/?p=56870"},"modified":"2020-02-02T22:57:00","modified_gmt":"2020-02-02T22:57:00","slug":"nominados-se-preparan-para-la-silla-y-comparten-sus-expectativas","status":"publish","type":"post","link":"https:\/\/diariodominicano.com\/?p=56870","title":{"rendered":"Nominados se preparan para La Silla, y comparten sus expectativas."},"content":{"rendered":"<p><body><\/p>\n<p><img decoding=\"async\" src=\"img3\/nomi00.jpg\" \/>  <\/p>\n<p>Nominados se preparan para La Silla, y comparten sus expectativas.<\/p>\n<\/p>\n<\/p>\n<\/p>\n<p>nominados.jpg<\/p>\n<\/p>\n<p><strong> <\/strong><\/p>\n<p><strong>Santo Domingo, R.D. &#8211;<\/strong> Muchos han expresado por las redes sociales sus expectativas, sentimientos, y hasta los espectaculares dise\u00f1os que usar\u00e1n en Premios La silla 2020. Es el caso de Eva Arias, nominada como mejor actriz principal por \u00abEn tu piel\u00bb, quien nos adelant\u00f3 que ir\u00e1 vestida por Cristian Lagares, con un vestido que al parecer nos dejar\u00e1 sin aliento. La actriz expres\u00f3 lo siguiente: \u00abPara m\u00ed es ya un premio que mis colegas de la industria, que admiro y respeto, me hayan nominado entre grandes mujeres del cine. Me siento orgullosa de todas las categor\u00edas. Creo que el cine dio un gran paso este 2019.\u00bb<\/p>\n<\/p>\n<p>Vicente Santos, nominado como mejor actor de cine por \u00abMirian Miente\u00bb, quien ir\u00e1 vestido por Mart\u00edn Polanco, nos dijo: \u00abMuy contento y agradecido por esta nominaci\u00f3n,  siempre que se  reconoce tu trabajo y en este caso particular, por parte de tus colegas es motivo de celebraci\u00f3n&#8230; Y adem\u00e1s estar ternado con grandes colegas. Cualquiera que gane estar\u00e1 bien.\u00bb<\/p>\n<\/p>\n<p>En la misma categor\u00eda el actor Josu\u00e9 Guerrero, nominado por su interpretaci\u00f3n en la pel\u00edcula \u00abEn tu Piel\u00bb, revel\u00f3 lo siguiente: \u00abRealmente no tengo ninguna expectativa. Pero si tengo la intenci\u00f3n de celebrar el cine Dominicano y como hemos avanzado como industria en los \u00faltimos a\u00f1os. Es por eso que celebro mi nominaci\u00f3n como actor principal, porque me siento parte de todo ese crecimiento.\u00bb El actor ir\u00e1 vestido con un dise\u00f1o vanguardista y algo irreverente, del artista Manelik.<\/p>\n<\/p>\n<p>Valerie Hern\u00e1ndez Oloffson, nominada por direcci\u00f3n de casting, se siente emocionada, ya que es una categor\u00eda nueva en los premios: \u00abTener la oportunidad de crear mundos buscando a los actores ideales para cada rol es una gran tarea que conlleva mucha responsabilidad, y que nos tomen en cuenta realzando nuestra labor es un honor.\u00bb; Igualmente Willy Gonz\u00e1lez, nominado en la misma categor\u00eda de casting por \u00abLa Otra Pen\u00e9lope\u00bb, nos dijo: \u00abMe siento contento por esta nominaci\u00f3n, que es un escal\u00f3n dentro de la industria del cine, ya que hemos estado trabajando para lograr y alcanzar nuestros objetivos de convertirnos en grandes representantes del s\u00e9ptimo arte en Rep\u00fablica Dominicana. Estoy viendo buenas expectativas con estos premios, que han crecido mucho al d\u00eda de hoy.\u00bb<\/p>\n<\/p>\n<p>Una que estrena en esta premiaci\u00f3n es Cindy Gal\u00e1n, nominada como mejor actriz de cine por \u00abEl proyeccionista\u00bb, quien ir\u00e1 vestida por Miguel Genao. La actriz dice estar muy agradecida y emocionada de formar parte de esta 7ma. entrega de los premios la silla, y ampli\u00f3: \u00abFeliz de que la industria de cine me haya recibido con tan buena acogida. Esta es mi primera pel\u00edcula, mi primera nominaci\u00f3n, y que sea de la mano de \u00abEl proyeccionista\u00bb, un  trabajo tan hermoso me rebosa de alegr\u00eda. \u00a1Felicidades y suerte a los nominados!.\u00bb<\/p>\n<\/p>\n<p>Este lunes es la fiesta del cine, \u00a1y la industria lo sabe! y desde ya lo celebra, prepar\u00e1ndose para disfrutar de una noche llena de emociones, donde se resaltar\u00e1 lo mejor de la gran pantalla criolla.<\/p>\n<\/p>\n<p>EQUIPO CLAP &lt;comunicaciones@patzguerrero.com&gt;<\/p>\n<\/p>\n<\/p>\n<h6> 2020-02-02 22:57:00 <\/h6>\n<p><!--\n<link rel=\"stylesheet\" href=\"css\/bootstrap.min.css\">\n\n\n<ul class=\"pagination\">\n\t    \n\t\n\n<li >\n\t<a href='?page_no=874'>Previous<\/a>\n\t<\/li>\n\n\n       \n    \n\n<li><a href='?page_no=1'>1<\/a><\/li>\n\n\n\n<li><a href='?page_no=2'>2<\/a><\/li>\n\n\n\n<li><a>...<\/a><\/li>\n\n\n\n<li><a href='?page_no=873'>873<\/a><\/li>\n\n\n\n<li><a href='?page_no=874'>874<\/a><\/li>\n\n\n\n<li class='active'><a>875<\/a><\/li>\n\n\n\n<li><a href='?page_no=876'>876<\/a><\/li>\n\n\n\n<li><a href='?page_no=877'>877<\/a><\/li>\n\n\n\n<li><a>...<\/a><\/li>\n\n\n\n<li><a href='?page_no=22911'>22911<\/a><\/li>\n\n\n\n<li><a href='?page_no=22912'>22912<\/a><\/li>\n\n    \n\t\n\n<li >\n\t<a href='?page_no=876'>Next<\/a>\n\t<\/li>\n\n\n    \n\n<li><a href='?page_no=22912'>Last &rsaquo;&rsaquo;<\/a><\/li>\n\n<\/ul>\n\n\n--><br \/>\n<\/body><\/p>\n","protected":false},"excerpt":{"rendered":"<p>Nominados se preparan para La Silla, y comparten sus expectativas. nominados.jpg Santo Domingo, R.D. &#8211; Muchos han expresado por las redes sociales sus expectativas, sentimientos, y hasta los espectaculares dise\u00f1os que usar\u00e1n en Premios La silla 2020. Es el caso de Eva Arias, nominada como mejor actriz principal por \u00abEn tu piel\u00bb, quien nos adelant\u00f3 [&hellip;]<\/p>\n","protected":false},"author":3,"featured_media":0,"comment_status":"open","ping_status":"open","sticky":false,"template":"","format":"standard","meta":{"footnotes":""},"categories":[21],"tags":[],"class_list":["post-56870","post","type-post","status-publish","format-standard","hentry","category-cultura"],"_links":{"self":[{"href":"https:\/\/diariodominicano.com\/index.php?rest_route=\/wp\/v2\/posts\/56870","targetHints":{"allow":["GET"]}}],"collection":[{"href":"https:\/\/diariodominicano.com\/index.php?rest_route=\/wp\/v2\/posts"}],"about":[{"href":"https:\/\/diariodominicano.com\/index.php?rest_route=\/wp\/v2\/types\/post"}],"author":[{"embeddable":true,"href":"https:\/\/diariodominicano.com\/index.php?rest_route=\/wp\/v2\/users\/3"}],"replies":[{"embeddable":true,"href":"https:\/\/diariodominicano.com\/index.php?rest_route=%2Fwp%2Fv2%2Fcomments&post=56870"}],"version-history":[{"count":0,"href":"https:\/\/diariodominicano.com\/index.php?rest_route=\/wp\/v2\/posts\/56870\/revisions"}],"wp:attachment":[{"href":"https:\/\/diariodominicano.com\/index.php?rest_route=%2Fwp%2Fv2%2Fmedia&parent=56870"}],"wp:term":[{"taxonomy":"category","embeddable":true,"href":"https:\/\/diariodominicano.com\/index.php?rest_route=%2Fwp%2Fv2%2Fcategories&post=56870"},{"taxonomy":"post_tag","embeddable":true,"href":"https:\/\/diariodominicano.com\/index.php?rest_route=%2Fwp%2Fv2%2Ftags&post=56870"}],"curies":[{"name":"wp","href":"https:\/\/api.w.org\/{rel}","templated":true}]}}