{"id":568647,"date":"2024-10-23T13:18:59","date_gmt":"2024-10-23T17:18:59","guid":{"rendered":"https:\/\/diariodominicano.com\/?p=568647"},"modified":"2024-10-23T13:19:06","modified_gmt":"2024-10-23T17:19:06","slug":"prision-preventiva-para-expolicia-que-hirio-de-bala-a-expareja-en-los-alcarrizos","status":"publish","type":"post","link":"https:\/\/diariodominicano.com\/?p=568647","title":{"rendered":"Prisi\u00f3n preventiva para expolic\u00eda que hiri\u00f3 de bala a expareja en Los Alcarrizos"},"content":{"rendered":"\n<p>diariodominicano.com<\/p>\n\n\n\n<p><strong>Santo Domingo, R. D.,<\/strong>\u2002<strong> 23 de octubre de 2024.<\/strong>&#8211; \u00a0El Ministerio P\u00fablico de Santo Domingo Oeste obtuvo tres meses de prisi\u00f3n preventiva en contra de un exagente de la Polic\u00eda Nacional, imputado de herir de bala a su expareja, en un hecho ocurrido el pasado 12 de octubre, en el sector Pueblo Nuevo, del municipio Los Alcarrizos.<\/p>\n\n\n\n<p>La medida de coerci\u00f3n fue impuesta en contra del imputado Nicol\u00e1s Linares al establecerse con diferentes evidencias su vinculaci\u00f3n con los hechos perpetrados contra su expareja, de quien se omite el nombre para preservar su identidad.<\/p>\n\n\n\n<p>En la solicitud de medida de coerci\u00f3n el fiscal Joel Pinales narra que Linares realiz\u00f3 varios disparos de arma de fuego contra la v\u00edctima, hiri\u00e9ndola de gravedad en el pecho. El hecho ocurri\u00f3 en la casa de la mujer.<\/p>\n\n\n\n<p>Durante la audiencia, la fiscal litigante Matti Noboa, se\u00f1al\u00f3 que la v\u00edctima se encuentra ingresada en un centro de salud en estado cr\u00edtico, producto de la herida que le ocasion\u00f3 Linares.<\/p>\n\n\n\n<p>La fiscal litigante agreg\u00f3 que los hechos cometidos por el imputado ocurrieron en presencia de un menor de edad, nieto de la v\u00edctima.<\/p>\n\n\n\n<p>La jueza Cecilia Toribio, de la Oficina Judicial de Servicios de Atenci\u00f3n Permanente, acogi\u00f3 el pedimento de la fiscal\u00eda y dict\u00f3 la prisi\u00f3n preventiva al exagente pensionado de la Polic\u00eda Nacional, por violar los art\u00edculos 309-1, 309-2 y 309-03, literales A, B, C y E, del C\u00f3digo Penal Dominicano, y por violar los art\u00edculos 66 y 67 sobre porte y tenencia de arma ilegal de la Ley 631-16, sobre Armas, Municiones y Materiales Relacionados.<\/p>\n\n\n\n<p>En el documento judicial se solicit\u00f3 al tribunal que, en lo adelante, el ni\u00f1o sea entrevistado como testigo a trav\u00e9s de C\u00e1mara Gesell.<\/p>\n\n\n\n<p>Linares deber\u00e1 cumplir la medida de coerci\u00f3n en el Centro de Correcci\u00f3n y Rehabilitaci\u00f3n (CCR) de Haras Nacionales.<\/p>\n\n\n\n<p><strong>Direcci\u00f3n General de Comunicaci\u00f3n, Prensa y RRPP&nbsp;<\/strong><strong><\/strong><\/p>\n\n\n\n<p><strong>Ministerio P\u00fablico RD<\/strong><\/p>\n\n\n\n<figure class=\"wp-block-table\"><table><tbody><tr><td><strong>Comunicaciones PGR<\/strong><\/td><\/tr><\/tbody><\/table><\/figure>\n","protected":false},"excerpt":{"rendered":"<p>diariodominicano.com Santo Domingo, R. D.,\u2002 23 de octubre de 2024.&#8211; \u00a0El Ministerio P\u00fablico de Santo Domingo Oeste obtuvo tres meses de prisi\u00f3n preventiva en contra de un exagente de la Polic\u00eda Nacional, imputado de herir de bala a su expareja, en un hecho ocurrido el pasado 12 de octubre, en el sector Pueblo Nuevo, del [&hellip;]<\/p>\n","protected":false},"author":5,"featured_media":566859,"comment_status":"closed","ping_status":"closed","sticky":true,"template":"","format":"standard","meta":{"footnotes":""},"categories":[24,27],"tags":[],"class_list":["post-568647","post","type-post","status-publish","format-standard","has-post-thumbnail","hentry","category-justicia-y-derecho","category-portada"],"_links":{"self":[{"href":"https:\/\/diariodominicano.com\/index.php?rest_route=\/wp\/v2\/posts\/568647","targetHints":{"allow":["GET"]}}],"collection":[{"href":"https:\/\/diariodominicano.com\/index.php?rest_route=\/wp\/v2\/posts"}],"about":[{"href":"https:\/\/diariodominicano.com\/index.php?rest_route=\/wp\/v2\/types\/post"}],"author":[{"embeddable":true,"href":"https:\/\/diariodominicano.com\/index.php?rest_route=\/wp\/v2\/users\/5"}],"replies":[{"embeddable":true,"href":"https:\/\/diariodominicano.com\/index.php?rest_route=%2Fwp%2Fv2%2Fcomments&post=568647"}],"version-history":[{"count":1,"href":"https:\/\/diariodominicano.com\/index.php?rest_route=\/wp\/v2\/posts\/568647\/revisions"}],"predecessor-version":[{"id":568652,"href":"https:\/\/diariodominicano.com\/index.php?rest_route=\/wp\/v2\/posts\/568647\/revisions\/568652"}],"wp:featuredmedia":[{"embeddable":true,"href":"https:\/\/diariodominicano.com\/index.php?rest_route=\/wp\/v2\/media\/566859"}],"wp:attachment":[{"href":"https:\/\/diariodominicano.com\/index.php?rest_route=%2Fwp%2Fv2%2Fmedia&parent=568647"}],"wp:term":[{"taxonomy":"category","embeddable":true,"href":"https:\/\/diariodominicano.com\/index.php?rest_route=%2Fwp%2Fv2%2Fcategories&post=568647"},{"taxonomy":"post_tag","embeddable":true,"href":"https:\/\/diariodominicano.com\/index.php?rest_route=%2Fwp%2Fv2%2Ftags&post=568647"}],"curies":[{"name":"wp","href":"https:\/\/api.w.org\/{rel}","templated":true}]}}