{"id":568644,"date":"2024-10-23T12:42:03","date_gmt":"2024-10-23T16:42:03","guid":{"rendered":"https:\/\/diariodominicano.com\/?p=568644"},"modified":"2024-10-23T12:42:12","modified_gmt":"2024-10-23T16:42:12","slug":"3-muertos-y-14-heridos-en-ataque-contra-empresa-aeroespacial-turca-terroristas-son-neutralizados-dice-ministro","status":"publish","type":"post","link":"https:\/\/diariodominicano.com\/?p=568644","title":{"rendered":"3 muertos y 14 heridos en ataque contra empresa aeroespacial turca, terroristas son neutralizados, dice ministro"},"content":{"rendered":"\n<p>diariodominicano.com<\/p>\n\n\n\n<p>ANKARA, 23 oct (Xinhua) &#8212; Tres personas perdieron la vida y 14 resultaron heridas hoy mi\u00e9rcoles en un ataque terrorista en la planta de producci\u00f3n de la empresa Turkish Aerospace Industries Inc. (TUSAS) en Ankara, la capital de Turqu\u00eda, se\u00f1al\u00f3 el Ministro del Interior turco, Ali Yerlikaya. Dos terroristas han sido \u00abneutralizados\u00bb, dijo el ministro en la plataforma de redes sociales X. De acuerdo con im\u00e1genes de v\u00eddeo publicadas por la cadena privada NTV, \u00abvarios terroristas\u00bb, incluida una mujer, llegaron a la puerta central del complejo a bordo de un taxi y empezaron a disparar contra los guardias con ametralladoras. Las im\u00e1genes de televisi\u00f3n mostraban una puerta da\u00f1ada y un enfrentamiento cercano en un estacionamiento. El informe indic\u00f3 que fuerzas de seguridad, bomberos y param\u00e9dicos, fueron enviados al complejo ubicado en el distrito de Kahramankazan, en la capital turca. TUSAS es una importante empresa de defensa y aviaci\u00f3n de Turqu\u00eda. La compa\u00f1\u00eda fabrica el KAAN, el primer avi\u00f3n de combate nacional del pa\u00eds, entre otros proyectos de defensa. El proscrito Partido de los Trabajadores del Kurdist\u00e1n (PKK) ha reivindicado acciones similares en el pasado. El PKK, incluido en la lista de organizaciones terroristas de Turqu\u00eda, Estados Unidos y la Uni\u00f3n Europea, lleva rebel\u00e1ndose contra el Gobierno turco m\u00e1s de tres d\u00e9cadas.<\/p>\n","protected":false},"excerpt":{"rendered":"<p>diariodominicano.com ANKARA, 23 oct (Xinhua) &#8212; Tres personas perdieron la vida y 14 resultaron heridas hoy mi\u00e9rcoles en un ataque terrorista en la planta de producci\u00f3n de la empresa Turkish Aerospace Industries Inc. (TUSAS) en Ankara, la capital de Turqu\u00eda, se\u00f1al\u00f3 el Ministro del Interior turco, Ali Yerlikaya. Dos terroristas han sido \u00abneutralizados\u00bb, dijo el [&hellip;]<\/p>\n","protected":false},"author":5,"featured_media":568645,"comment_status":"closed","ping_status":"closed","sticky":true,"template":"","format":"standard","meta":{"footnotes":""},"categories":[23,27],"tags":[],"class_list":["post-568644","post","type-post","status-publish","format-standard","has-post-thumbnail","hentry","category-internacional","category-portada"],"_links":{"self":[{"href":"https:\/\/diariodominicano.com\/index.php?rest_route=\/wp\/v2\/posts\/568644","targetHints":{"allow":["GET"]}}],"collection":[{"href":"https:\/\/diariodominicano.com\/index.php?rest_route=\/wp\/v2\/posts"}],"about":[{"href":"https:\/\/diariodominicano.com\/index.php?rest_route=\/wp\/v2\/types\/post"}],"author":[{"embeddable":true,"href":"https:\/\/diariodominicano.com\/index.php?rest_route=\/wp\/v2\/users\/5"}],"replies":[{"embeddable":true,"href":"https:\/\/diariodominicano.com\/index.php?rest_route=%2Fwp%2Fv2%2Fcomments&post=568644"}],"version-history":[{"count":1,"href":"https:\/\/diariodominicano.com\/index.php?rest_route=\/wp\/v2\/posts\/568644\/revisions"}],"predecessor-version":[{"id":568646,"href":"https:\/\/diariodominicano.com\/index.php?rest_route=\/wp\/v2\/posts\/568644\/revisions\/568646"}],"wp:featuredmedia":[{"embeddable":true,"href":"https:\/\/diariodominicano.com\/index.php?rest_route=\/wp\/v2\/media\/568645"}],"wp:attachment":[{"href":"https:\/\/diariodominicano.com\/index.php?rest_route=%2Fwp%2Fv2%2Fmedia&parent=568644"}],"wp:term":[{"taxonomy":"category","embeddable":true,"href":"https:\/\/diariodominicano.com\/index.php?rest_route=%2Fwp%2Fv2%2Fcategories&post=568644"},{"taxonomy":"post_tag","embeddable":true,"href":"https:\/\/diariodominicano.com\/index.php?rest_route=%2Fwp%2Fv2%2Ftags&post=568644"}],"curies":[{"name":"wp","href":"https:\/\/api.w.org\/{rel}","templated":true}]}}