{"id":568528,"date":"2024-10-22T23:27:31","date_gmt":"2024-10-23T03:27:31","guid":{"rendered":"https:\/\/diariodominicano.com\/?p=568528"},"modified":"2024-10-22T23:27:33","modified_gmt":"2024-10-23T03:27:33","slug":"un-ano-de-prision-preventiva-para-imputados-de-lavado-de-activos-provenientes-del-narcotrafico-en-operacion-arrecife-2-0","status":"publish","type":"post","link":"https:\/\/diariodominicano.com\/?p=568528","title":{"rendered":"Un a\u00f1o de prisi\u00f3n preventiva para imputados de lavado de activos provenientes del narcotr\u00e1fico en Operaci\u00f3n Arrecife 2.0"},"content":{"rendered":"\n<p><em><u>La solicitud formulada por el Ministerio P\u00fablico fue acogida completa por el Juzgado de Atenci\u00f3n Permanente de Mar\u00eda Trinidad S\u00e1nchez, que adem\u00e1s declar\u00f3 el proceso de tramitaci\u00f3n compleja<\/u><\/em><\/p>\n\n\n\n<p><strong>Mar\u00eda Trinidad S\u00e1nchez (RD), martes, 22 de octubre de 2024.&nbsp;<\/strong>A solicitud del Ministerio P\u00fablico, la Oficina Judicial de Servicios de Atenci\u00f3n Permanente de Mar\u00eda Trinidad S\u00e1nchez le impuso un a\u00f1o de prisi\u00f3n preventiva a los principales miembros de la red de lavado de activos provenientes narcotr\u00e1fico, desmantelada con la Operaci\u00f3n Arrecife 2.0.<\/p>\n\n\n\n<p>La medida privativa de libertad por un a\u00f1o le fue impuesta a los imputados \u00c1ngel Mar\u00eda Polanco, Luis Ar\u00edstides Alc\u00e9quiez, Alanna Familia y Ana Mar\u00eda Pe\u00f1a Mel\u00e9ndez, quienes deber\u00e1n cumplir la prisi\u00f3n en el Centro de Privaci\u00f3n de Libertad Olegario Tenares, del municipio Nagua.<\/p>\n\n\n\n<p>En tanto que fue impuesto arresto domiciliario, igualmente, por espacio de un a\u00f1o, contra Ana Victoria Duarte Trinidad.<\/p>\n\n\n\n<p>Mientras que Wilmer Manuel Polanco Caridad recibi\u00f3 como medida de coerci\u00f3n presentaci\u00f3n peri\u00f3dica por espacio de seis meses ante la Fiscal\u00eda de Mar\u00eda Trinidad S\u00e1nchez.<\/p>\n\n\n\n<p>La jueza Martha Mireya Indhira Solano Cedano impuso las medidas de coerci\u00f3n y declar\u00f3 el proceso de tramitaci\u00f3n compleja al acoger en su totalidad la solicitud formulada por el Ministerio P\u00fablico.<\/p>\n\n\n\n<p>En la audiencia el Ministerio P\u00fablico estuvo representado por los fiscales litigantes de la Procuradur\u00eda Especializada Antilavado de Activos y Financiamiento del Terrorismo, Luis Alberto Garc\u00eda, Pedro Medina y Jos\u00e9 Manuel Calzado, y de la Fiscal\u00eda de Mar\u00eda Trinidad S\u00e1nchez, Ana Carina P\u00e9rez Hilario y Helaynne Guzm\u00e1n de Jes\u00fas.<\/p>\n\n\n\n<p>La Procuradur\u00eda Especializada Antilavado de Activos y Financiamiento del Terrorismo, que dirige la magistrada Ramona Nova Cabrera, conjuntamente con la Fiscal\u00eda de Mar\u00eda Trinidad S\u00e1nchez puso en marcha el pasado 4 de octubre la Operaci\u00f3n Arrecife 2.0, que incluy\u00f3 la realizaci\u00f3n de 18 allanamientos simult\u00e1neos en distintos puntos del pa\u00eds en contra de una estructura de lavado de activos provenientes del narcotr\u00e1fico, ocupando en el transcurso de los mismos apartamentos, discotecas, liquor store, almacenes, fincas y villas, entre otros.<\/p>\n\n\n\n<p>M\u00e1s de 25 fiscales, 350 miembros de la Direcci\u00f3n Nacional de Control de Drogas (DNCD) y un equipo t\u00e9cnico del Ministerio P\u00fablico, tuvieron a cargo las labores por aire, mar y tierra, incluyendo los lugares bajo dominio y control de los miembros de esa organizaci\u00f3n criminal.<\/p>\n\n\n\n<p>Los allanamientos fueron realizados en Mar\u00eda Trinidad S\u00e1nchez, Saman\u00e1, Montecristi, la provincia Santo Domingo (en sus municipios Santo Domingo Este y Oeste) y el Distrito Nacional, relacionado a la estructura criminal, parcialmente intervenida, mediante la Operaci\u00f3n Arrecife, el 30 de noviembre de 2023.<\/p>\n\n\n\n<p>Se recuerda que esta investigaci\u00f3n surge del hallazgo en fecha 20 de febrero del a\u00f1o 2023, de doscientos cuarenta y tres (243) paquetes de un polvo blanco, en cuyo an\u00e1lisis resultaron ser de coca\u00edna clorhidratada.<\/p>\n\n\n\n<p><strong>Direcci\u00f3n General de Comunicaci\u00f3n, Prensa y RRPP&nbsp;<\/strong><strong><\/strong><\/p>\n\n\n\n<p><strong>Ministerio P\u00fablico RD<\/strong><\/p>\n","protected":false},"excerpt":{"rendered":"<p>La solicitud formulada por el Ministerio P\u00fablico fue acogida completa por el Juzgado de Atenci\u00f3n Permanente de Mar\u00eda Trinidad S\u00e1nchez, que adem\u00e1s declar\u00f3 el proceso de tramitaci\u00f3n compleja Mar\u00eda Trinidad S\u00e1nchez (RD), martes, 22 de octubre de 2024.&nbsp;A solicitud del Ministerio P\u00fablico, la Oficina Judicial de Servicios de Atenci\u00f3n Permanente de Mar\u00eda Trinidad S\u00e1nchez le [&hellip;]<\/p>\n","protected":false},"author":7,"featured_media":501160,"comment_status":"closed","ping_status":"closed","sticky":false,"template":"","format":"standard","meta":{"footnotes":""},"categories":[24],"tags":[],"class_list":["post-568528","post","type-post","status-publish","format-standard","has-post-thumbnail","hentry","category-justicia-y-derecho"],"_links":{"self":[{"href":"https:\/\/diariodominicano.com\/index.php?rest_route=\/wp\/v2\/posts\/568528","targetHints":{"allow":["GET"]}}],"collection":[{"href":"https:\/\/diariodominicano.com\/index.php?rest_route=\/wp\/v2\/posts"}],"about":[{"href":"https:\/\/diariodominicano.com\/index.php?rest_route=\/wp\/v2\/types\/post"}],"author":[{"embeddable":true,"href":"https:\/\/diariodominicano.com\/index.php?rest_route=\/wp\/v2\/users\/7"}],"replies":[{"embeddable":true,"href":"https:\/\/diariodominicano.com\/index.php?rest_route=%2Fwp%2Fv2%2Fcomments&post=568528"}],"version-history":[{"count":1,"href":"https:\/\/diariodominicano.com\/index.php?rest_route=\/wp\/v2\/posts\/568528\/revisions"}],"predecessor-version":[{"id":568534,"href":"https:\/\/diariodominicano.com\/index.php?rest_route=\/wp\/v2\/posts\/568528\/revisions\/568534"}],"wp:featuredmedia":[{"embeddable":true,"href":"https:\/\/diariodominicano.com\/index.php?rest_route=\/wp\/v2\/media\/501160"}],"wp:attachment":[{"href":"https:\/\/diariodominicano.com\/index.php?rest_route=%2Fwp%2Fv2%2Fmedia&parent=568528"}],"wp:term":[{"taxonomy":"category","embeddable":true,"href":"https:\/\/diariodominicano.com\/index.php?rest_route=%2Fwp%2Fv2%2Fcategories&post=568528"},{"taxonomy":"post_tag","embeddable":true,"href":"https:\/\/diariodominicano.com\/index.php?rest_route=%2Fwp%2Fv2%2Ftags&post=568528"}],"curies":[{"name":"wp","href":"https:\/\/api.w.org\/{rel}","templated":true}]}}