{"id":568448,"date":"2024-10-22T14:22:29","date_gmt":"2024-10-22T18:22:29","guid":{"rendered":"https:\/\/diariodominicano.com\/?p=568448"},"modified":"2024-10-22T21:44:48","modified_gmt":"2024-10-23T01:44:48","slug":"ministerio-publico-logra-tres-meses-de-prision-preventiva-en-contra-de-reconocido-infractor-de-la-ley-en-jarabacoa","status":"publish","type":"post","link":"https:\/\/diariodominicano.com\/?p=568448","title":{"rendered":"Imponen 3 meses de prisi\u00f3n preventiva a un hombre imputado  de asociaci\u00f3n de malhechores y amenazas de muerte"},"content":{"rendered":"\n<p>diariodominicano.com<\/p>\n\n\n\n<p><strong>Jarabacoa, R. D.,<\/strong>\u2002<strong>22 de<\/strong>\u2002<strong>octubre, 2024.-<\/strong>\u00a0 La Fiscal\u00eda de este distrito judicial logr\u00f3 la imposici\u00f3n de tres meses de prisi\u00f3n preventiva, como medida de coerci\u00f3n, en contra de un hombre a quien le imputa los delitos de asociaci\u00f3n de malhechores y amenazas de muerte.<\/p>\n\n\n\n<p>La procuradora fiscal titular de Jarabacoa, Viviana Mena, junto a los fiscales David A. Barrera y Wilton L. Hern\u00e1ndez, demostr\u00f3 ante la jueza Juana Patricia Silverio Mart\u00ednez, del Juzgado de Atenci\u00f3n Permanente de esta jurisdicci\u00f3n, la gravedad de los hechos cometidos por el imputado Juan de Mata Rodr\u00edguez, alias Tico, en contra de Jos\u00e9 Manuel Forres Gonz\u00e1lez, y Mar\u00eda Valentina Abreu Adames y los riesgos que constituyen para el proceso, la aplicaci\u00f3n de otra medida de coerci\u00f3n que no fuera la prisi\u00f3n preventiva.<\/p>\n\n\n\n<p>El \u00f3rgano persecutor de delito tambi\u00e9n logr\u00f3 que el tribunal le imponga, como medida de coerci\u00f3n, la presentaci\u00f3n peri\u00f3dica a Lorelaine Rodr\u00edguez S\u00e1nchez, compa\u00f1era sentimental de Mata Rodr\u00edguez, a quien le imputa el delito de tr\u00e1fico de drogas y sustancias controladas.<\/p>\n\n\n\n<p>La ma\u00f1ana del pasado 9 de octubre del a\u00f1o en curso, Forres Gonz\u00e1lez y Abreu Adames fueron notificados por F\u00e9lix Abreu, quien se encontraba trabajando en un propiedad de las v\u00edctimas, que al lugar&nbsp; se present\u00f3 el se\u00f1or Juan de Mata Rodr\u00edguez y otra persona identificada hasta el momento como Jensy, y que el primero de estos, de manera violenta y abrupta procedi\u00f3 a amenazarlo de muerte con el uso de un arma de fuego plateada intimid\u00e1ndoles y que ir\u00eda con un grupo m\u00e1s de hombres para que no continuaran trabajando en el terreno con la cerca de alambres.<\/p>\n\n\n\n<p>Ante dicha situaci\u00f3n Forres Gonz\u00e1lez y Abreu Adames procedieron a presentarse en el lugar, encontrando en el camino, pr\u00f3ximo al sector Los Corocitos, a De Mata Rodr\u00edguez, quien al percatarse que se trataba de las v\u00edctimas, les bloque\u00f3 el paso con la camioneta Toyota Hylux doble Cabina, color dorado, y al bajar el cristal, sac\u00f3 un arma de fuego y les amenaz\u00f3 de muerte.<\/p>\n\n\n\n<p>Tras la amenaza, las victimas llamaron a la Polic\u00eda, que se present\u00f3 al lugar y luego logr\u00f3 poner bajo arresto a De Mata Rodr\u00edguez, quien al momento de su detenci\u00f3n no portaba el arma de fuego con la que amenaz\u00f3 a ambas v\u00edctimas, por lo que Ministerio P\u00fablico, en la persona de la fiscal Viviana Mena, ejecut\u00f3 la orden de allanamiento emitida por un juez a la vivienda del imputado, en la que se encontraba su compa\u00f1era sentimental Lorelaine Rodr\u00edguez S\u00e1nchez.<\/p>\n\n\n\n<p>Al realizar el allanamiento, junto a la Direcci\u00f3n de Investigaciones Criminales (DICRIM) y a la Divisi\u00f3n de Investigaci\u00f3n de la Polic\u00eda Nacional en Jarabacoa, comandados por el Primer Teniente Orlando Fomerin Mej\u00eda, de tipo pu\u00f1al, tipo Banderita, color niquelada, con su baqueta color marr\u00f3n, de aproximadamente 12pulgadas, con el mango de colores negro- azul-verde-rojo y transparente, un cuaderno, marca Ofi-Nota, con la portada de un carro rojo y la Fusi\u00f3n, la cual contiene en su interior, n\u00fameros, nombres de Wi, coco, moly, tabaco, etc., los d\u00edas de la semana, que muestra aparente contabilidad de la venta de sustancias narc\u00f3ticas, una porci\u00f3n de un polvo blanco, presumiblemente Coca\u00edna, envuelta en recorte de funda pl\u00e1stica, color amarillo, con un peso aproximado de 1.5 gramos y en la marquesina de la vivienda, fue ocupado un gavetero de madera, color caoba, el cual conten\u00eda encima del mismo residuos de un polvo blanco, presumiblemente coca\u00edna, adem\u00e1s de autos y diversos celulares.<\/p>\n\n\n\n<p>De Mata cuenta con un prontuario delictivo donde figura con varios sometimientos judiciales por los delitos de asociaci\u00f3n de malhechores, robo y estafa, violaci\u00f3n de propiedad y amenaza.<\/p>\n\n\n\n<p>Por decisi\u00f3n del tribunal, De Mata Rodr\u00edguez cumplir\u00e1 la medida en la Fortaleza La Concepci\u00f3n de La Vega.<\/p>\n\n\n\n<p>En su presentaci\u00f3n, el Ministerio P\u00fablico le ha dado la calificaci\u00f3n jur\u00eddica provisional a las accione de De Mata Rodr\u00edguez, de violaci\u00f3n a los 265, 266, 307 del C\u00f3digo Penal Dominicano, que castiga la asociaci\u00f3n de malhechores para cometer un hecho y la amenaza de muerte.<\/p>\n\n\n\n<p>En el caso de Rodr\u00edguez S\u00e1nchez, la violaci\u00f3n a los art\u00edculos 4B, 5A, 28 y 75-1 de la Ley 50-88 sobre drogas y sustancias controladas..<\/p>\n\n\n\n<p><strong>Direcci\u00f3n General de Comunicaci\u00f3n, Prensa, y RRPP<\/strong><strong><\/strong><\/p>\n\n\n\n<p>Ministerio P\u00fablico.&nbsp;R.D.<\/p>\n\n\n\n<p>Martes, 22 de agosto de 2024<\/p>\n","protected":false},"excerpt":{"rendered":"<p>diariodominicano.com Jarabacoa, R. D.,\u200222 de\u2002octubre, 2024.-\u00a0 La Fiscal\u00eda de este distrito judicial logr\u00f3 la imposici\u00f3n de tres meses de prisi\u00f3n preventiva, como medida de coerci\u00f3n, en contra de un hombre a quien le imputa los delitos de asociaci\u00f3n de malhechores y amenazas de muerte. La procuradora fiscal titular de Jarabacoa, Viviana Mena, junto a los [&hellip;]<\/p>\n","protected":false},"author":5,"featured_media":568449,"comment_status":"closed","ping_status":"closed","sticky":true,"template":"","format":"standard","meta":{"footnotes":""},"categories":[24,27],"tags":[],"class_list":["post-568448","post","type-post","status-publish","format-standard","has-post-thumbnail","hentry","category-justicia-y-derecho","category-portada"],"_links":{"self":[{"href":"https:\/\/diariodominicano.com\/index.php?rest_route=\/wp\/v2\/posts\/568448","targetHints":{"allow":["GET"]}}],"collection":[{"href":"https:\/\/diariodominicano.com\/index.php?rest_route=\/wp\/v2\/posts"}],"about":[{"href":"https:\/\/diariodominicano.com\/index.php?rest_route=\/wp\/v2\/types\/post"}],"author":[{"embeddable":true,"href":"https:\/\/diariodominicano.com\/index.php?rest_route=\/wp\/v2\/users\/5"}],"replies":[{"embeddable":true,"href":"https:\/\/diariodominicano.com\/index.php?rest_route=%2Fwp%2Fv2%2Fcomments&post=568448"}],"version-history":[{"count":4,"href":"https:\/\/diariodominicano.com\/index.php?rest_route=\/wp\/v2\/posts\/568448\/revisions"}],"predecessor-version":[{"id":568467,"href":"https:\/\/diariodominicano.com\/index.php?rest_route=\/wp\/v2\/posts\/568448\/revisions\/568467"}],"wp:featuredmedia":[{"embeddable":true,"href":"https:\/\/diariodominicano.com\/index.php?rest_route=\/wp\/v2\/media\/568449"}],"wp:attachment":[{"href":"https:\/\/diariodominicano.com\/index.php?rest_route=%2Fwp%2Fv2%2Fmedia&parent=568448"}],"wp:term":[{"taxonomy":"category","embeddable":true,"href":"https:\/\/diariodominicano.com\/index.php?rest_route=%2Fwp%2Fv2%2Fcategories&post=568448"},{"taxonomy":"post_tag","embeddable":true,"href":"https:\/\/diariodominicano.com\/index.php?rest_route=%2Fwp%2Fv2%2Ftags&post=568448"}],"curies":[{"name":"wp","href":"https:\/\/api.w.org\/{rel}","templated":true}]}}