{"id":568391,"date":"2024-10-22T10:09:22","date_gmt":"2024-10-22T14:09:22","guid":{"rendered":"https:\/\/diariodominicano.com\/?p=568391"},"modified":"2024-10-22T10:21:33","modified_gmt":"2024-10-22T14:21:33","slug":"cooperacion-del-brics-no-esta-dirigida-contra-el-dolar-afirma-rusia","status":"publish","type":"post","link":"https:\/\/diariodominicano.com\/?p=568391","title":{"rendered":"Cooperaci\u00f3n del Brics no est\u00e1 dirigida contra el d\u00f3lar, afirma Rusia"},"content":{"rendered":"\n<p>Kaz\u00e1n, Rusia 22 oct (Prensa Latina) La cooperaci\u00f3n dentro del grupo Brics no est\u00e1 dirigida contra el d\u00f3lar u otras divisas, declar\u00f3 hoy el portavoz del Kremlin, Dmitri Peskov.<\/p>\n\n\n\n<ul class=\"wp-block-list\">\n<li><a href=\"https:\/\/www.prensa-latina.cu\/2024\/10\/22\/\"><time>octubre 22, 2024 | 08:55<\/time><\/a><\/li>\n<\/ul>\n\n\n\n<ul class=\"wp-block-list\">\n<li><a href=\"https:\/\/www.prensa-latina.cu\/2024\/10\/22\/cooperacion-del-brics-no-esta-dirigida-contra-el-dolar-afirma-rusia\/#\"><\/a><\/li>\n\n\n\n<li><a href=\"https:\/\/www.prensa-latina.cu\/2024\/10\/22\/cooperacion-del-brics-no-esta-dirigida-contra-el-dolar-afirma-rusia\/#\"><\/a><\/li>\n\n\n\n<li><a href=\"https:\/\/www.prensa-latina.cu\/2024\/10\/22\/cooperacion-del-brics-no-esta-dirigida-contra-el-dolar-afirma-rusia\/#\"><\/a><\/li>\n\n\n\n<li><a href=\"https:\/\/www.prensa-latina.cu\/2024\/10\/22\/cooperacion-del-brics-no-esta-dirigida-contra-el-dolar-afirma-rusia\/#\"><\/a><\/li>\n<\/ul>\n\n\n\n<p><a href=\"https:\/\/www.prensa-latina.cu\/2024\/10\/22\/paises-brics-aumentan-pagos-en-monedas-nacionales-afirma-putin\/\">Pa\u00edses Brics aumentan pagos en monedas nacionales, afirma Putin<\/a><\/p>\n\n\n\n<p><a href=\"https:\/\/www.prensa-latina.cu\/2024\/10\/22\/rusia-cumbre-de-brics-transcurrira-sin-adhesion-de-nuevos-miembros\/\">Rusia: cumbre de Brics transcurrir\u00e1 sin adhesi\u00f3n de nuevos miembros<\/a><\/p>\n\n\n\n<p><a href=\"https:\/\/www.prensa-latina.cu\/2024\/10\/22\/sesiona-en-ciudad-rusa-de-kazan-xvi-cumbre-del-brics\/\">Sesiona en ciudad rusa de Kaz\u00e1n XVI Cumbre del Brics<\/a><\/p>\n\n\n\n<p>Seg\u00fan manifest\u00f3 el vocero este martes a la prensa, al comentar una publicaci\u00f3n del diario The Economist sobre un supuesto plan para derrotar al d\u00f3lar en la cumbre de los Brics de Kaz\u00e1n, la cooperaci\u00f3n dentro del grupo no est\u00e1 orientada contra nadie ni nada, ni contra el d\u00f3lar, ni otras divisas. Rusia asumi\u00f3 el pasado 1 de enero la presidencia rotatoria de los Brics para 2024, a\u00f1o que empez\u00f3 con la admisi\u00f3n de nuevos miembros.<\/p>\n\n\n\n<p>El bloque, compuesto inicialmente por Brasil, Rusia, India, China y Sud\u00e1frica, se extendi\u00f3 con la entrada de Arabia Saudita, Egipto, Emiratos \u00c1rabes Unidos, Etiop\u00eda e Ir\u00e1n el 1 de enero de 2024.<\/p>\n\n\n\n<p>Ahora el grupo representa a casi la mitad de la poblaci\u00f3n mundial, el 40 por ciento de la producci\u00f3n global de petr\u00f3leo y alrededor del 25 por ciento de la exportaci\u00f3n de bienes.<\/p>\n\n\n\n<p>La XVI Cumbre de los BRICS tiene lugar en la ciudad de Kaz\u00e1n del 22 al 24 de octubre.<\/p>\n\n\n\n<p>El asesor del presidente ruso para asuntos internacionales Yuri Ushakov considera que la cumbre de los BRICS en Kaz\u00e1n ser\u00e1 el mayor foro de pol\u00edtica exterior celebrado jam\u00e1s en Rusia. Unos 34 pa\u00edses, seg\u00fan \u00e9l, desean unirse al grupo o cooperar de alguna forma con \u00e9l.<\/p>\n\n\n\n<p>car\/gfa<\/p>\n\n\n\n<ul class=\"wp-block-list\">\n<li>#<a href=\"https:\/\/www.prensa-latina.cu\/etiqueta\/brics\/\">brics<\/a>\u00a0#<a href=\"https:\/\/www.prensa-latina.cu\/etiqueta\/cumbre\/\">cumbre<\/a>\u00a0#<a href=\"https:\/\/www.prensa-latina.cu\/etiqueta\/dirigida\/\">dirigida<\/a>\u00a0#<a href=\"https:\/\/www.prensa-latina.cu\/etiqueta\/no\/\">no<\/a>\u00a0#<a href=\"https:\/\/www.prensa-latina.cu\/etiqueta\/rusia\/\">Rusia<\/a><\/li>\n<\/ul>\n\n\n\n<p><\/p>\n\n\n\n<p>#Diariodominicano.com<\/p>\n\n\n\n<p><\/p>\n","protected":false},"excerpt":{"rendered":"<p>Kaz\u00e1n, Rusia 22 oct (Prensa Latina) La cooperaci\u00f3n dentro del grupo Brics no est\u00e1 dirigida contra el d\u00f3lar u otras divisas, declar\u00f3 hoy el portavoz del Kremlin, Dmitri Peskov. Pa\u00edses Brics aumentan pagos en monedas nacionales, afirma Putin Rusia: cumbre de Brics transcurrir\u00e1 sin adhesi\u00f3n de nuevos miembros Sesiona en ciudad rusa de Kaz\u00e1n XVI [&hellip;]<\/p>\n","protected":false},"author":28,"featured_media":568392,"comment_status":"closed","ping_status":"closed","sticky":false,"template":"","format":"standard","meta":{"footnotes":""},"categories":[18,23,27],"tags":[],"class_list":["post-568391","post","type-post","status-publish","format-standard","has-post-thumbnail","hentry","category-economia","category-internacional","category-portada"],"_links":{"self":[{"href":"https:\/\/diariodominicano.com\/index.php?rest_route=\/wp\/v2\/posts\/568391","targetHints":{"allow":["GET"]}}],"collection":[{"href":"https:\/\/diariodominicano.com\/index.php?rest_route=\/wp\/v2\/posts"}],"about":[{"href":"https:\/\/diariodominicano.com\/index.php?rest_route=\/wp\/v2\/types\/post"}],"author":[{"embeddable":true,"href":"https:\/\/diariodominicano.com\/index.php?rest_route=\/wp\/v2\/users\/28"}],"replies":[{"embeddable":true,"href":"https:\/\/diariodominicano.com\/index.php?rest_route=%2Fwp%2Fv2%2Fcomments&post=568391"}],"version-history":[{"count":3,"href":"https:\/\/diariodominicano.com\/index.php?rest_route=\/wp\/v2\/posts\/568391\/revisions"}],"predecessor-version":[{"id":568397,"href":"https:\/\/diariodominicano.com\/index.php?rest_route=\/wp\/v2\/posts\/568391\/revisions\/568397"}],"wp:featuredmedia":[{"embeddable":true,"href":"https:\/\/diariodominicano.com\/index.php?rest_route=\/wp\/v2\/media\/568392"}],"wp:attachment":[{"href":"https:\/\/diariodominicano.com\/index.php?rest_route=%2Fwp%2Fv2%2Fmedia&parent=568391"}],"wp:term":[{"taxonomy":"category","embeddable":true,"href":"https:\/\/diariodominicano.com\/index.php?rest_route=%2Fwp%2Fv2%2Fcategories&post=568391"},{"taxonomy":"post_tag","embeddable":true,"href":"https:\/\/diariodominicano.com\/index.php?rest_route=%2Fwp%2Fv2%2Ftags&post=568391"}],"curies":[{"name":"wp","href":"https:\/\/api.w.org\/{rel}","templated":true}]}}