{"id":568386,"date":"2024-10-22T10:01:12","date_gmt":"2024-10-22T14:01:12","guid":{"rendered":"https:\/\/diariodominicano.com\/?p=568386"},"modified":"2024-10-22T10:01:54","modified_gmt":"2024-10-22T14:01:54","slug":"cinco-exministros-del-petroleo-venezolano-estan-encarcelados-o-los-busca-la-justicia","status":"publish","type":"post","link":"https:\/\/diariodominicano.com\/?p=568386","title":{"rendered":"Cinco exministros del petr\u00f3leo venezolano est\u00e1n encarcelados o los busca la justicia"},"content":{"rendered":"\n<p>ARCHIVO &#8211; El exministro petrolero venezolano Pedro Tellechea, en el centro, participa en un mitin junto al presidente del parlamento y dirigente del chavismo, Jorge Rodr\u00edguez, a su izquierda, en Caracas, el 25 de marzo de 2023.<\/p>\n\n\n\n<p>octubre 22, 2024<\/p>\n\n\n\n<ul class=\"wp-block-list\">\n<li><a href=\"https:\/\/www.vozdeamerica.com\/author\/voz-de-america-redaccion\/p_kym\">Voz de Am\u00e9rica &#8211; Redacci\u00f3n<\/a><\/li>\n\n\n\n<li><\/li>\n<\/ul>\n\n\n\n<p><a href=\"https:\/\/www.vozdeamerica.com\/a\/chavismo-ministros-petroleo-pdvsa-arrestados-buscados-exilio-ramirez-el-aissami-tellechea-del-pino-2017-venezuela-\/7830903.html#comments\">&nbsp;Vea comentarios<\/a><\/p>\n\n\n\n<p>El exministro venezolano de Petr\u00f3leo, Pedro Tellechea, ya es el quinto titular de esa cartera clave en ser detenido y acusado por la Justicia en el pa\u00eds suramericano. Uno de ellos muri\u00f3 bajo custodia del Estado y otro vive en el exilio. \u00bfQui\u00e9nes son y donde se encuentran?<\/p>\n\n\n\n<p>Con su detenci\u00f3n, el exministro de petr\u00f3leo y expresidente de la estatal Petr\u00f3leos de Venezuela, Pedro Tellechea, se convirti\u00f3 en el quinto titular de esa cartera en ser depuesto y acusado por la Justicia durante los gobiernos del chavismo en el pa\u00eds suramericano.<\/p>\n\n\n\n<p>Funcionarios policiales y de los servicios de inteligencia y contrainteligencia militar han arrestado desde 2017 a otros cuatro extitulares de ese ministerio, que dirigieron ese sector econ\u00f3mico clave por los \u00faltimos 20 a\u00f1os.<\/p>\n\n\n\n<p>Ese ministerio es uno de los cargos con mayor influencia econ\u00f3mica y pol\u00edtica en el pa\u00eds. La estatal empresa Petr\u00f3leos de Venezuela PDVSA sol\u00eda aportar m\u00e1s del 90 % de las divisas al producto interno bruto venezolano hasta la primera d\u00e9cada del siglo XXI. Ese porcentaje cay\u00f3 hasta poco m\u00e1s del 10 % del PIB a ra\u00edz de la crisis de la industria y las sanciones econ\u00f3micas sobre Caracas, seg\u00fan estimaciones independientes.<\/p>\n\n\n\n<p><a href=\"https:\/\/www.vozdeamerica.com\/a\/venezuela-arrestan-a-exministro-de-petroleo-e-industrias-de-venezuela-\/7830415.html\"><\/a><\/p>\n\n\n\n<p><a href=\"https:\/\/www.vozdeamerica.com\/a\/venezuela-arrestan-a-exministro-de-petroleo-e-industrias-de-venezuela-\/7830415.html\">Tambi\u00e9n lea<\/a><\/p>\n\n\n\n<h4 class=\"wp-block-heading\"><a href=\"https:\/\/www.vozdeamerica.com\/a\/venezuela-arrestan-a-exministro-de-petroleo-e-industrias-de-venezuela-\/7830415.html\">Venezuela: arrestan a exministro de Petr\u00f3leo e Industrias por \u00abgraves delitos\u00bb<\/a><\/h4>\n\n\n\n<p>Delcy Rodr\u00edguez, vicepresidenta del gobierno de Maduro y hermana del presidente del parlamento venezolano, Jorge Rodr\u00edguez, est\u00e1 encargada del ministerio petrolero desde septiembre, en sustituci\u00f3n de Tellechea.<\/p>\n\n\n\n<p>Uno de los exzares petroleros de Venezuela detenidos incluso falleci\u00f3 bajo custodia del Estado, por alguna complicaci\u00f3n de salud no pormenorizada, seg\u00fan versiones oficiales. Otro se encuentra en el exilio.<\/p>\n\n\n\n<p>La&nbsp;<strong><em>Voz de Am\u00e9rica<\/em><\/strong>&nbsp;repasa sus casos y perfiles a continuaci\u00f3n:<\/p>\n\n\n\n<h3 class=\"wp-block-heading\">1. Rafael Ram\u00edrez (2004-2014)<\/h3>\n\n\n\n<figure class=\"wp-block-image\"><img decoding=\"async\" src=\"https:\/\/gdb.voanews.com\/5e925f91-4bc0-47c3-a092-75f44bd20953_w250_r1_s.jpg\" alt=\"ARCHIVO - Fotograf\u00eda de archivo del exministro venezolano Rafael Ram\u00edrez, tomada en Nueva York el 25 de febrero de 2016.\"\/><figcaption class=\"wp-element-caption\">ARCHIVO &#8211; Fotograf\u00eda de archivo del exministro venezolano Rafael Ram\u00edrez, tomada en Nueva York el 25 de febrero de 2016.<\/figcaption><\/figure>\n\n\n\n<p>Ejerci\u00f3 11 a\u00f1os como ministro de Energ\u00eda y Minas y fungi\u00f3 durante una d\u00e9cada como presidente de Petr\u00f3leos de Venezuela entre los gobiernos de Hugo Ch\u00e1vez Fr\u00edas y Nicol\u00e1s Maduro.<\/p>\n\n\n\n<p>Directivo del Partido Socialista Unido de Venezuela, Ram\u00edrez ejerci\u00f3 adem\u00e1s como canciller por unos meses, en 2014, antes de ser designado por el oficialismo como embajador ante Naciones Unidas. Ocup\u00f3 el cargo hasta 2017, cuando dijo haber sido removido por sus \u201copiniones\u201d sobre el chavismo tras la muerte de su l\u00edder Ch\u00e1vez.<\/p>\n\n\n\n<p>A Ram\u00edrez se le atribuyen las negociaciones petroleras para las operaciones en la Faja del Orinoco, que Ch\u00e1vez quiso convertir en la joya de la corona de la industria venezolana. Era considerado uno de los jerarcas del chavismo hasta su remoci\u00f3n de la ONU.<\/p>\n\n\n\n<p>Una comisi\u00f3n del Parlamento electo en 2015, de mayor\u00eda opositora, lo acus\u00f3 en 2016 de liderar una trama de corrupci\u00f3n que gener\u00f3 da\u00f1os patrimoniales de m\u00e1s de 11.000 millones de d\u00f3lares. El chavismo institucional se sum\u00f3 de forma independiente a la acusaci\u00f3n.<\/p>\n\n\n\n<p>En 2022, el entonces ministro de petr\u00f3leo y hoy detenido por la justicia, Tareck El Aissami, acus\u00f3 a Ram\u00edrez de malversar al menos 5.000 millones de d\u00f3lares cuando presidi\u00f3 PDVSA.<\/p>\n\n\n\n<p>Dos d\u00edas despu\u00e9s, el fiscal general Tarek William Saab confirm\u00f3 que&nbsp;<em><strong><a href=\"https:\/\/www.vozdeamerica.com\/a\/fiscal-venezuela-pide-extradicion-rafael-ramirez-\/7037724.html\" target=\"_blank\" rel=\"noreferrer noopener\">se le buscaba por varios cargos<\/a><\/strong><\/em>, entre ellos malversaci\u00f3n, lavado de capitales y asociaci\u00f3n delictiva.<\/p>\n\n\n\n<p>Ram\u00edrez se encuentra en el exilio en Europa y, desde all\u00ed, son comunes sus denuncias de que el gobierno de Maduro ha cometido \u201cdesviaciones\u201d pol\u00edticas y constitucionales hasta \u201cdejar de ser socialista y mucho menos chavista\u201d. En 2022, llam\u00f3 a revocar al presidente Maduro. Meses despu\u00e9s, el fiscal Saab reclam\u00f3 su extradici\u00f3n desde Italia hacia Venezuela.<\/p>\n\n\n\n<h3 class=\"wp-block-heading\">2. Eulogio Del Pino (2014-2017)<\/h3>\n\n\n\n<figure class=\"wp-block-image\"><img decoding=\"async\" src=\"https:\/\/gdb.voanews.com\/789fa0ca-3cca-4732-873f-6aafe151c01e_w250_r1_s.jpg\" alt=\"Fotograf\u00eda de archivo del exministro venezolano Eulogio del Pino en una reuni\u00f3n de la OPEP, el 30 de noviembre de 2016.\"\/><figcaption class=\"wp-element-caption\">Fotograf\u00eda de archivo del exministro venezolano Eulogio del Pino en una reuni\u00f3n de la OPEP, el 30 de noviembre de 2016.<\/figcaption><\/figure>\n\n\n\n<p>Ocup\u00f3 el liderazgo del ministerio de petr\u00f3leo de Venezuela por tres a\u00f1os durante el gobierno de Nicol\u00e1s Maduro. Lleg\u00f3 a encargarse al un\u00edsono de la presidencia de PDVSA.<\/p>\n\n\n\n<p>El fiscal general Tarek William Saab confirm\u00f3 la detenci\u00f3n de Del Pino en diciembre de 2017 por su presunta vinculaci\u00f3n con el \u201csabotaje\u201d de la empresa mixta de capital venezolano y ruso Petro Zamora, en el occidente del pa\u00eds, que registr\u00f3 p\u00e9rdidas estimadas de 15 millones de barriles entre 2015 y 2017, seg\u00fan precis\u00f3 el funcionario a la prensa.<\/p>\n\n\n\n<p>La versi\u00f3n del fiscal denunciaba que Del Pino hab\u00eda alterado cifras de producci\u00f3n petrolera y participado en operaciones corruptas que causaron da\u00f1os patrimoniales de m\u00e1s de 500 millones de d\u00f3lares.<\/p>\n\n\n\n<p>De acuerdo con Saab, exgerentes detenidos de la filial venezolana Citgo lo acusaron de estar involucrado en esos actos de corrupci\u00f3n. Entre los delitos que se le imputaron en 2021, se contaban el peculado doloso y la obstrucci\u00f3n a la libertad de comercio.<\/p>\n\n\n\n<h3 class=\"wp-block-heading\">3. Nelson Mart\u00ednez (2017)<\/h3>\n\n\n\n<figure class=\"wp-block-image\"><img decoding=\"async\" src=\"https:\/\/gdb.voanews.com\/12a9dc27-2336-43da-9bc6-27a29e99587e_cx24_cy7_cw65_w250_r1_s.jpg\" alt=\"ARCHIVO - El exministro petrolero Nelson Mart\u00ednez, a la derecha, recibe al presidente iran\u00ed Hassan Rouhani junto a la vicepresidenta Delcy Rodr\u00edguez, en Caracas, el 8 de febrero de 2017.\"\/><figcaption class=\"wp-element-caption\">ARCHIVO &#8211; El exministro petrolero Nelson Mart\u00ednez, a la derecha, recibe al presidente iran\u00ed Hassan Rouhani junto a la vicepresidenta Delcy Rodr\u00edguez, en Caracas, el 8 de febrero de 2017.<\/figcaption><\/figure>\n\n\n\n<p>Con amplios estudios de qu\u00edmica, f\u00edsica y administraci\u00f3n tecnol\u00f3gica en Venezuela, Francia, Reino Unido y Estados Unidos, Mart\u00ednez encabez\u00f3 el ministerio venezolano de Petr\u00f3leo por apenas 8 meses, entre enero y agosto de 2017, antes de ser separado del cargo.<\/p>\n\n\n\n<p>En diciembre, fue detenido en la misma operaci\u00f3n donde result\u00f3 aprehendido el tambi\u00e9n exministro de petr\u00f3leo Eulogio Del Pino. Se le acus\u00f3 tambi\u00e9n de falsificar cifras de producci\u00f3n, contratos ilegales y actuar \u201ccontra los bienes de la Rep\u00fablica\u201d.<\/p>\n\n\n\n<p>Se le mantuvo encarcelado en la sede de la Direcci\u00f3n General de Contrainteligencia Militar en Caracas. Bajo custodia del Estado venezolano,&nbsp;<em><strong><a href=\"https:\/\/www.vozdeamerica.com\/a\/venezuela-muere-en-custodia-exdirector-de-pdvsa-vinculado-a-trama-de-corrupcion-de-tareck-el-aissami\/7574277.html\" target=\"_blank\" rel=\"noreferrer noopener\">muri\u00f3 por empeoramiento de \u201cuna grave enfermedad cr\u00f3nica\u201d<\/a><\/strong><\/em>, seg\u00fan el Ministerio P\u00fablico. Diosdado Cabello, directivo del partido de gobierno, detall\u00f3 que falleci\u00f3 por problemas card\u00edacos.<\/p>\n\n\n\n<h3 class=\"wp-block-heading\">4. Tareck El Aissami (2020-2023)<\/h3>\n\n\n\n<figure class=\"wp-block-image\"><img decoding=\"async\" src=\"https:\/\/gdb.voanews.com\/3cd32265-3713-4da2-b914-ae7b94a0bf42_w250_r1_s.jpg\" alt=\"ARCHIVO - El exministro petrolero venezolano Tareck El Aissami visita el museo dedicado al expresidente Hugo Ch\u00e1vez, en Caracas, el 15 de marzo de 2023.\"\/><figcaption class=\"wp-element-caption\">ARCHIVO &#8211; El exministro petrolero venezolano Tareck El Aissami visita el museo dedicado al expresidente Hugo Ch\u00e1vez, en Caracas, el 15 de marzo de 2023.<\/figcaption><\/figure>\n\n\n\n<p>Abogado y pol\u00edtico de ascendencia siria y libanesa, Tareck El Aissami ocup\u00f3 el ministerio de petr\u00f3leo de Venezuela entre abril de 2020 y marzo de 2023, cuando se denunci\u00f3 la existencia de una trama de corrupci\u00f3n en la industria nacional de hidrocarburos.<\/p>\n\n\n\n<p>Fue diputado y gobernador del estado Aragua, con el apoyo del Partido Socialista Unido de Venezuela. Tambi\u00e9n, ejerci\u00f3 como vicepresidente y mano derecha del \u00e1rea econ\u00f3mica del presidente Nicol\u00e1s Maduro. Fue sancionado en 2017 por el gobierno de Estados Unidos por su presunta participaci\u00f3n en lavado de capitales y narcotr\u00e1fico internacional.<\/p>\n\n\n\n<p>El fiscal general Saab confirm\u00f3 su detenci\u00f3n este mes en Caracas y lo acus\u00f3 de liderar operaciones corruptas, que inclu\u00edan la alteraci\u00f3n del tipo de cambio del pa\u00eds para lucrarse. Tambi\u00e9n, lo acus\u00f3 de tener v\u00ednculos con una \u201cmafia\u201d pol\u00edtica residente en EEUU.<\/p>\n\n\n\n<p>Junto al exministro Sim\u00f3n Zerpa y el empresario Samark L\u00f3pez, El Aissami&nbsp;<em><strong><a href=\"https:\/\/www.vozdeamerica.com\/a\/fiscal%C3%ADa-de-venezuela-anuncia-detencion-de-dos-exministros-tareck-el-aissami-y-simon-zerpa\/7563030.html\" target=\"_blank\" rel=\"noreferrer noopener\">fue acusado por la presunta comisi\u00f3n de los delitos&nbsp;<\/a><\/strong><\/em>de traici\u00f3n a la patria, apropiaci\u00f3n del patrimonio p\u00fablico, valimiento de relaciones o influencias, legitimaci\u00f3n de capitales y asociaci\u00f3n.<\/p>\n\n\n\n<h3 class=\"wp-block-heading\">5. Pedro Tellechea (2023-2024)<\/h3>\n\n\n\n<figure class=\"wp-block-image\"><img decoding=\"async\" src=\"https:\/\/gdb.voanews.com\/2444ad93-c106-4d4f-98a4-438c7b25b5f0_w250_r1_s.jpg\" alt=\"ARCHIVO - El exministro venezolano Pedro Tellechea habla a la prensa en Caracas el 24 de mayo de 2024.\"\/><figcaption class=\"wp-element-caption\">ARCHIVO &#8211; El exministro venezolano Pedro Tellechea habla a la prensa en Caracas el 24 de mayo de 2024.<\/figcaption><\/figure>\n\n\n\n<p>Pedro Tellecha es un coronel venezolano, licenciado en ciencias y artes militares de la Academia Militar del pa\u00eds. Es ingeniero mec\u00e1nico especializado en finanzas p\u00fablicas en la Universidad Santa Mar\u00eda.<\/p>\n\n\n\n<p>Lider\u00f3 la estatal Petroqu\u00edmica de Venezuela (Pequiv\u00e9n), una filial de PDVSA, hasta que el presidente Nicol\u00e1s Maduro lo nombr\u00f3 en 2023 presidente de la empresa petrolera y ministro de esa cartera en sustituci\u00f3n de Tareck El Aissami, detenido por corrupci\u00f3n.<\/p>\n\n\n\n<p>Tellechea tambi\u00e9n encabez\u00f3 la retoma de control de Mon\u00f3meros, en Colombia, por parte del gobierno de Maduro, luego de que esa empresa la gerenciaran por 3 a\u00f1os funcionarios designados por la oposici\u00f3n venezolana con la venia del expresidente Iv\u00e1n Duque.<\/p>\n\n\n\n<p>Fue gerente general de la empresa mixta Metanol de Oriente. Presidi\u00f3 la Industria Venezolana de Aluminio (CVG Venalum).<\/p>\n\n\n\n<p>Tras dejar la cartera petrolera, Maduro lo nombr\u00f3 ministro de Industria y Producci\u00f3n Nacional. S\u00f3lo estuvo dos meses en el cargo hasta que el presidente venezolano lo sustituy\u00f3 con Alex Saab, empresario colombiano que estuvo detenido en Estados Unidos.<\/p>\n\n\n\n<p><em><strong><a href=\"https:\/\/www.vozdeamerica.com\/a\/venezuela-arrestan-a-exministro-de-petroleo-e-industrias-de-venezuela-\/7830415.html\" target=\"_blank\" rel=\"noreferrer noopener\">La fiscal\u00eda venezolana lo acus\u00f3&nbsp;<\/a><\/strong><\/em>este lunes de presuntamente haber cometido \u201cgraves delitos que atentan contra los m\u00e1s altos intereses de la naci\u00f3n\u201d, asegurando que habr\u00eda entregado \u201cel Sistema de Control y Mando Automatizado, conocido como cerebro de PDVSA\u201d a una empresa supuestamente controlada por los servicios de inteligencia de EEUU.<\/p>\n\n\n\n<p><strong><em>\u00a1Con\u00e9ctate con la Voz d<\/em><\/strong><\/p>\n","protected":false},"excerpt":{"rendered":"<p>ARCHIVO &#8211; El exministro petrolero venezolano Pedro Tellechea, en el centro, participa en un mitin junto al presidente del parlamento y dirigente del chavismo, Jorge Rodr\u00edguez, a su izquierda, en Caracas, el 25 de marzo de 2023. octubre 22, 2024 &nbsp;Vea comentarios El exministro venezolano de Petr\u00f3leo, Pedro Tellechea, ya es el quinto titular de [&hellip;]<\/p>\n","protected":false},"author":28,"featured_media":568387,"comment_status":"closed","ping_status":"closed","sticky":false,"template":"","format":"standard","meta":{"footnotes":""},"categories":[23,24],"tags":[],"class_list":["post-568386","post","type-post","status-publish","format-standard","has-post-thumbnail","hentry","category-internacional","category-justicia-y-derecho"],"_links":{"self":[{"href":"https:\/\/diariodominicano.com\/index.php?rest_route=\/wp\/v2\/posts\/568386","targetHints":{"allow":["GET"]}}],"collection":[{"href":"https:\/\/diariodominicano.com\/index.php?rest_route=\/wp\/v2\/posts"}],"about":[{"href":"https:\/\/diariodominicano.com\/index.php?rest_route=\/wp\/v2\/types\/post"}],"author":[{"embeddable":true,"href":"https:\/\/diariodominicano.com\/index.php?rest_route=\/wp\/v2\/users\/28"}],"replies":[{"embeddable":true,"href":"https:\/\/diariodominicano.com\/index.php?rest_route=%2Fwp%2Fv2%2Fcomments&post=568386"}],"version-history":[{"count":2,"href":"https:\/\/diariodominicano.com\/index.php?rest_route=\/wp\/v2\/posts\/568386\/revisions"}],"predecessor-version":[{"id":568390,"href":"https:\/\/diariodominicano.com\/index.php?rest_route=\/wp\/v2\/posts\/568386\/revisions\/568390"}],"wp:featuredmedia":[{"embeddable":true,"href":"https:\/\/diariodominicano.com\/index.php?rest_route=\/wp\/v2\/media\/568387"}],"wp:attachment":[{"href":"https:\/\/diariodominicano.com\/index.php?rest_route=%2Fwp%2Fv2%2Fmedia&parent=568386"}],"wp:term":[{"taxonomy":"category","embeddable":true,"href":"https:\/\/diariodominicano.com\/index.php?rest_route=%2Fwp%2Fv2%2Fcategories&post=568386"},{"taxonomy":"post_tag","embeddable":true,"href":"https:\/\/diariodominicano.com\/index.php?rest_route=%2Fwp%2Fv2%2Ftags&post=568386"}],"curies":[{"name":"wp","href":"https:\/\/api.w.org\/{rel}","templated":true}]}}