{"id":568291,"date":"2024-10-22T01:43:52","date_gmt":"2024-10-22T05:43:52","guid":{"rendered":"https:\/\/diariodominicano.com\/?p=568291"},"modified":"2024-10-22T02:54:47","modified_gmt":"2024-10-22T06:54:47","slug":"cop16-caf-anuncia-un-programa-de-usd-300-millones-para-proteger-la-biodiversidad-de-america-latina-y-el-caribe","status":"publish","type":"post","link":"https:\/\/diariodominicano.com\/?p=568291","title":{"rendered":"COP16: CAF anuncia un programa de USD 300 millones para proteger la biodiversidad de Am\u00e9rica Latina y el Caribe"},"content":{"rendered":"\n<p><em>En la inauguraci\u00f3n del Pabell\u00f3n de Am\u00e9rica Latina y el Caribe en la COP16 de Cali, CAF anunci\u00f3 un programa de USD 300 millones para&nbsp;<\/em><em>conservar y restaurar los ecosistemas estrat\u00e9gicos clave de la regi\u00f3n,&nbsp;<\/em><em>como&nbsp;<\/em><em>la Amazon\u00eda, los bosques Atl\u00e1nticos, el Pantanal, el Chaco, la Patagonia, la Ant\u00e1rtida y la Corriente de Humboldt, entre otros. El proyecto tambi\u00e9n&nbsp;<\/em><em>movilizar\u00e1 m\u00e1s recursos financieros y mejorar\u00e1 la articulaci\u00f3n entre gobiernos locales, sector privado y sociedad civil.<\/em><\/p>\n\n\n\n<p>El lanzamiento de este programa, que cont\u00f3 con la presencia de la vicepresidenta de Colombia, Francia M\u00e1rquez, de la&nbsp;ministra de la Igualdad Racial de Brasil, Anielle Franco, y de Sergio&nbsp;D\u00edaz-Granados, presidente ejecutivo de CAF, se produjo en el Pabell\u00f3n de Am\u00e9rica Latina y el Caribe en la COP16, llamado #LaBiodiversidadNosUne, un espacio abierto a gobiernos, representantes del sector privado, instituciones cient\u00edficas, ONGs, comunidades locales y pueblos ind\u00edgenas y afro de toda la regi\u00f3n.&nbsp;<\/p>\n\n\n\n<figure class=\"wp-block-image is-resized\"><img decoding=\"async\" src=\"https:\/\/diariodominicano.com\/wp-content\/uploads\/2024\/10\/Pabellon-CAF-Vicepresidenta-1024x684.jpg\" alt=\"\" style=\"width:616px;height:auto\"\/><\/figure>\n\n\n\n<p>\u201cLos ojos de la regi\u00f3n y del mundo est\u00e1n puestos en Cali. Los acuerdos que alcancemos, las alianzas que construyamos y las acciones que emprendamos, van a darle forma al futuro. Estos 300 millones de d\u00f3lares son tan solo el comienzo, pues vamos a ofrecer una herramienta de identificaci\u00f3n de proyectos de calidad para canalizar recursos de donaci\u00f3n y financiamiento, lo que incentivar\u00e1 nuevas inversiones para proteger la biodiversidad en nuestros pa\u00edses\u201d, dijo el presidente ejecutivo de CAF, Sergio D\u00edaz-Granados.&nbsp;<\/p>\n\n\n\n<p>En su intervenci\u00f3n, Francia M\u00e1rquez dijo que \u201cdesde aqu\u00ed mandamos un mensaje de paz, esa paz tan anhelada. Nos honramos, los que somos de esta regi\u00f3n del Pac\u00edfico, de darles la bienvenida. Y no es solo las especies, sino tambi\u00e9n su gente. Gente que, a pesar de haber estado de rodillas, se levanta y camina. Esta tambi\u00e9n es una regi\u00f3n que ha padecido el conflicto armado y la violencia desproporcionada\u201d.<\/p>\n\n\n\n<p>Por su parte, Anielle Franco mencion\u00f3 el programa Pueblos Afrodescendientes de las Am\u00e9ricas, una articulaci\u00f3n construida con comunidades afro-rurales para materializar acciones concretas de mejora de vida para nuestros pueblos, reconociendo los desaf\u00edos hist\u00f3ricos y las vulnerabilidades socioambientales enfrentadas por los pueblos afrodescendientes.<\/p>\n\n\n\n<p>\u201cMuchas veces las personas no entienden para qu\u00e9 sirven los documentos que firmamos, como los protocolos de intenci\u00f3n y los memorandos de entendimiento. Pero eso era una semilla que est\u00e1bamos plantando y que hoy estamos viendo florecer. Brasil y Colombia implementan este programa regional con el objetivo de enfrentar las desigualdades raciales y socioambientales que afectan a estos pueblos y comunidades hist\u00f3ricamente excluidos y marginalizados\u201d, dijo Franco.<\/p>\n\n\n\n<p>Como precedentes del fondo est\u00e1 la firma, en agosto del 2024, de una l\u00ednea de cr\u00e9dito de CAF con BBVA Colombia por 50 millones de d\u00f3lares para financiar operaciones locales de cr\u00e9dito que impliquen acciones de conservaci\u00f3n, restauraci\u00f3n, regeneraci\u00f3n y uso sostenible de los ecosistemas estrat\u00e9gicos en Colombia.<\/p>\n\n\n\n<p>Y m\u00e1s recientemente, en El Salvador, CAF particip\u00f3, junto a otros socios, en la conversi\u00f3n de deuda por naturaleza m\u00e1s grande de la historia para la conservaci\u00f3n de cuencas, concretamente en la regi\u00f3n del R\u00edo Lempa. La recompra de m\u00e1s de 1.000 millones de d\u00f3lares de bonos financiar\u00e1 la conservaci\u00f3n, la seguridad h\u00eddrica y la restauraci\u00f3n de ecosistemas.&nbsp;<\/p>\n\n\n\n<figure class=\"wp-block-image\"><img decoding=\"async\" src=\"https:\/\/diariodominicano.com\/wp-content\/uploads\/2024\/10\/Pabellon_CAF_Sergio_Diaz_Granados-1024x684.jpg\" alt=\"\"\/><\/figure>\n\n\n\n<p><strong>Pabell\u00f3n de Am\u00e9rica Latina y el Caribe en la COP16&nbsp;<\/strong><\/p>\n\n\n\n<p>El Pabell\u00f3n de Am\u00e9rica Latina y el Caribe en la COP16, organizado por CAF,&nbsp;pondr\u00e1 en el mapa mundial el potencial de la regi\u00f3n para liderar la conservaci\u00f3n de la biodiversidad, impulsar la acci\u00f3n clim\u00e1tica con sus exuberantes ecosistemas, dar valor a los saberes ancestrales y promover el desarrollo de la econom\u00eda azul.<\/p>\n\n\n\n<p>Durante las dos semanas de la COP16, el pabell\u00f3n debatir\u00e1 los principales temas ambientales que afectan a la regi\u00f3n, entre los que destacan los siguientes:<\/p>\n\n\n\n<p>\u00b7&nbsp;<strong>Ecosistemas estrat\u00e9gicos y c\u00f3mo innovamos para financiar su protecci\u00f3n<\/strong>. Los grandes ecosistemas de Am\u00e9rica Latina y el Caribe no reconocen fronteras, por lo que su preservaci\u00f3n requiere una mayor integraci\u00f3n regional y una visi\u00f3n ambiental integral. Proteger El Cerrado, en Brasil, es garantizar la sostenibilidad en la regi\u00f3n Tumbes-Choc\u00f3-Magdalena. La sostenibilidad del corredor biol\u00f3gico mesoamericano es la sostenibilidad de los Andes.&nbsp;<\/p>\n\n\n\n<p>\u00b7&nbsp;&nbsp;<strong>Ciencia e inclusi\u00f3n<\/strong>. En el pabell\u00f3n tambi\u00e9n se abordar\u00e1 el papel de la ciencia para impulsar una biodiversidad positiva. Esa colaboraci\u00f3n entre ciencia, sociedad y pol\u00edticas p\u00fablicas es esencial para enfrentar la crisis de biodiversidad.&nbsp;<\/p>\n\n\n\n<p>\u00b7&nbsp;&nbsp;Este ser\u00e1 tambi\u00e9n un espacio para promover la&nbsp;<strong>inclusi\u00f3n de las comunidades ind\u00edgenas y afro<\/strong>, que son las que est\u00e1n en el centro de nuestra acci\u00f3n, y simbolizan lo que queremos que sea este espacio: un lugar de encuentro e integraci\u00f3n en donde se escuchen todas las voces para la construcci\u00f3n de soluciones.&nbsp;<\/p>\n\n\n\n<p><\/p>\n\n\n\n<p>\u00b7&nbsp;<strong>Ciudades sostenibles<\/strong>&nbsp;<strong>y s<\/strong><strong>oluciones desde los gobiernos locales<\/strong>&nbsp;para los problemas de biodiversidad. M\u00e1s de una docena de aliados tendr\u00e1n aqu\u00ed sus eventos, resaltando el enorme valor de la cooperaci\u00f3n.<\/p>\n\n\n\n<p><\/p>\n","protected":false},"excerpt":{"rendered":"<p>En la inauguraci\u00f3n del Pabell\u00f3n de Am\u00e9rica Latina y el Caribe en la COP16 de Cali, CAF anunci\u00f3 un programa de USD 300 millones para&nbsp;conservar y restaurar los ecosistemas estrat\u00e9gicos clave de la regi\u00f3n,&nbsp;como&nbsp;la Amazon\u00eda, los bosques Atl\u00e1nticos, el Pantanal, el Chaco, la Patagonia, la Ant\u00e1rtida y la Corriente de Humboldt, entre otros. El proyecto [&hellip;]<\/p>\n","protected":false},"author":28,"featured_media":568358,"comment_status":"closed","ping_status":"closed","sticky":false,"template":"","format":"standard","meta":{"footnotes":""},"categories":[36,23],"tags":[474,553],"class_list":["post-568291","post","type-post","status-publish","format-standard","has-post-thumbnail","hentry","category-hombresmujeresycosas","category-internacional","tag-caf","tag-cop16"],"_links":{"self":[{"href":"https:\/\/diariodominicano.com\/index.php?rest_route=\/wp\/v2\/posts\/568291","targetHints":{"allow":["GET"]}}],"collection":[{"href":"https:\/\/diariodominicano.com\/index.php?rest_route=\/wp\/v2\/posts"}],"about":[{"href":"https:\/\/diariodominicano.com\/index.php?rest_route=\/wp\/v2\/types\/post"}],"author":[{"embeddable":true,"href":"https:\/\/diariodominicano.com\/index.php?rest_route=\/wp\/v2\/users\/28"}],"replies":[{"embeddable":true,"href":"https:\/\/diariodominicano.com\/index.php?rest_route=%2Fwp%2Fv2%2Fcomments&post=568291"}],"version-history":[{"count":2,"href":"https:\/\/diariodominicano.com\/index.php?rest_route=\/wp\/v2\/posts\/568291\/revisions"}],"predecessor-version":[{"id":568361,"href":"https:\/\/diariodominicano.com\/index.php?rest_route=\/wp\/v2\/posts\/568291\/revisions\/568361"}],"wp:featuredmedia":[{"embeddable":true,"href":"https:\/\/diariodominicano.com\/index.php?rest_route=\/wp\/v2\/media\/568358"}],"wp:attachment":[{"href":"https:\/\/diariodominicano.com\/index.php?rest_route=%2Fwp%2Fv2%2Fmedia&parent=568291"}],"wp:term":[{"taxonomy":"category","embeddable":true,"href":"https:\/\/diariodominicano.com\/index.php?rest_route=%2Fwp%2Fv2%2Fcategories&post=568291"},{"taxonomy":"post_tag","embeddable":true,"href":"https:\/\/diariodominicano.com\/index.php?rest_route=%2Fwp%2Fv2%2Ftags&post=568291"}],"curies":[{"name":"wp","href":"https:\/\/api.w.org\/{rel}","templated":true}]}}